{"id":267927,"date":"2024-10-31T16:08:00","date_gmt":"2024-10-31T16:08:00","guid":{"rendered":"https:\/\/www.studio.eklozia.fr\/bocauxco\/?p=267927"},"modified":"2026-03-25T16:10:55","modified_gmt":"2026-03-25T16:10:55","slug":"infolettre-n21-31-octobre-2024-2","status":"publish","type":"post","link":"https:\/\/www.studio.eklozia.fr\/bocauxco\/infolettre-n21-31-octobre-2024-2\/","title":{"rendered":"Infolettre n\u00b021 -31 octobre 2024"},"content":{"rendered":"\n<h2 class=\"wp-block-heading\">Cet automne lumineux marque un nouveau tournant pour Bocaux&amp;co.<\/h2>\n\n\n\n<h2 class=\"wp-block-heading\">Le changement d\u2019\u00e9chelle ne se fera pas maintenant<\/h2>\n\n\n\n<p>Dans notre infolettre de juin, nous pr\u00e9sentions les d\u00e9marches en cours pour changer d\u2019\u00e9chelle, avec notamment la cr\u00e9ation d\u2019une coop\u00e9rative de professionnels. Celle-ci \u00e9tait conditionn\u00e9e \u00e0 l\u2019obtention de financements de la part des \u00e9co-organismes en charge de la REP Emballages m\u00e9nagers. Nous n\u2019avons pas obtenu ces financements, ce qui implique que le changement d\u2019\u00e9chelle ne se fera pas maintenant.<\/p>\n\n\n\n<p>Le 14 octobre, les membres du Conseil d\u2019administration de Bocaux&amp;co ont act\u00e9 la mise en sommeil du projet de changement d\u2019\u00e9chelle. En accord avec les b\u00e9n\u00e9voles, ils ont d\u00e9cid\u00e9 de poursuivre les activit\u00e9s b\u00e9n\u00e9voles de Bocaux&amp;co&nbsp;: vente, lavage \u00e0 fa\u00e7on, animation. L\u2019organisation du circuit de r\u00e9emploi (collecte, stockage\u2026) sera adapt\u00e9e aux moyens financiers et humains disponibles.<\/p>\n\n\n\n<p>Nous poursuivons donc notre mission d\u2019accompagnement au changement des pratiques, \u00e0 une \u00e9chelle plus modeste mais toujours concr\u00e8te, tout en r\u00e9organisant notre fonctionnement pour l\u2019all\u00e9ger financi\u00e8rement et humainement. Cela passe notamment par le fait de recentrer notre activit\u00e9 dans la boutique-atelier, y compris pour la collecte, le tri et le stockage.<\/p>\n\n\n\n<h2 class=\"wp-block-heading\">2 op\u00e9rations de d\u00e9stockage en novembre<\/h2>\n\n\n\n<figure class=\"wp-block-image\"><img decoding=\"async\" src=\"https:\/\/newsletter.storage5.infomaniak.com\/images\/2024-10-31\/67233dde6358e.png\" alt=\"\"\/><\/figure>\n\n\n\n<p>Aussi, afin de r\u00e9duire le stock encore chez notre partenaire Envie, nous organisons 2 op\u00e9rations de d\u00e9stockage r\u00e9serv\u00e9es aux adh\u00e9rent.e.s de Bocaux&amp;co&nbsp;:<\/p>\n\n\n\n<ul class=\"wp-block-list\">\n<li><strong>mercredi 6 novembre de 9h30 \u00e0 12h<\/strong><\/li>\n<\/ul>\n\n\n\n<ul class=\"wp-block-list\">\n<li><strong>mercredi 20 novembre de 13h30 \u00e0 16h<\/strong><\/li>\n<\/ul>\n\n\n\n<p><strong>Rendez-vous directement dans notre espace de stockage, chez notre partenaire Envie, 4 rue de Romelet \u00e0 Longvic<\/strong><\/p>\n\n\n\n<ul class=\"wp-block-list\">\n<li>vente de <strong>bocaux<\/strong> (non lav\u00e9s \/ 0,20 \u20ac pi\u00e8ce, 0,10\u20ac pour les pots de yaourts)<\/li>\n<\/ul>\n\n\n\n<ul class=\"wp-block-list\">\n<li>vente de <strong>cagettes<\/strong> plastique\/bois (prix libre)<\/li>\n<\/ul>\n\n\n\n<p><strong>Ces offres sont r\u00e9serv\u00e9es \u00e0 nos adh\u00e9rent.e.s mais il est bien s\u00fbr possible d\u2019adh\u00e9rer sur place (prix libre).<\/strong><\/p>\n\n\n\n<p><em>Ces deux cr\u00e9neaux seront \u00e9galement l\u2019occasion pour les b\u00e9n\u00e9voles de trier et ranger le stock. Si vous voulez y contribuer, merci de vous signaler au pr\u00e9alable \u00e0 <\/em><a href=\"mailto:animation@bocaux-and-co.fr\"><em>animation@bocaux-and-co.fr<\/em><\/a><\/p>\n\n\n\n<h4 class=\"wp-block-heading\">Ce tournant n\u2019est pas anodin. Il t\u00e9moigne de notre volont\u00e9, toujours intacte, de contribuer au d\u00e9veloppement du r\u00e9emploi en s\u2019appuyant sur des activit\u00e9s concr\u00e8tes qui permettent de f\u00e9d\u00e9rer professionnel.le.s et citoyen.ne.s autour de l\u2019usage du bocal.<\/h4>\n\n\n\n<p><strong>Au plaisir de vous voir\/lire\/entendre pour \u00e9crire ensemble ce nouveau chapitre de l\u2019aventure Bocaux&amp;co ! \ud83d\ude0a<\/strong><\/p>\n\n\n\n<div class=\"wp-block-buttons is-layout-flex wp-block-buttons-is-layout-flex\">\n<div class=\"wp-block-button\"><a class=\"wp-block-button__link wp-element-button\">Adh\u00e9rer<\/a><\/div>\n<\/div>\n\n\n\n<figure class=\"wp-block-image\"><img decoding=\"async\" width=\"300\" height=\"65\" src=\"https:\/\/www.studio.eklozia.fr\/bocauxco\/wp-content\/uploads\/2024\/06\/logo-partenaire-300x65.png\" alt=\"\" class=\"wp-image-33556\"\/><\/figure>\n","protected":false},"excerpt":{"rendered":"<p>Cet automne lumineux marque un nouveau tournant pour Bocaux&amp;co. Le changement d\u2019\u00e9chelle ne se fera pas maintenant Dans notre infolettre de juin, nous pr\u00e9sentions les d\u00e9marches en cours pour changer d\u2019\u00e9chelle, avec notamment la cr\u00e9ation d\u2019une coop\u00e9rative de professionnels. Celle-ci \u00e9tait conditionn\u00e9e \u00e0 l\u2019obtention de financements de la part des \u00e9co-organismes en charge de la [&hellip;]<\/p>\n","protected":false},"author":1,"featured_media":33584,"comment_status":"open","ping_status":"open","sticky":false,"template":"","format":"standard","meta":{"_et_pb_use_builder":"","_et_pb_old_content":"","_et_gb_content_width":"","footnotes":""},"categories":[36],"tags":[],"class_list":["post-267927","post","type-post","status-publish","format-standard","has-post-thumbnail","hentry","category-infolettre"],"_links":{"self":[{"href":"https:\/\/www.studio.eklozia.fr\/bocauxco\/wp-json\/wp\/v2\/posts\/267927","targetHints":{"allow":["GET"]}}],"collection":[{"href":"https:\/\/www.studio.eklozia.fr\/bocauxco\/wp-json\/wp\/v2\/posts"}],"about":[{"href":"https:\/\/www.studio.eklozia.fr\/bocauxco\/wp-json\/wp\/v2\/types\/post"}],"author":[{"embeddable":true,"href":"https:\/\/www.studio.eklozia.fr\/bocauxco\/wp-json\/wp\/v2\/users\/1"}],"replies":[{"embeddable":true,"href":"https:\/\/www.studio.eklozia.fr\/bocauxco\/wp-json\/wp\/v2\/comments?post=267927"}],"version-history":[{"count":2,"href":"https:\/\/www.studio.eklozia.fr\/bocauxco\/wp-json\/wp\/v2\/posts\/267927\/revisions"}],"predecessor-version":[{"id":267929,"href":"https:\/\/www.studio.eklozia.fr\/bocauxco\/wp-json\/wp\/v2\/posts\/267927\/revisions\/267929"}],"wp:featuredmedia":[{"embeddable":true,"href":"https:\/\/www.studio.eklozia.fr\/bocauxco\/wp-json\/wp\/v2\/media\/33584"}],"wp:attachment":[{"href":"https:\/\/www.studio.eklozia.fr\/bocauxco\/wp-json\/wp\/v2\/media?parent=267927"}],"wp:term":[{"taxonomy":"category","embeddable":true,"href":"https:\/\/www.studio.eklozia.fr\/bocauxco\/wp-json\/wp\/v2\/categories?post=267927"},{"taxonomy":"post_tag","embeddable":true,"href":"https:\/\/www.studio.eklozia.fr\/bocauxco\/wp-json\/wp\/v2\/tags?post=267927"}],"curies":[{"name":"wp","href":"https:\/\/api.w.org\/{rel}","templated":true}]}}