{"id":267930,"date":"2024-05-06T16:12:00","date_gmt":"2024-05-06T16:12:00","guid":{"rendered":"https:\/\/www.studio.eklozia.fr\/bocauxco\/?p=267930"},"modified":"2026-03-25T16:15:08","modified_gmt":"2026-03-25T16:15:08","slug":"infolettre-n19-06-mai-2024-2","status":"publish","type":"post","link":"https:\/\/www.studio.eklozia.fr\/bocauxco\/infolettre-n19-06-mai-2024-2\/","title":{"rendered":"Infolettre n\u00b019 \u2013 06 mai 2024"},"content":{"rendered":"\n<h2 class=\"wp-block-heading\"><strong>L\u2019aventure se poursuit<\/strong><\/h2>\n\n\n\n<p>Dans le pr\u00e9c\u00e9dent num\u00e9ro de l\u2019infolettre, nous vous annoncions le programme de l\u2019ann\u00e9e&nbsp;: la pr\u00e9paration d\u2019un nouveau mod\u00e8le selon deux axes :&nbsp;<\/p>\n\n\n\n<ul class=\"wp-block-list\">\n<li><strong><mark>Bocaux&amp;co,<\/mark> <\/strong>association pour l\u2019accompagnement au changement des pratiques des citoyens<\/li>\n\n\n\n<li><strong><mark>l\u2019Entre\u2019pots,<\/mark> <\/strong>coop\u00e9rative du r\u00e9emploi de bocaux entre pros\u00a0<\/li>\n<\/ul>\n\n\n\n<p>Bocaux&amp;co travaille donc \u00e0 d\u00e9finir <strong>les modalit\u00e9s financi\u00e8res et organisationnelles de ce nouveau mod\u00e8le, en coop\u00e9ration \u00e9troite<\/strong> avec les professionnels qui s\u2019engagent dans le r\u00e9emploi, les partenaires institutionnels et financiers, les r\u00e9seaux r\u00e9gionaux et nationaux.<\/p>\n\n\n\n<p>Pour valoriseret encourager cette dynamique coop\u00e9rative, Bocaux&amp;co a notamment \u00e9t\u00e9 mis \u00e0 l\u2019honneur par l\u2019ADEME via la vid\u00e9o ci-dessous :<video height=\"680\" width=\"1920\" controls=\"controls\" src=\"https:\/\/www.studio.eklozia.fr\/bocauxco\/wp-content\/uploads\/2024\/04\/8.film_cooperation_ademe_bfc_-_bocaux__co_v3-1080p.mp4\"><\/video><\/p>\n\n\n\n<p><strong>Vous avez peut-\u00eatre constat\u00e9 que le r\u00e9emploi devient (enfin) un vrai sujet :<\/strong> &nbsp;&nbsp;<\/p>\n\n\n\n<p>&nbsp; \u2013&nbsp;<mark><strong>au niveau national<\/strong>&nbsp;:<\/mark>&nbsp;des premiers mod\u00e8les standards de bocaux devraient arriver sur le march\u00e9 en fin d\u2019ann\u00e9e, des financements des \u00e9co-organismes qui g\u00e8rent la fili\u00e8re des emballages en verre vont soutenir le r\u00e9emploi.<\/p>\n\n\n\n<p>&nbsp;&nbsp;&nbsp; \u2013<mark>&nbsp;<strong>en Bourgogne Franche Comt\u00e9<\/strong>&nbsp;:<\/mark> le 1er RDV r\u00e9gional du r\u00e9emploi en novembre 2023 a permis d\u2019impulser des collectifs de travail pour \u0153uvrer ensemble au d\u00e9veloppement du r\u00e9emploi, une \u00e9tude est en cours pour d\u00e9velopper des solutions de lavage \u00e0 l\u2019\u00e9chelle du territoire\u2026 Le contexte devient donc de plus en plus favorable pour Bocaux&amp;co, pr\u00e9curseur du r\u00e9emploi sur le territoire.<\/p>\n\n\n\n<h2 class=\"wp-block-heading\"><strong>Bocaux&amp;co reconnu d\u2019int\u00e9r\u00eat g\u00e9n\u00e9ral<\/strong><\/h2>\n\n\n\n<p>Oui, Bocaux&amp;co est ravi de vous informer que l\u2019association vient d\u2019\u00eatre&nbsp;<strong>reconnue d\u2019int\u00e9r\u00eat g\u00e9n\u00e9ral<\/strong>. C\u2019est une belle reconnaissance de l\u2019action de l\u2019association qui accompagne le d\u00e9veloppement du r\u00e9emploi des bocaux sur la m\u00e9tropole dijonnaise, et contribue donc \u00e0 l\u2019\u00e9cosyst\u00e8me local dans l\u2019int\u00e9r\u00eat de nous tou.te.s et de notre territoire.<\/p>\n\n\n\n<p>Elle vient confirmer le slogan de Bocaux&amp;co :&nbsp;<mark><strong>ensemble, citoyens + professionnels + collectivit\u00e9s, faisons du bocal une richesse pour notre territoire<\/strong><\/mark><\/p>\n\n\n\n<p>C\u2019est aussi une opportunit\u00e9 pour les adh\u00e9rent.e.s et m\u00e9c\u00e8nes de pouvoir d\u00e9duire leurs contributions financi\u00e8res de leurs imp\u00f4ts \ud83d\ude09 Une raison de plus d\u2019adh\u00e9rer ou faire un don \u00e0 Bocaux&amp;co \ud83d\ude09 <a href=\"https:\/\/bocauxandco.statslive.info\/c\/6101143704\/eyJpdiI6Im9jTU82bzBsdURuVTNRVE01aUxtYzA5ZUxVNnVSemx2YnZIUXV6Y0Q0OVE9IiwibWFjIjoiOWM2ZjdkY2JhMzRiNDUyOGU0YTlkNDhkZmUzZGM3OGRjNzFmYTUxYjkwMGNjZDE5NTYyNzk0OGU1NjUyYzM2MyIsInZhbHVlIjoiSkNoaGtBQ1FhVTdKTXgxK0ZYUTVjWWZmdVwvWnBHMWhaalNcL2ZDWFQyU3kwPSJ9\" rel=\"noreferrer noopener nofollow\" target=\"_blank\">ADH\u00c9SION<\/a><\/p>\n\n\n\n<h2 class=\"wp-block-heading\"><strong>Assembl\u00e9e G\u00e9n\u00e9rale Ordinaire le 15 mai 2024<\/strong><\/h2>\n\n\n\n<p>Ces sujets seront bien s\u00fbr \u00e9voqu\u00e9s lors de l\u2019assembl\u00e9e g\u00e9n\u00e9rale de Bocaux&amp;co qui aura lieu&nbsp;<strong>le mercredi 15 mai \u00e0 18h00<\/strong> dans la boutique atelier de Bocaux&amp;co au 9 rue Maurice Ravel | Dijon<\/p>\n\n\n\n<p>Ce sera aussi l\u2019occasion d\u2019\u00e9voquer 2023 et 2024, puisque Bocaux&amp;co continue ses activit\u00e9s : vente\/location de bocaux, consigne pour la vente \u00e0 emporter et animations.<\/p>\n\n\n\n<p>Si vous n\u2019\u00eates pas (encore \ud83d\ude09 adh\u00e9rent.e, vous \u00eates bienvenu.e pour vous joindre \u00e0 nous pour ce temps d\u2019\u00e9change qui vous permettra d\u2019en savoir plus. Dans ce cas, merci de nous informer de votre pr\u00e9sence.<\/p>\n\n\n\n<p><strong><mark>Un grand merci pour votre int\u00e9r\u00eat et votre soutien&nbsp;<\/mark><\/strong>\ud83d\ude0a<\/p>\n","protected":false},"excerpt":{"rendered":"<p>L\u2019aventure se poursuit Dans le pr\u00e9c\u00e9dent num\u00e9ro de l\u2019infolettre, nous vous annoncions le programme de l\u2019ann\u00e9e&nbsp;: la pr\u00e9paration d\u2019un nouveau mod\u00e8le selon deux axes :&nbsp; Bocaux&amp;co travaille donc \u00e0 d\u00e9finir les modalit\u00e9s financi\u00e8res et organisationnelles de ce nouveau mod\u00e8le, en coop\u00e9ration \u00e9troite avec les professionnels qui s\u2019engagent dans le r\u00e9emploi, les partenaires institutionnels et financiers, [&hellip;]<\/p>\n","protected":false},"author":1,"featured_media":33600,"comment_status":"open","ping_status":"open","sticky":false,"template":"","format":"standard","meta":{"_et_pb_use_builder":"","_et_pb_old_content":"","_et_gb_content_width":"","footnotes":""},"categories":[36],"tags":[],"class_list":["post-267930","post","type-post","status-publish","format-standard","has-post-thumbnail","hentry","category-infolettre"],"_links":{"self":[{"href":"https:\/\/www.studio.eklozia.fr\/bocauxco\/wp-json\/wp\/v2\/posts\/267930","targetHints":{"allow":["GET"]}}],"collection":[{"href":"https:\/\/www.studio.eklozia.fr\/bocauxco\/wp-json\/wp\/v2\/posts"}],"about":[{"href":"https:\/\/www.studio.eklozia.fr\/bocauxco\/wp-json\/wp\/v2\/types\/post"}],"author":[{"embeddable":true,"href":"https:\/\/www.studio.eklozia.fr\/bocauxco\/wp-json\/wp\/v2\/users\/1"}],"replies":[{"embeddable":true,"href":"https:\/\/www.studio.eklozia.fr\/bocauxco\/wp-json\/wp\/v2\/comments?post=267930"}],"version-history":[{"count":2,"href":"https:\/\/www.studio.eklozia.fr\/bocauxco\/wp-json\/wp\/v2\/posts\/267930\/revisions"}],"predecessor-version":[{"id":267932,"href":"https:\/\/www.studio.eklozia.fr\/bocauxco\/wp-json\/wp\/v2\/posts\/267930\/revisions\/267932"}],"wp:featuredmedia":[{"embeddable":true,"href":"https:\/\/www.studio.eklozia.fr\/bocauxco\/wp-json\/wp\/v2\/media\/33600"}],"wp:attachment":[{"href":"https:\/\/www.studio.eklozia.fr\/bocauxco\/wp-json\/wp\/v2\/media?parent=267930"}],"wp:term":[{"taxonomy":"category","embeddable":true,"href":"https:\/\/www.studio.eklozia.fr\/bocauxco\/wp-json\/wp\/v2\/categories?post=267930"},{"taxonomy":"post_tag","embeddable":true,"href":"https:\/\/www.studio.eklozia.fr\/bocauxco\/wp-json\/wp\/v2\/tags?post=267930"}],"curies":[{"name":"wp","href":"https:\/\/api.w.org\/{rel}","templated":true}]}}