{"id":267988,"date":"2025-07-04T15:10:59","date_gmt":"2025-07-04T15:10:59","guid":{"rendered":"https:\/\/www.studio.eklozia.fr\/bocauxco\/?p=267988"},"modified":"2026-03-31T15:13:57","modified_gmt":"2026-03-31T15:13:57","slug":"infolettre-n21-31-octobre-2024-2-2-2","status":"publish","type":"post","link":"https:\/\/www.studio.eklozia.fr\/bocauxco\/infolettre-n21-31-octobre-2024-2-2-2\/","title":{"rendered":"Infolettre n\u00b023 &#8211; du 4 juillet 2025"},"content":{"rendered":"\n<h2 class=\"wp-block-heading\"><strong>C&rsquo;est d\u00e9j\u00e0 l&rsquo;\u00e9t\u00e9 !<\/strong><\/h2>\n\n\n\n<p>Avant de <strong>fermer boutique du 17 juillet au 19 ao\u00fbt<\/strong> pour une pause estivale bien m\u00e9rit\u00e9e pour tou.te.s les b\u00e9n\u00e9voles qui \u0153uvrent \u00e0 Bocaux&amp;co, voici quelques infos.<\/p>\n\n\n\n<h2 class=\"wp-block-heading\"><strong>Un joli taux de r\u00e9emploi<\/strong><\/h2>\n\n\n\n<p>Nous poursuivons toujours notre activit\u00e9 de r\u00e9emploi et voici les chiffres en date du 30 juin &nbsp;:<\/p>\n\n\n\n<p>Le taux de r\u00e9emploi (r\u00e9mploy\u00e9s\/collect\u00e9s) s\u2019\u00e9l\u00e8ve \u00e0 pr\u00e8s de <strong>58 %<\/strong>&nbsp;: un tr\u00e8s joli r\u00e9sultat dont nous pouvons \u00eatre fier.e.s&nbsp;\ud83d\ude0a<\/p>\n\n\n\n<p>Bien s\u00fbr, on peut voir le verre (euh, le bocal \ud83d\ude09) \u00e0 moiti\u00e9 vide : par rapport aux 13 millions de bocaux qui circulent annuellement sur la M\u00e9tropole dijonnaise, c\u2019est tr\u00e8s peu.<\/p>\n\n\n\n<p>Mais si on regarde le bocal \u00e0 moiti\u00e9 plein&nbsp;: c\u2019est plus de <strong>11 tonnes de verre qui ont \u00e9chapp\u00e9 au recyclage<\/strong>&nbsp;!<\/p>\n\n\n\n<h2 class=\"wp-block-heading\"><strong>Un beau programme d&rsquo;ateliers en 2025<\/strong><\/h2>\n\n\n\n<p>Nous avons organis\u00e9 11 ateliers depuis janvier, soit au moins 80 personnes qui ont particip\u00e9 \u00e0 un temps d\u2019\u00e9changes sur des pratiques li\u00e9es \u00e0 l\u2019usage du bocal.<\/p>\n\n\n\n<p>D\u2019ici d\u00e9cembre, voici les <strong>ateliers programm\u00e9s dans notre boutique-atelier<\/strong>&nbsp;:<\/p>\n\n\n\n<figure class=\"wp-block-table\"><table class=\"has-fixed-layout\"><tbody><tr><td><strong>Date<\/strong><\/td><td><strong>Th\u00e8me<\/strong><\/td><td><strong>Publics<\/strong><\/td><td><strong>Inscription<\/strong><\/td><td><strong>Tarif<\/strong><\/td><\/tr><tr><td>17 septembre 14h\/17h&nbsp;<\/td><td><strong>Lacto-fermentation<\/strong><\/td><td>Habitant.e.s de la M\u00e9tropole dijonnaise<\/td><td>Dijon M\u00e9tropole*<\/td><td>gratuit<\/td><\/tr><tr><td>24 septembre 16h\/17h30<\/td><td><strong>Sensibilisation au r\u00e9emploi<\/strong><\/td><td>Adh\u00e9rent.e.s de Bocaux&amp;co<\/td><td>animation@bocaux-and-co.fr<\/td><td>prix libre<\/td><\/tr><tr><td>1<sup>er<\/sup> octobre&nbsp; 14h\/17h<\/td><td><strong>Pasteurisation&nbsp;: sauce tomate<\/strong><\/td><td>Habitants de la M\u00e9tropole dijonnaise<\/td><td>Dijon M\u00e9tropole*<\/td><td>gratuit<\/td><\/tr><tr><td>15 octobre 16h\/17h30<\/td><td><strong>Conserve&nbsp;: courgettes\/curcuma<\/strong><\/td><td>Adh\u00e9rent.e.s de Bocaux&amp;co<\/td><td>animation@bocaux-and-co.fr<\/td><td>prix libre<\/td><\/tr><tr><td>5 novembre 16h\/17h30<\/td><td><strong>Conserve&nbsp;: champignons<\/strong><\/td><td>Adh\u00e9rent.e.s de Bocaux&amp;co<\/td><td>animation@bocaux-and-co.fr<\/td><td>prix libre<\/td><\/tr><tr><td>19 novembre 14h\/17h<\/td><td><strong>Lacto-fermentation<\/strong><\/td><td>Habitants de la M\u00e9tropole dijonnaise<\/td><td>Dijon M\u00e9tropole*<\/td><td>gratuit<\/td><\/tr><tr><td>10 d\u00e9cembre 16h\/17h30<\/td><td><strong>D\u00e9co : bocaux de No\u00ebl<\/strong><\/td><td>Adh\u00e9rent.e.s de Bocaux&amp;co<\/td><td>animation@bocaux-and-co.fr<\/td><td>prix libre<\/td><\/tr><\/tbody><\/table><\/figure>\n\n\n\n<p>* inscriptions possibles 10 jours avant l\u2019atelier sur <a href=\"https:\/\/www.trionsnosdechets-dijon.fr\/actualites-evenements\/\" rel=\"nofollow noopener\" target=\"_blank\">https:\/\/www.trionsnosdechets-dijon.fr\/actualites-evenements\/<\/a><\/p>\n\n\n\n<p>Nous animerons \u00e9galement des <strong>ateliers dans les Communaut\u00e9s de Communes Auxonne-Pontailler et Semur-Pr\u00e9cy<\/strong>.<\/p>\n\n\n\n<p>Un grand merci aux animatrices et animateurs des ateliers Bocaux&amp;co et partagent leurs connaissances, leurs pratiques et leur enthousiasme \ud83d\ude0a<\/p>\n\n\n\n<figure class=\"wp-block-image\"><img decoding=\"async\" src=\"https:\/\/newsletter.storage5.infomaniak.com\/images\/2025-07-03\/6866318e8f37f.png\" alt=\"\"\/><\/figure>\n\n\n\n<h2 class=\"wp-block-heading\"><strong>Vous avez besoin de bocaux pour vos conserves estivales ?<\/strong><\/h2>\n\n\n\n<p>N&rsquo;h\u00e9sitez pas \u00e0 venir vous approvisionner en bocaux r\u00e9employ\u00e9s les mercredis 9 et 16 juillet (de 14h \u00e0 18h). Sinon, il vous faudra patienter&#8230; jusqu&rsquo;au mercredi 20 ao\u00fbt \ud83d\ude09<\/p>\n\n\n\n<p><strong>Tr\u00e8s bel \u00e9t\u00e9 \u00e0 chacun.e de vous !<\/strong><\/p>\n\n\n\n<div class=\"wp-block-buttons is-layout-flex wp-block-buttons-is-layout-flex\">\n<div class=\"wp-block-button\"><a class=\"wp-block-button__link wp-element-button\">Adh\u00e9rer<\/a><\/div>\n<\/div>\n\n\n\n<figure class=\"wp-block-image\"><img decoding=\"async\" width=\"300\" height=\"65\" src=\"https:\/\/www.studio.eklozia.fr\/bocauxco\/wp-content\/uploads\/2024\/06\/logo-partenaire-300x65.png\" alt=\"\" class=\"wp-image-33556\"\/><\/figure>\n","protected":false},"excerpt":{"rendered":"<p>C&rsquo;est d\u00e9j\u00e0 l&rsquo;\u00e9t\u00e9 ! Avant de fermer boutique du 17 juillet au 19 ao\u00fbt pour une pause estivale bien m\u00e9rit\u00e9e pour tou.te.s les b\u00e9n\u00e9voles qui \u0153uvrent \u00e0 Bocaux&amp;co, voici quelques infos. Un joli taux de r\u00e9emploi Nous poursuivons toujours notre activit\u00e9 de r\u00e9emploi et voici les chiffres en date du 30 juin &nbsp;: Le taux [&hellip;]<\/p>\n","protected":false},"author":2,"featured_media":267991,"comment_status":"open","ping_status":"open","sticky":false,"template":"","format":"standard","meta":{"_et_pb_use_builder":"","_et_pb_old_content":"","_et_gb_content_width":"","footnotes":""},"categories":[36],"tags":[],"class_list":["post-267988","post","type-post","status-publish","format-standard","has-post-thumbnail","hentry","category-infolettre"],"_links":{"self":[{"href":"https:\/\/www.studio.eklozia.fr\/bocauxco\/wp-json\/wp\/v2\/posts\/267988","targetHints":{"allow":["GET"]}}],"collection":[{"href":"https:\/\/www.studio.eklozia.fr\/bocauxco\/wp-json\/wp\/v2\/posts"}],"about":[{"href":"https:\/\/www.studio.eklozia.fr\/bocauxco\/wp-json\/wp\/v2\/types\/post"}],"author":[{"embeddable":true,"href":"https:\/\/www.studio.eklozia.fr\/bocauxco\/wp-json\/wp\/v2\/users\/2"}],"replies":[{"embeddable":true,"href":"https:\/\/www.studio.eklozia.fr\/bocauxco\/wp-json\/wp\/v2\/comments?post=267988"}],"version-history":[{"count":3,"href":"https:\/\/www.studio.eklozia.fr\/bocauxco\/wp-json\/wp\/v2\/posts\/267988\/revisions"}],"predecessor-version":[{"id":267994,"href":"https:\/\/www.studio.eklozia.fr\/bocauxco\/wp-json\/wp\/v2\/posts\/267988\/revisions\/267994"}],"wp:featuredmedia":[{"embeddable":true,"href":"https:\/\/www.studio.eklozia.fr\/bocauxco\/wp-json\/wp\/v2\/media\/267991"}],"wp:attachment":[{"href":"https:\/\/www.studio.eklozia.fr\/bocauxco\/wp-json\/wp\/v2\/media?parent=267988"}],"wp:term":[{"taxonomy":"category","embeddable":true,"href":"https:\/\/www.studio.eklozia.fr\/bocauxco\/wp-json\/wp\/v2\/categories?post=267988"},{"taxonomy":"post_tag","embeddable":true,"href":"https:\/\/www.studio.eklozia.fr\/bocauxco\/wp-json\/wp\/v2\/tags?post=267988"}],"curies":[{"name":"wp","href":"https:\/\/api.w.org\/{rel}","templated":true}]}}