{"id":267999,"date":"2025-11-30T15:25:25","date_gmt":"2025-11-30T15:25:25","guid":{"rendered":"https:\/\/www.studio.eklozia.fr\/bocauxco\/?p=267999"},"modified":"2026-03-31T15:29:54","modified_gmt":"2026-03-31T15:29:54","slug":"infolettre-n21-31-octobre-2024-2-2-2-2-2","status":"publish","type":"post","link":"https:\/\/www.studio.eklozia.fr\/bocauxco\/infolettre-n21-31-octobre-2024-2-2-2-2-2\/","title":{"rendered":"Infolettre n\u00b026 &#8211; du 30 novembre 2025"},"content":{"rendered":"\n<h2 class=\"wp-block-heading\"><strong>D\u00e9j\u00e0 le dernier jour de novembre !<\/strong><\/h2>\n\n\n\n<p>C&rsquo;est le dernier jour de la <a href=\"https:\/\/epargnonsnosressources.gouv.fr\/actualites\/serd\/\" rel=\"nofollow noopener\" target=\"_blank\">Semaine europ\u00e9enne de r\u00e9duction des d\u00e9chets<\/a>, qui promeut les diff\u00e9rentes pistes pour r\u00e9duire les d\u00e9chets : le r\u00e9emploi en fait bien s\u00fbr partie <img decoding=\"async\" src=\"https:\/\/static.xx.fbcdn.net\/images\/emoji.php\/v9\/t57\/1\/16\/1f609.png\" alt=\"\ud83d\ude09\" width=\"16\" height=\"16\"><\/p>\n\n\n\n<p>Gr\u00e2ce \u00e0 la dynamique lanc\u00e9e par <a href=\"https:\/\/www.facebook.com\/bocauxandcodijon?__cft__%5B0%5D=AZVhXpKAwUdmVP0xT8RVWpefy23Q9vkWn4V5NxMBVujPf4BipaBZqpAvAnPvLE_ELc3DjIRWtmqQKiF541SqnLL4x_b7pgOYMaQG3YGLLkJvZAy5pCvLCW0_5gbtCVXR3M1OsY1UXqg0sAkmWWpKdPGe&amp;__tn__=-%5DK-R\" target=\"_blank\" rel=\"noreferrer noopener nofollow\">bocaux&amp;co<\/a> depuis septembre 2021, ce sont pr\u00e8s de 61 000 bocaux, soit plus de <strong>13 tonnes de verre<\/strong> qui ont \u00e9vit\u00e9 le recyclage, si \u00e9nergivore en ce qui concerne le verre.<\/p>\n\n\n\n<p>Tout cela est rendu possible gr\u00e2ce \u00e0 nous tou\u00b7te\u00b7s : celles et ceux qui :<\/p>\n\n\n\n<p>-&gt; gardent leurs bocaux et les d\u00e9posent dans nos points de collecte,&nbsp;<\/p>\n\n\n\n<p>-&gt; oeuvrent b\u00e9n\u00e9volement pour les trier, laver et conditionner,<\/p>\n\n\n\n<p>-&gt; font le choix d&rsquo;acheter des bocaux r\u00e9employ\u00e9s plut\u00f4t que neufs.<\/p>\n\n\n\n<p>Merci et bravo \u00e0 nous tou\u00b7tes !!!<\/p>\n\n\n\n<figure class=\"wp-block-image\"><img decoding=\"async\" src=\"https:\/\/newsletter.storage5.infomaniak.com\/images\/2025-11-29\/692b3b47b5103.jpg\" alt=\"\"\/><\/figure>\n\n\n\n<h2 class=\"wp-block-heading\"><strong>La fin d&rsquo;ann\u00e9e approche et No\u00ebl aussi&#8230;<\/strong><\/h2>\n\n\n\n<p>Aussi, notre dernier atelier de l&rsquo;ann\u00e9e sera consacr\u00e9 \u00e0 la fabrication de d\u00e9corations de No\u00ebl, en utilisant bien s\u00fbr des bocaux r\u00e9employ\u00e9s <img decoding=\"async\" src=\"https:\/\/static.xx.fbcdn.net\/images\/emoji.php\/v9\/t55\/1\/16\/1f607.png\" alt=\"\ud83d\ude07\" width=\"16\" height=\"16\"><\/p>\n\n\n\n<p>Au programme : <strong>r\u00e9alisation de boules \u00e0 neige et de photophores<\/strong>.<\/p>\n\n\n\n<p>Cet atelier est propos\u00e9 aux adh\u00e9rent.e.s de l&rsquo;association (il est encore temps d&rsquo;adh\u00e9rer en ligne <a href=\"https:\/\/bocaux-co.assoconnect.com\/collect\/description\/182771-g-bocaux-co?fbclid=IwZXh0bgNhZW0CMTAAc3J0YwZhcHBfaWQQMjIyMDM5MTc4ODIwMDg5MgABHipmKnJMBvQ5EdNGNCLW2MQccs6J_Yex47UGUcQpQmAyAIKEE5b8DWXpCLKZ_aem_kI3bSFHn-aFX4zx4ro1BaQ\" target=\"_blank\" rel=\"noreferrer noopener nofollow\">https:\/\/bocaux-co.assoconnect.com\/&#8230;\/182771-g-bocaux-co<\/a> ou sur place &#8211; c&rsquo;est prix libre).<\/p>\n\n\n\n<p>L&rsquo;inscription pr\u00e9alable est n\u00e9cessaire : merci d&rsquo;envoyer un m\u00e9l \u00e0 animation@bocaux-and-co.fr<\/p>\n\n\n\n<figure class=\"wp-block-image\"><img decoding=\"async\" src=\"https:\/\/newsletter.storage5.infomaniak.com\/images\/2025-11-29\/692b3cf441152.jpg\" alt=\"\"\/><\/figure>\n\n\n\n<p><strong>Au plaisir de vous lire\/entendre\/voir prochainement !<\/strong><\/p>\n\n\n\n<div class=\"wp-block-buttons is-layout-flex wp-block-buttons-is-layout-flex\">\n<div class=\"wp-block-button\"><a class=\"wp-block-button__link wp-element-button\">Adh\u00e9rer<\/a><\/div>\n<\/div>\n\n\n\n<figure class=\"wp-block-image\"><img decoding=\"async\" width=\"300\" height=\"65\" src=\"https:\/\/www.studio.eklozia.fr\/bocauxco\/wp-content\/uploads\/2024\/06\/logo-partenaire-300x65.png\" alt=\"\" class=\"wp-image-33556\"\/><\/figure>\n","protected":false},"excerpt":{"rendered":"<p>D\u00e9j\u00e0 le dernier jour de novembre ! C&rsquo;est le dernier jour de la Semaine europ\u00e9enne de r\u00e9duction des d\u00e9chets, qui promeut les diff\u00e9rentes pistes pour r\u00e9duire les d\u00e9chets : le r\u00e9emploi en fait bien s\u00fbr partie Gr\u00e2ce \u00e0 la dynamique lanc\u00e9e par bocaux&amp;co depuis septembre 2021, ce sont pr\u00e8s de 61 000 bocaux, soit plus [&hellip;]<\/p>\n","protected":false},"author":2,"featured_media":268003,"comment_status":"open","ping_status":"open","sticky":false,"template":"","format":"standard","meta":{"_et_pb_use_builder":"","_et_pb_old_content":"","_et_gb_content_width":"","footnotes":""},"categories":[36],"tags":[],"class_list":["post-267999","post","type-post","status-publish","format-standard","has-post-thumbnail","hentry","category-infolettre"],"_links":{"self":[{"href":"https:\/\/www.studio.eklozia.fr\/bocauxco\/wp-json\/wp\/v2\/posts\/267999","targetHints":{"allow":["GET"]}}],"collection":[{"href":"https:\/\/www.studio.eklozia.fr\/bocauxco\/wp-json\/wp\/v2\/posts"}],"about":[{"href":"https:\/\/www.studio.eklozia.fr\/bocauxco\/wp-json\/wp\/v2\/types\/post"}],"author":[{"embeddable":true,"href":"https:\/\/www.studio.eklozia.fr\/bocauxco\/wp-json\/wp\/v2\/users\/2"}],"replies":[{"embeddable":true,"href":"https:\/\/www.studio.eklozia.fr\/bocauxco\/wp-json\/wp\/v2\/comments?post=267999"}],"version-history":[{"count":2,"href":"https:\/\/www.studio.eklozia.fr\/bocauxco\/wp-json\/wp\/v2\/posts\/267999\/revisions"}],"predecessor-version":[{"id":268004,"href":"https:\/\/www.studio.eklozia.fr\/bocauxco\/wp-json\/wp\/v2\/posts\/267999\/revisions\/268004"}],"wp:featuredmedia":[{"embeddable":true,"href":"https:\/\/www.studio.eklozia.fr\/bocauxco\/wp-json\/wp\/v2\/media\/268003"}],"wp:attachment":[{"href":"https:\/\/www.studio.eklozia.fr\/bocauxco\/wp-json\/wp\/v2\/media?parent=267999"}],"wp:term":[{"taxonomy":"category","embeddable":true,"href":"https:\/\/www.studio.eklozia.fr\/bocauxco\/wp-json\/wp\/v2\/categories?post=267999"},{"taxonomy":"post_tag","embeddable":true,"href":"https:\/\/www.studio.eklozia.fr\/bocauxco\/wp-json\/wp\/v2\/tags?post=267999"}],"curies":[{"name":"wp","href":"https:\/\/api.w.org\/{rel}","templated":true}]}}