{"id":29119,"date":"2021-06-18T15:01:44","date_gmt":"2021-06-18T13:01:44","guid":{"rendered":"https:\/\/bocaux-and-co.fr\/\/infolettre-n3\/"},"modified":"2021-06-18T15:01:44","modified_gmt":"2021-06-18T13:01:44","slug":"infolettre-n3","status":"publish","type":"post","link":"https:\/\/www.studio.eklozia.fr\/bocauxco\/infolettre-n3\/","title":{"rendered":"Infolettre n\u00b03"},"content":{"rendered":"\n<h2 class=\"wp-block-heading\"><strong>bocaux&amp;co avance !<\/strong><\/h2>\n\n\n\n<p>5 dossiers d\u00e9pos\u00e9s*, un business plan r\u00e9dig\u00e9, une bonne cinquantaine de rendez-vous depuis le d\u00e9but du projet mi-f\u00e9vrier\u2026&nbsp;et toujours, \u00e0 chaque fois, de l\u2019enthousiasme partag\u00e9 pour&nbsp;le projet bocaux&amp;co.<\/p>\n\n\n\n<div class=\"wp-block-buttons is-horizontal is-content-justification-center is-layout-flex wp-container-core-buttons-is-layout-499968f5 wp-block-buttons-is-layout-flex\">\n<div class=\"wp-block-button is-style-button-blue-special\"><a class=\"wp-block-button__link\" href=\"https:\/\/cloud.liberta.vip\/s\/n3MNEGNtcszxbx2\" target=\"_blank\" rel=\"noreferrer noopener nofollow\">PRESENTATION DU PROJET<\/a><\/div>\n<\/div>\n\n\n\n<div style=\"height:20px\" aria-hidden=\"true\" class=\"wp-block-spacer\"><\/div>\n\n\n\n<p><strong><span class=\"has-inline-color has-ast-global-color-2-color\">C\u00f4t\u00e9 citoyen.ne.s,<\/span> <\/strong>la commission de quartier Dijon sud n\u2019a pas retenu notre projet vendredi dernier, c\u2019est dommage que l\u2019on n\u2019ait pas pu pr\u00e9senter bocaux&amp;co durant la r\u00e9union, exceptionnellement ferm\u00e9e au public en raison de la crise sanitaire. Pourtant l\u2019adh\u00e9sion des personnes que l\u2019on rencontre est bien r\u00e9elle et il est temps de pouvoir valoriser et quantifier l\u2019int\u00e9r\u00eat des citoyen.ne.s pour le projet.&nbsp;<\/p>\n\n\n\n<p><span class=\"\\&quot;m_-6182187096544376881size\\&quot;\"><strong><span class=\"has-inline-color has-ast-global-color-2-color\">C\u00f4t\u00e9 professionnel.le.s<\/span>,&nbsp;<\/strong>8 producteurs et 6 lieux de collecte sont partants pour tenter l\u2019aventure du r\u00e9emploi et exp\u00e9rimenter un circuit de collecte sur Dijon sud, 1\u00e8re \u00e9tape du projet. Donc nous poursuivons la pr\u00e9paration de l\u2019exp\u00e9rimentation qui d\u00e9butera en septembre et nous nous activons pour le faire savoir ! Apr\u00e8s le flyer (merci pour vos r\u00e9actions), on s\u2019attaque \u00e0 la pr\u00e9sence de bocaux&amp;co sur internet et les r\u00e9seaux sociaux.<\/span><\/p>\n\n\n\n<div class=\"wp-block-columns is-layout-flex wp-container-core-columns-is-layout-9d6595d7 wp-block-columns-is-layout-flex\">\n<div class=\"wp-block-column is-layout-flow wp-block-column-is-layout-flow\">\n<div class=\"wp-block-buttons is-horizontal is-content-justification-center is-layout-flex wp-container-core-buttons-is-layout-499968f5 wp-block-buttons-is-layout-flex\">\n<div class=\"wp-block-button is-style-button-blue-special\"><a class=\"wp-block-button__link\" href=\"https:\/\/bocaux-co.assoconnect.com\/collect\/description\/182771-g-bocaux-co\" target=\"_blank\" rel=\"noreferrer noopener nofollow\">ADHESION<\/a><\/div>\n<\/div>\n\n\n\n<p class=\"has-text-align-center\"><strong>Pour soutenir le projet<\/strong><\/p>\n\n\n\n<p class=\"has-text-align-center\">adh\u00e9rez \u00e0 bocaux&amp;co ! (prix libre)<\/p>\n<\/div>\n\n\n\n<div class=\"wp-block-column is-layout-flow wp-block-column-is-layout-flow\">\n<div class=\"wp-block-buttons is-horizontal is-content-justification-center is-layout-flex wp-container-core-buttons-is-layout-499968f5 wp-block-buttons-is-layout-flex\">\n<div class=\"wp-block-button is-style-button-blue-special\"><a class=\"wp-block-button__link\" href=\"https:\/\/cloud.liberta.vip\/s\/B2ynGqiofQWwrfD\" target=\"_blank\" rel=\"noreferrer noopener nofollow\">FLYERS<\/a><\/div>\n<\/div>\n\n\n\n<p class=\"has-text-align-center\"><strong>Pour faire connaitre le projet<\/strong><\/p>\n\n\n\n<p class=\"has-text-align-center\">A tout moment, vos suggestions, remarques, id\u00e9es sont les bienvenues.<\/p>\n<\/div>\n<\/div>\n\n\n\n<p>Le chemin parcouru nous permet de mieux comprendre les rouages administratifs et financiers, les besoins des diff\u00e9rents acteurs et d\u2019imaginer les solutions concr\u00e8tes. Et il renforce notre certitude : bocaux&amp;co un beau projet utile<\/p>\n\n\n\n<p><strong><span class=\"has-inline-color has-ast-global-color-2-color\">Au plaisir de vous lire\/entendre\/voir !<\/span><\/strong><\/p>\n\n\n\n<p>Catherine &amp; Nadeige<\/p>\n\n\n\n<hr class=\"wp-block-separator has-text-color has-background has-ast-global-color-2-background-color has-ast-global-color-2-color\"\/>\n\n\n\n<p><strong>* 5 dossiers d\u00e9pos\u00e9s :<\/strong><\/p>\n\n\n\n<p><strong>Financements :<\/strong><\/p>\n\n\n\n<p>Commission de quartier Dijon sud : projet non retenu le 11 juin<\/p>\n\n\n\n<p>Conseil r\u00e9gional BFC (Festival des solutions \u00e9cologiques) : en attente de l\u2019avis de la commission.<\/p>\n\n\n\n<p>Conseil d\u00e9partemental de C\u00f4te d\u2019Or : demande de soutien au titre des actions innovantes d\u2019\u00e9conomie circulaire en date du 10 juin<\/p>\n\n\n\n<p><strong>Accompagnement :<\/strong><\/p>\n\n\n\n<p>Nous sommes accompagn\u00e9es par le PES 21 pour la formalisation du projet. Souhaitant pouvoir b\u00e9n\u00e9ficier d\u2019un&nbsp;accompagnement pour le lancement du projet, nous avons d\u00e9pos\u00e9 une candidature pour int\u00e9grer l\u2019Incubateur T pour une finalisation du processus de s\u00e9lection fin juillet.&nbsp; Le T accompagne des entrepreneurs engag\u00e9s qui veulent cr\u00e9er et d\u00e9velopper leur entreprise en Bourgogne, en pla\u00e7ant l\u2019humain, l\u2019\u00e9cologie et le territoire au c\u0153ur de leur activit\u00e9.<\/p>\n\n\n\n<p><strong>Locaux :<\/strong><\/p>\n\n\n\n<p>La prochaine commission d\u2019attribution de locaux de la Ville de Dijon se tiendra en septembre. Nous recherchons des locaux alternatifs pour la phase de d\u00e9marrage. Si vous connaissez des locaux disponibles dans le sud dijonnais, n&rsquo;h\u00e9sitez pas \u00e0 nous faire signe.<\/p>\n","protected":false},"excerpt":{"rendered":"<p>bocaux&#038;co avance !<\/p>\n<p>5 dossiers d\u00e9pos\u00e9s*, un business plan r\u00e9dig\u00e9, une bonne cinquantaine de rendez-vous depuis le d\u00e9but du projet mi-f\u00e9vrier\u2026\u00a0et toujours, \u00e0 chaque fois, de l\u2019enthousiasme partag\u00e9 pour\u00a0le projet bocaux&#038;co&#8230;<\/p>\n","protected":false},"author":1,"featured_media":31501,"comment_status":"closed","ping_status":"open","sticky":false,"template":"","format":"standard","meta":{"_et_pb_use_builder":"on","_et_pb_old_content":"","_et_gb_content_width":"","footnotes":""},"categories":[36],"tags":[],"class_list":["post-29119","post","type-post","status-publish","format-standard","has-post-thumbnail","hentry","category-infolettre"],"_links":{"self":[{"href":"https:\/\/www.studio.eklozia.fr\/bocauxco\/wp-json\/wp\/v2\/posts\/29119","targetHints":{"allow":["GET"]}}],"collection":[{"href":"https:\/\/www.studio.eklozia.fr\/bocauxco\/wp-json\/wp\/v2\/posts"}],"about":[{"href":"https:\/\/www.studio.eklozia.fr\/bocauxco\/wp-json\/wp\/v2\/types\/post"}],"author":[{"embeddable":true,"href":"https:\/\/www.studio.eklozia.fr\/bocauxco\/wp-json\/wp\/v2\/users\/1"}],"replies":[{"embeddable":true,"href":"https:\/\/www.studio.eklozia.fr\/bocauxco\/wp-json\/wp\/v2\/comments?post=29119"}],"version-history":[{"count":0,"href":"https:\/\/www.studio.eklozia.fr\/bocauxco\/wp-json\/wp\/v2\/posts\/29119\/revisions"}],"wp:featuredmedia":[{"embeddable":true,"href":"https:\/\/www.studio.eklozia.fr\/bocauxco\/wp-json\/wp\/v2\/media\/31501"}],"wp:attachment":[{"href":"https:\/\/www.studio.eklozia.fr\/bocauxco\/wp-json\/wp\/v2\/media?parent=29119"}],"wp:term":[{"taxonomy":"category","embeddable":true,"href":"https:\/\/www.studio.eklozia.fr\/bocauxco\/wp-json\/wp\/v2\/categories?post=29119"},{"taxonomy":"post_tag","embeddable":true,"href":"https:\/\/www.studio.eklozia.fr\/bocauxco\/wp-json\/wp\/v2\/tags?post=29119"}],"curies":[{"name":"wp","href":"https:\/\/api.w.org\/{rel}","templated":true}]}}