{"id":29151,"date":"2021-04-13T16:52:24","date_gmt":"2021-04-13T14:52:24","guid":{"rendered":"https:\/\/bocaux-and-co.fr\/\/infolettre-n1\/"},"modified":"2021-04-13T16:52:24","modified_gmt":"2021-04-13T14:52:24","slug":"infolettre-n1","status":"publish","type":"post","link":"https:\/\/www.studio.eklozia.fr\/bocauxco\/infolettre-n1\/","title":{"rendered":"Infolettre n\u00b01"},"content":{"rendered":"\n<h2 class=\"wp-block-heading\">Bonjour \u00e0 toutes et tous,<\/h2>\n\n\n\n<p>Voici un premier signal pour vous donner des nouvelles fra\u00eeches de bocaux &amp; co, projet d\u2019\u00e9conomique circulaire de r\u00e9emploi des bocaux \u00e0 l\u2019\u00e9chelle de l\u2019agglom\u00e9ration dijonnaise dont nous vous avons parl\u00e9.<\/p>\n\n\n\n<p>Voici un point rapide sur le projet pour que chacun.e puisse y voir clair&nbsp;:&nbsp;<\/p>\n\n\n\n<div class=\"wp-block-buttons is-content-justification-center is-layout-flex wp-block-buttons-is-layout-flex\">\n<div class=\"wp-block-button is-style-button-blue-special\"><a class=\"wp-block-button__link\" href=\"https:\/\/cloud.liberta.vip\/s\/54caCLHoWfnGYsS\" target=\"_blank\" rel=\"noreferrer noopener nofollow\">POINT AU 13 AVRIL<\/a><\/div>\n<\/div>\n\n\n\n<p>Pour faire court&nbsp;:<\/p>\n\n\n\n<p>&#8211; apr\u00e8s avoir valid\u00e9 la pertinence de l\u2019id\u00e9e, nous pr\u00e9parons la phase d\u2019exp\u00e9rimentation qui d\u00e9butera en septembre prochain sur Dijon sud,<\/p>\n\n\n\n<p>&#8211; nous poursuivons les rencontres avec les producteurs (qui utilisent des bocaux), les commer\u00e7ants (potentiels lieux de collecte), les pairs (autres exp\u00e9riences de r\u00e9emploi des bocaux)\u2026<\/p>\n\n\n\n<p>&#8211; nous nous \u00ab&nbsp;outillons&nbsp;\u00bb&nbsp;: cr\u00e9ation d\u2019une association, ouverture d\u2019un compte bancaire, achat d\u2019un nom de domaine et d\u2019un cloud\u2026<\/p>\n\n\n\n<p>Nous travaillons actuellement sur&nbsp;<strong>le logo<\/strong>&nbsp;(\u00e9l\u00e9ment important pour donner de la visibilit\u00e9 au projet).<\/p>\n\n\n\n<p>Voici 3 pistes ici&nbsp;:&nbsp;<\/p>\n\n\n\n<div class=\"wp-block-buttons is-content-justification-center is-layout-flex wp-block-buttons-is-layout-flex\">\n<div class=\"wp-block-button is-style-button-blue-special\"><a class=\"wp-block-button__link\" href=\"\" target=\"_blank\" rel=\"noreferrer noopener\">PROPOSITION DE LOGO<\/a><\/div>\n<\/div>\n\n\n\n<p><\/p>\n\n\n\n<p><strong>Qu\u2019en pensez-vous ? Sur le fond et sur la forme ?<\/strong>&#8230;<\/p>\n\n\n\n<p>Vos retours\/avis nous sont pr\u00e9cieux pour nous permettre d\u2019avancer de fa\u00e7on pertinente.<\/p>\n\n\n\n<p>Un grand merci d\u2019avance de nous r\u00e9pondre<strong>&nbsp;avant le 18 avril<\/strong>.<\/p>\n\n\n\n<p><strong><span class=\"has-inline-color has-ast-global-color-2-color\">Au plaisir de vous lire\/entendre\/voir !<\/span><\/strong><\/p>\n\n\n\n<p>Catherine &amp; Nadeige<\/p>\n\n\n","protected":false},"excerpt":{"rendered":"<p>Bonjour \u00e0 toutes et tous,<\/p>\n<p>Voici un premier signal pour vous donner des nouvelles fra\u00eeches de bocaux &#038; co, projet d\u2019\u00e9conomique circulaire de r\u00e9emploi des bocaux \u00e0 l\u2019\u00e9chelle de l\u2019agglom\u00e9ration dijonnaise dont nous vous avons parl\u00e9.<\/p>\n<p>Voici un point rapide sur le projet pour que chacun.e puisse y voir clair : <\/p>\n","protected":false},"author":1,"featured_media":0,"comment_status":"closed","ping_status":"open","sticky":false,"template":"","format":"standard","meta":{"_et_pb_use_builder":"on","_et_pb_old_content":"","_et_gb_content_width":"","footnotes":""},"categories":[36],"tags":[],"class_list":["post-29151","post","type-post","status-publish","format-standard","hentry","category-infolettre"],"_links":{"self":[{"href":"https:\/\/www.studio.eklozia.fr\/bocauxco\/wp-json\/wp\/v2\/posts\/29151","targetHints":{"allow":["GET"]}}],"collection":[{"href":"https:\/\/www.studio.eklozia.fr\/bocauxco\/wp-json\/wp\/v2\/posts"}],"about":[{"href":"https:\/\/www.studio.eklozia.fr\/bocauxco\/wp-json\/wp\/v2\/types\/post"}],"author":[{"embeddable":true,"href":"https:\/\/www.studio.eklozia.fr\/bocauxco\/wp-json\/wp\/v2\/users\/1"}],"replies":[{"embeddable":true,"href":"https:\/\/www.studio.eklozia.fr\/bocauxco\/wp-json\/wp\/v2\/comments?post=29151"}],"version-history":[{"count":0,"href":"https:\/\/www.studio.eklozia.fr\/bocauxco\/wp-json\/wp\/v2\/posts\/29151\/revisions"}],"wp:attachment":[{"href":"https:\/\/www.studio.eklozia.fr\/bocauxco\/wp-json\/wp\/v2\/media?parent=29151"}],"wp:term":[{"taxonomy":"category","embeddable":true,"href":"https:\/\/www.studio.eklozia.fr\/bocauxco\/wp-json\/wp\/v2\/categories?post=29151"},{"taxonomy":"post_tag","embeddable":true,"href":"https:\/\/www.studio.eklozia.fr\/bocauxco\/wp-json\/wp\/v2\/tags?post=29151"}],"curies":[{"name":"wp","href":"https:\/\/api.w.org\/{rel}","templated":true}]}}