{"id":29186,"date":"2021-05-03T18:21:47","date_gmt":"2021-05-03T16:21:47","guid":{"rendered":"https:\/\/bocaux-and-co.fr\/\/infolettre-n2\/"},"modified":"2021-05-03T18:21:47","modified_gmt":"2021-05-03T16:21:47","slug":"infolettre-n2","status":"publish","type":"post","link":"https:\/\/www.studio.eklozia.fr\/bocauxco\/infolettre-n2\/","title":{"rendered":"Infolettre n\u00b02"},"content":{"rendered":"\n<h2 class=\"wp-block-heading\"><strong>bonjour \u00e0 tout.e.s,<\/strong><\/h2>\n\n\n\n<p>Voici un deuxi\u00e8me signal pour vous donner des nouvelles fra\u00eeches de bocaux &amp; co, projet d\u2019\u00e9conomique circulaire de r\u00e9emploi des bocaux \u00e0 l\u2019\u00e9chelle de l\u2019agglom\u00e9ration dijonnaise.<\/p>\n\n\n\n<p>Le projet avance&nbsp;: nous avons maintenant un&nbsp;<strong><a href=\"https:\/\/cloud.liberta.vip\/s\/yLdkyWM2q7Gok4m\" target=\"_blank\" rel=\"noreferrer noopener nofollow\">logo<\/a><\/strong>&nbsp;(merci Manon) et une&nbsp;<strong><a href=\"https:\/\/cloud.liberta.vip\/s\/gnp8Yf5g27y4Cxb\" target=\"_blank\" rel=\"noreferrer noopener nofollow\">plaquette de pr\u00e9sentation<\/a><\/strong>.<\/p>\n\n\n\n<p>Nous multiplions les&nbsp;<strong>rencontres, toujours riches et constructives<\/strong>, avec les transformateurs (qui utilisent des bocaux), les commer\u00e7ants (potentiels lieux de collecte), les r\u00e9seaux et acteurs de la consigne et du r\u00e9emploi \u00e0 l\u2019\u00e9chelle locale et nationale\u2026<\/p>\n\n\n\n<p>Nous nous concentrons sur la pr\u00e9paration de la&nbsp;<strong>phase d\u2019exp\u00e9rimentation<\/strong>&nbsp;qui d\u00e9butera en septembre prochain pour une dur\u00e9e d\u2019un an sur le territoire de Dijon Sud.<\/p>\n\n\n\n<p><strong>Nous recherchons donc un local pour accueillir l\u2019\u00ab&nbsp;entre-pots&nbsp;\u00bb.<\/strong><\/p>\n\n\n\n<p>Nous avons fait un&nbsp;<strong><a href=\"https:\/\/cloud.liberta.vip\/s\/XbCKCdG8Fdo76c7\" target=\"_blank\" rel=\"noreferrer noopener nofollow\">premier descriptif<\/a><\/strong>&nbsp;des besoins et avons d\u00e9j\u00e0 contact\u00e9 les Villes de Dijon et Chenove. Publiques ou priv\u00e9es, nous explorons toutes les pistes.<\/p>\n\n\n\n<p>Vous avez des id\u00e9es de lieux sur Dijon Sud&nbsp;?<\/p>\n\n\n\n<p>N\u2019h\u00e9sitez pas \u00e0 nous en faire part d\u00e8s maintenant.<\/p>\n\n\n\n<p><strong><span class=\"has-inline-color has-ast-global-color-2-color\">Au plaisir de vous lire\/entendre\/voir !<\/span><\/strong><\/p>\n\n\n\n<p>Catherine &amp; Nadeige<\/p>\n\n\n","protected":false},"excerpt":{"rendered":"<p>bonjour \u00e0 tout.e.s,<\/p>\n<p>Voici un deuxi\u00e8me signal pour vous donner des nouvelles fra\u00eeches de bocaux &#038; co, projet d\u2019\u00e9conomique circulaire de r\u00e9emploi des bocaux \u00e0 l\u2019\u00e9chelle de l\u2019agglom\u00e9ration dijonnaise.<\/p>\n<p>Le projet avance\u00a0: nous avons maintenant un\u00a0logo\u00a0(merci Manon\u00a0\ud83d\ude42 et une\u00a0plaquette de pr\u00e9sentation.<\/p>\n<p>Nous multiplions les\u00a0rencontres, toujours riches et constructives, avec les transformateurs (qui utilisent des bocaux), les commer\u00e7ants (potentiels lieux de collecte), les r\u00e9seaux et acteurs de la consigne et du r\u00e9emploi \u00e0 l\u2019\u00e9chelle locale et nationale\u2026<\/p>\n","protected":false},"author":1,"featured_media":31503,"comment_status":"closed","ping_status":"open","sticky":false,"template":"","format":"standard","meta":{"_et_pb_use_builder":"on","_et_pb_old_content":"","_et_gb_content_width":"","footnotes":""},"categories":[36],"tags":[],"class_list":["post-29186","post","type-post","status-publish","format-standard","has-post-thumbnail","hentry","category-infolettre"],"_links":{"self":[{"href":"https:\/\/www.studio.eklozia.fr\/bocauxco\/wp-json\/wp\/v2\/posts\/29186","targetHints":{"allow":["GET"]}}],"collection":[{"href":"https:\/\/www.studio.eklozia.fr\/bocauxco\/wp-json\/wp\/v2\/posts"}],"about":[{"href":"https:\/\/www.studio.eklozia.fr\/bocauxco\/wp-json\/wp\/v2\/types\/post"}],"author":[{"embeddable":true,"href":"https:\/\/www.studio.eklozia.fr\/bocauxco\/wp-json\/wp\/v2\/users\/1"}],"replies":[{"embeddable":true,"href":"https:\/\/www.studio.eklozia.fr\/bocauxco\/wp-json\/wp\/v2\/comments?post=29186"}],"version-history":[{"count":0,"href":"https:\/\/www.studio.eklozia.fr\/bocauxco\/wp-json\/wp\/v2\/posts\/29186\/revisions"}],"wp:featuredmedia":[{"embeddable":true,"href":"https:\/\/www.studio.eklozia.fr\/bocauxco\/wp-json\/wp\/v2\/media\/31503"}],"wp:attachment":[{"href":"https:\/\/www.studio.eklozia.fr\/bocauxco\/wp-json\/wp\/v2\/media?parent=29186"}],"wp:term":[{"taxonomy":"category","embeddable":true,"href":"https:\/\/www.studio.eklozia.fr\/bocauxco\/wp-json\/wp\/v2\/categories?post=29186"},{"taxonomy":"post_tag","embeddable":true,"href":"https:\/\/www.studio.eklozia.fr\/bocauxco\/wp-json\/wp\/v2\/tags?post=29186"}],"curies":[{"name":"wp","href":"https:\/\/api.w.org\/{rel}","templated":true}]}}