{"id":29771,"date":"2021-07-19T15:25:23","date_gmt":"2021-07-19T13:25:23","guid":{"rendered":"https:\/\/bocaux-and-co.fr\/\/infolettre-n4\/"},"modified":"2021-07-19T15:25:23","modified_gmt":"2021-07-19T13:25:23","slug":"infolettre-n4","status":"publish","type":"post","link":"https:\/\/www.studio.eklozia.fr\/bocauxco\/infolettre-n4\/","title":{"rendered":"Infolettre n\u00b04"},"content":{"rendered":"\n<h2 class=\"wp-block-heading\"><strong>bocaux&amp;co se pr\u00e9pare !&nbsp;<\/strong><\/h2>\n\n\n\n<p>Bonjour \u00e0 tou.te.s,<\/p>\n\n\n\n<p><strong>cette 4<sup>e<\/sup>&nbsp;infolettre est porteuse de belles nouvelles :<\/strong><\/p>\n\n\n\n<ul class=\"wp-block-list\"><li>nous avons obtenu un&nbsp;<strong>premier financement<\/strong>&nbsp;ce qui nous permet de pr\u00e9parer l\u2019exp\u00e9rimentation de la collecte des bocaux \u00e0 l\u2019\u00e9chelle de Dijon sud \u00e0 partir de septembre = merci au Conseil r\u00e9gional de Bourgogne Franche Comt\u00e9 de soutenir notre projet \ud83d\ude0a<\/li><li>bocaux&amp;co dispose maintenant <a href=\"https:\/\/bocaux-and-co.fr\/\" target=\"_blank\" rel=\"noreferrer noopener nofollow\">d\u2019un site internet : bocaux-and-co.fr<\/a> et d\u2019une <a href=\"https:\/\/www.facebook.com\/bocauxandcodijon\\\" target=\"_blank\" rel=\"noreferrer noopener nofollow\">page facebook<\/a> = merci \u00e0 Manon pour sa cr\u00e9ativit\u00e9 et son engagement \u00e0 nos c\u00f4t\u00e9s \ud83d\ude0a<\/li><li>les 10 et 11 septembre&nbsp;: ce sera le&nbsp;<strong>lancement officiel<\/strong>&nbsp;de bocaux&amp;co dans le cadre du Festival des solutions \u00e9cologiques = merci aux structures, petites et grandes, qui nous ont d\u00e9j\u00e0 assur\u00e9es de leur partenariat \ud83d\ude0a<\/li><\/ul>\n\n\n\n<p>parce bocaux&amp;co repose sur la participation de tous les acteurs du \u00ab circuit du bocal \u00bb,&nbsp;<strong> <span class=\"has-inline-color has-ast-global-color-2-color\">n&rsquo;h\u00e9sitez pas \u00e0 nous rejoindre ! <\/span><\/strong><\/p>\n\n\n\n<p><strong>et notez d\u00e8s maintenant les dates des&nbsp;<span class=\"has-inline-color has-ast-global-color-2-color\">10 et 11 septembre<\/span>&nbsp;pour participer au lancement de bocaux&amp;co&nbsp;!<\/strong>&nbsp;on vous en dira plus dans notre 5<sup>e<\/sup>&nbsp;infolettre\u2026<\/p>\n\n\n\n<p><strong><span class=\"has-inline-color has-ast-global-color-2-color\">au plaisir de vous lire\/entendre\/voir !&nbsp;<\/span><\/strong><\/p>\n\n\n\n<p>Catherine &amp; Nadeige<\/p>\n\n\n","protected":false},"excerpt":{"rendered":"<p>bocaux&#038;co se pr\u00e9pare !\u00a0<\/p>\n<p>nous avons obtenu un\u00a0premier financement\u00a0ce qui nous permet de pr\u00e9parer l\u2019exp\u00e9rimentation de la collecte des bocaux \u00e0 l\u2019\u00e9chelle de Dijon sud \u00e0 partir de septembre <\/p>\n","protected":false},"author":1,"featured_media":31459,"comment_status":"closed","ping_status":"open","sticky":false,"template":"","format":"standard","meta":{"_et_pb_use_builder":"on","_et_pb_old_content":"","_et_gb_content_width":"","footnotes":""},"categories":[36],"tags":[],"class_list":["post-29771","post","type-post","status-publish","format-standard","has-post-thumbnail","hentry","category-infolettre"],"_links":{"self":[{"href":"https:\/\/www.studio.eklozia.fr\/bocauxco\/wp-json\/wp\/v2\/posts\/29771","targetHints":{"allow":["GET"]}}],"collection":[{"href":"https:\/\/www.studio.eklozia.fr\/bocauxco\/wp-json\/wp\/v2\/posts"}],"about":[{"href":"https:\/\/www.studio.eklozia.fr\/bocauxco\/wp-json\/wp\/v2\/types\/post"}],"author":[{"embeddable":true,"href":"https:\/\/www.studio.eklozia.fr\/bocauxco\/wp-json\/wp\/v2\/users\/1"}],"replies":[{"embeddable":true,"href":"https:\/\/www.studio.eklozia.fr\/bocauxco\/wp-json\/wp\/v2\/comments?post=29771"}],"version-history":[{"count":0,"href":"https:\/\/www.studio.eklozia.fr\/bocauxco\/wp-json\/wp\/v2\/posts\/29771\/revisions"}],"wp:featuredmedia":[{"embeddable":true,"href":"https:\/\/www.studio.eklozia.fr\/bocauxco\/wp-json\/wp\/v2\/media\/31459"}],"wp:attachment":[{"href":"https:\/\/www.studio.eklozia.fr\/bocauxco\/wp-json\/wp\/v2\/media?parent=29771"}],"wp:term":[{"taxonomy":"category","embeddable":true,"href":"https:\/\/www.studio.eklozia.fr\/bocauxco\/wp-json\/wp\/v2\/categories?post=29771"},{"taxonomy":"post_tag","embeddable":true,"href":"https:\/\/www.studio.eklozia.fr\/bocauxco\/wp-json\/wp\/v2\/tags?post=29771"}],"curies":[{"name":"wp","href":"https:\/\/api.w.org\/{rel}","templated":true}]}}