{"id":29835,"date":"2021-07-29T10:12:20","date_gmt":"2021-07-29T08:12:20","guid":{"rendered":"https:\/\/bocaux-and-co.fr\/\/programme-du-lancement-bocauxco\/"},"modified":"2021-07-29T10:12:20","modified_gmt":"2021-07-29T08:12:20","slug":"programme-du-lancement-bocauxco","status":"publish","type":"post","link":"https:\/\/www.studio.eklozia.fr\/bocauxco\/programme-du-lancement-bocauxco\/","title":{"rendered":"Infolettre num\u00e9ro 5 : lancement bocaux&#038;co &#8211; 10 et 11 septembre 2021"},"content":{"rendered":"\n<h2 class=\"wp-block-heading\"><mark style=\"background-color:rgba(0, 0, 0, 0)\" class=\"has-inline-color has-ast-global-color-1-color\"><strong>bocaux&amp;co a le plaisir de vous convier au lancement du projet<\/strong><\/mark><\/h2>\n\n\n\n<p><strong>Dans le cadre du Festival des solutions \u00e9cologiques orchestr\u00e9 par le Conseil r\u00e9gional de Bourgogne Franche Comt\u00e9, bocaux&amp;co organise 4 moments festifs pour&nbsp;:<\/strong><\/p>\n\n\n\n<ul class=\"wp-block-list\"><li>marquer le lancement du projet et le d\u00e9but de l\u2019exp\u00e9rimentation sur le Sud dijonnais<\/li><li>inaugurer cinq des huit points de collecte de bocaux<\/li><li>valoriser les acteurs qui soutiennent le projet bocaux&amp;co<\/li><\/ul>\n\n\n\n<p><strong><mark style=\"background-color:rgba(0, 0, 0, 0)\" class=\"has-inline-color has-ast-global-color-1-color\">vendredi 10 sept. 11h00 \u2013 13h00&nbsp;<\/mark>:&nbsp;<a href=\"https:\/\/courtcircuit21.org\/\" target=\"_blank\" rel=\"noreferrer noopener nofollow\">Court Circuit 21<\/a><\/strong><\/p>\n\n\n\n<p><strong><mark style=\"background-color:rgba(0, 0, 0, 0)\" class=\"has-inline-color has-ast-global-color-1-color\">vendredi 10 sept. 17h00 \u2013 20h00&nbsp;:<\/mark>&nbsp;<a href=\"https:\/\/rezofetart.com\/\" target=\"_blank\" rel=\"noreferrer noopener nofollow\">R\u00e9zo\u2019F\u00eat\u2019Art<\/a><\/strong><\/p>\n\n\n\n<p><strong><mark style=\"background-color:rgba(0, 0, 0, 0)\" class=\"has-inline-color has-ast-global-color-1-color\">samedi 11 sept. 9h00 \u2013 10h30&nbsp;:&nbsp;<\/mark><a href=\"https:\/\/www.mjc-cs-bourroches.fr\/\" target=\"_blank\" rel=\"noreferrer noopener nofollow\">Centre social des Bourroches<\/a> et <a href=\"http:\/\/lesjardinsdevirgile.eu.org\/\" target=\"_blank\" rel=\"noreferrer noopener nofollow\">Amap Les jardins de Virgile<\/a><\/strong><\/p>\n\n\n\n<p><strong>&nbsp;<mark style=\"background-color:rgba(0, 0, 0, 0)\" class=\"has-inline-color has-ast-global-color-1-color\">samedi 11 sept. 11h00 \u2013 12h30&nbsp;<\/mark>:&nbsp;<a href=\"https:\/\/epicerie-locavore-des-bourroches.fr\/\" target=\"_blank\" rel=\"noreferrer noopener nofollow\">Epicerie locavore des Bourroches<\/a> puis Jardins<\/strong><\/p>\n\n\n\n<p>Avant cela, bocaux&amp;co participera&nbsp;<strong>\u00e0 l\u2019ouverture du Festival des solutions \u00e9cologiques le 5 septembre de 14h \u00e0 17h \u00e0 la P\u00e9niche Cancale :&nbsp;<a href=\"https:\/\/jeparticipe.bourgognefranchecomte.fr\/ouverture-du-festival-des-solutions-ecologiques\/\" target=\"_blank\" rel=\"noreferrer noopener nofollow\">les POTE\u2019S font leur festival&nbsp;!<\/a>&nbsp;<\/strong><\/p>\n\n\n\n<h2 class=\"wp-block-heading\">Court Circuit 21 :<\/h2>\n\n\n\n<p class=\"has-text-align-left\"><strong>vendredi 10 septembre 11h00 &#8211; 13h00<\/strong> &#8211; <strong><em><mark style=\"background-color:rgba(0, 0, 0, 0)\" class=\"has-inline-color has-ast-global-color-2-color\">23 rue de la Justice &#8211; 21300 Chen\u00f4ve<\/mark><\/em><\/strong><\/p>\n\n\n\n<p>Venez nous retrouver pour l&rsquo;inauguration de notre <strong>1<sup>er<\/sup> point de collecte<\/strong>&nbsp;!<\/p>\n\n\n\n<ul class=\"wp-block-list\"><li><strong><mark style=\"background-color:rgba(0, 0, 0, 0)\" class=\"has-inline-color has-ast-global-color-2-color\">11h00 : <\/mark>accueil et visite de Court Circuit 21<\/strong><\/li><\/ul>\n\n\n\n<ul class=\"wp-block-list\"><li><strong><mark style=\"background-color:rgba(0, 0, 0, 0)\" class=\"has-inline-color has-ast-global-color-2-color\">11h30&nbsp;:<\/mark> paroles d\u2019acteurs* : Court Circuit 21, la Ferme de Mairey (Mont Saint-Jean)\u2026<\/strong><\/li><\/ul>\n\n\n\n<ul class=\"wp-block-list\"><li><strong><mark style=\"background-color:rgba(0, 0, 0, 0)\" class=\"has-inline-color has-ast-global-color-2-color\">12h00&nbsp;:<\/mark> inauguration du point de collecte et ap\u00e9ritif<\/strong><\/li><\/ul>\n\n\n\n<p><strong><em>Court Circuit 21<\/em><\/strong><em> est le magasin participatif et collaboratif de Dijon et son agglom\u00e9ration, autog\u00e9r\u00e9 et autofinanc\u00e9 par ses membres. C\u2019est un nouveau mod\u00e8le de consommation, une d\u00e9marche \u00e9cologique, \u00e9thique et locale.<\/em><\/p>\n\n\n\n<p><em>*sous r\u00e9serve \/ programme au 6 septembre 2021<\/em><\/p>\n\n\n\n<h2 class=\"wp-block-heading\">R\u00e9zo\u2019F\u00eat\u2019Art :<\/h2>\n\n\n\n<p><strong>vendredi 10 septembre 17h00 &#8211; 20h00<\/strong> &#8211; <strong><em><mark style=\"background-color:rgba(0, 0, 0, 0)\" class=\"has-inline-color has-ast-global-color-2-color\">78 quai Nicolas Rolin &#8211; 21000 Dijon<\/mark><\/em><\/strong><\/p>\n\n\n\n<p>Venez nous retrouver au R\u00e9zo\u2019F\u00eat\u2019Art pour le <strong>lancement officiel du projet bocaux&amp;co<\/strong> et l&rsquo;inauguration de notre <strong>2<sup>e<\/sup> point de collecte.<\/strong><\/p>\n\n\n\n<ul class=\"wp-block-list\"><li><strong><mark style=\"background-color:rgba(0, 0, 0, 0)\" class=\"has-inline-color has-ast-global-color-2-color\">17h00 :<\/mark> accueil et visite du R\u00e9zo\u2019F\u00eat\u2019Art<\/strong><\/li><\/ul>\n\n\n\n<ul class=\"wp-block-list\"><li><strong><mark style=\"background-color:rgba(0, 0, 0, 0)\" class=\"has-inline-color has-ast-global-color-2-color\">17h30&nbsp;:<\/mark> paroles d\u2019acteurs* : R\u00e9zo\u2019F\u00eat\u2019Art, La Recyclade, Centre d\u2019\u00e9tude et de ressources sur la diversification (CERD), Ademe, PES 21, les Diableries, Bocaux d&rsquo;amour, Maison des associations, Conseil r\u00e9gional Bourgogne Franche Comt\u00e9\u2026<\/strong><\/li><\/ul>\n\n\n\n<ul class=\"wp-block-list\"><li><strong><mark style=\"background-color:rgba(0, 0, 0, 0)\" class=\"has-inline-color has-ast-global-color-2-color\">18h00&nbsp;:<\/mark> inauguration du point de collecte<\/strong><\/li><\/ul>\n\n\n\n<ul class=\"wp-block-list\"><li><strong><mark style=\"background-color:rgba(0, 0, 0, 0)\" class=\"has-inline-color has-ast-global-color-2-color\">18h30&nbsp;:<\/mark> ap\u00e9ritif et musique avec Gadjo Divio<\/strong><\/li><\/ul>\n\n\n\n<p><strong><em>Le R\u00e9zo\u2019F\u00eat\u2019Art<\/em><\/strong><em> est un lieu ouvert \u00e0 tou.te.s, qui g\u00e9n\u00e8re du lien social dans un cadre multiculturel et interg\u00e9n\u00e9rationnel, par le biais d\u2019activit\u00e9s cr\u00e9atives et r\u00e9cr\u00e9atives. Il s\u2019investit notamment dans la sensibilisation<\/em> <em>au mieux-vivre et au mieux-manger.<\/em><\/p>\n\n\n\n<p><em>*sous r\u00e9serve \/ programme au 6 septembre 2021<\/em><\/p>\n\n\n\n<h2 class=\"wp-block-heading\">Centre social des Bourroches :<\/h2>\n\n\n\n<p><strong>samedi 11 septembre 9h00 &#8211; 10h30<\/strong> <strong><em><mark><mark style=\"background-color:rgba(0, 0, 0, 0)\" class=\"has-inline-color has-ast-global-color-2-color\">rue Eug\u00e8ne Fyot -21000 Dijon<\/mark><\/mark><\/em><\/strong><\/p>\n\n\n\n<p>Venez nous retrouver pour l&rsquo;inauguration de notre <strong>3<sup>e<\/sup> point de collecte<\/strong> au Centre social des Bourroches, qui co\u00efncide avec la distribution hebdomadaire de l\u2019Amap les Jardins de Virgile.<\/p>\n\n\n\n<ul class=\"wp-block-list\"><li><strong><mark style=\"background-color:rgba(0, 0, 0, 0)\" class=\"has-inline-color has-ast-global-color-2-color\">9h00&nbsp;:<\/mark> paroles d\u2019acteurs* : Amap les Jardins de Virgile, La note du Colibri\u2026<\/strong><\/li><\/ul>\n\n\n\n<ul class=\"wp-block-list\"><li><strong><mark style=\"background-color:rgba(0, 0, 0, 0)\" class=\"has-inline-color has-ast-global-color-2-color\">9h30&nbsp;:<\/mark> inauguration du point de collecte et caf\u00e9 gourmand<\/strong><\/li><\/ul>\n\n\n\n<p><strong><em>L\u2019Amap les Jardins de Virgile <\/em><\/strong><em>est la plus ancienne Amap dijonnaise. Une Amap (Association pour le maintien de l&rsquo;agriculture paysanne) est un mod\u00e8le qui propose \u00e0 travers le circuit-court un partenariat durable entre le consommateur et le producteur.<\/em><\/p>\n\n\n\n<p><strong><em>La Mjc-Centre social<\/em><\/strong><em> <strong>des Bourroches<\/strong>, structure d\u2019\u00e9ducation populaire accueille 3 Amaps, dans le cadre de ses actions d\u2019\u00e9co-citoyennet\u00e9.<\/em><\/p>\n\n\n\n<p><em>*sous r\u00e9serve \/ programme au 6 septembre 2021<\/em><\/p>\n\n\n\n<h2 class=\"wp-block-heading\">Epicerie locavore des Bourroches :<\/h2>\n\n\n\n<p><strong>samedi 11 septembre 11h00 &#8211; 12h30&nbsp;<\/strong> <mark><strong><em><mark style=\"background-color:rgba(0, 0, 0, 0)\" class=\"has-inline-color has-ast-global-color-2-color\">34&nbsp;b<\/mark><\/em><\/strong><mark style=\"background-color:rgba(0, 0, 0, 0)\" class=\"has-inline-color has-ast-global-color-2-color\"><strong><em>d Eug\u00e8ne Fyot, 21000&nbsp;DIJON<\/em><\/strong>&nbsp;<\/mark><\/mark><\/p>\n\n\n\n<p>Dernier temps fort du lancement avec l&rsquo;inauguration d&rsquo;un <strong>4<sup>e<\/sup> point de collecte<\/strong> \u00e0 l&rsquo;Epicerie Locavore des Bourroches et d\u2019un <strong>5<sup>e<\/sup> point de collecte<\/strong> dans les Jardins d\u2019Eug\u00e8ne \u00e0 la Mjc des Bourroches.<\/p>\n\n\n\n<ul class=\"wp-block-list\"><li><strong><mark style=\"background-color:rgba(0, 0, 0, 0)\" class=\"has-inline-color has-ast-global-color-2-color\">11h00&nbsp;:<\/mark> paroles d\u2019acteurs* : Epicerie Locavore des Bourroches, La note du Colibri, Conseil r\u00e9gional Bourgogne Franche Comt\u00e9, MJC centre social des Bourroches \u2026 et inauguration du point de collecte de l&rsquo;\u00e9picerie<\/strong><\/li><\/ul>\n\n\n\n<ul class=\"wp-block-list\"><li><strong><mark style=\"background-color:rgba(0, 0, 0, 0)\" class=\"has-inline-color has-ast-global-color-2-color\">11h30&nbsp;:<\/mark> d\u00e9placement vers les Jardins d\u2019Eug\u00e8ne&nbsp;(de l\u2019autre c\u00f4t\u00e9 du boulevard)<\/strong><\/li><\/ul>\n\n\n\n<ul class=\"wp-block-list\"><li><strong><mark style=\"background-color:rgba(0, 0, 0, 0)\" class=\"has-inline-color has-ast-global-color-2-color\">11h45&nbsp;:<\/mark> inauguration du point de collecte et ap\u00e9ritif<\/strong><\/li><\/ul>\n\n\n\n<p><strong><em>L\u2019Epicerie Locavore<\/em><\/strong><em> propose de retrouver le plaisir de composer les repas avec des aliments issus d&rsquo;une agriculture de proximit\u00e9, savoureux et sains.<\/em><\/p>\n\n\n\n<p><strong><em>Les Jardins d\u2019Eug\u00e8ne<\/em><\/strong><em> sont des jardins partag\u00e9s, accueillis et anim\u00e9s par la Mjc-Centre social des Bourroches, qui ont pour objectif de favoriser la mixit\u00e9 interg\u00e9n\u00e9rationnelle et culturelle \u00e0 travers la pratique du jardinage.<\/em><\/p>\n\n\n\n<p><em>*sous r\u00e9serve \/ programme au 6 septembre 2021<\/em>&nbsp;<\/p>\n\n\n\n<p class=\"has-text-align-center\"><strong>N\u2019h\u00e9sitez pas \u00e0 participer en vous inscrivant ou en nous faisant un retour par mail<\/strong><\/p>\n\n\n\n<p class=\"has-text-align-center\"><strong><a href=\"mailto:contact@bocaux-and-co.fr\" target=\"_blank\" rel=\"noreferrer noopener\">contact@bocaux-and-co.fr<\/a><\/strong><\/p>\n\n\n\n<p class=\"has-text-align-center\">Plus d\u2019informations&nbsp;: <a href=\"https:\/\/bocaux-and-co.fr\/\" rel=\"nofollow noopener\" target=\"_blank\">bocaux-and-co.fr<\/a><\/p>\n\n\n\n<p class=\"has-text-align-center\"><strong>Contact<\/strong><strong>&nbsp;:<\/strong><\/p>\n\n\n\n<p class=\"has-text-align-center\">Catherine et Nadeige<\/p>\n\n\n\n<p class=\"has-text-align-center\">06 77 89 72 12 | 06 19 91 01 66<\/p>\n\n\n\n<p class=\"has-text-align-center\"><em>Ces 4 moments festifs ont lieu dans un contexte sanitaire complexe. Sauf avis contraire, le pass sanitaire (vaccin ou test n\u00e9gatif) est requis pour y participer.<\/em><\/p>\n\n\n","protected":false},"excerpt":{"rendered":"<p>Dans le cadre du Festival des solutions \u00e9cologiques orchestr\u00e9 par le Conseil r\u00e9gional de Bourgogne Franche Comt\u00e9, bocaux&#038;co organise 4 moments festifs<\/p>\n","protected":false},"author":1,"featured_media":31580,"comment_status":"closed","ping_status":"open","sticky":false,"template":"","format":"standard","meta":{"_et_pb_use_builder":"on","_et_pb_old_content":"","_et_gb_content_width":"","footnotes":""},"categories":[36],"tags":[],"class_list":["post-29835","post","type-post","status-publish","format-standard","has-post-thumbnail","hentry","category-infolettre"],"_links":{"self":[{"href":"https:\/\/www.studio.eklozia.fr\/bocauxco\/wp-json\/wp\/v2\/posts\/29835","targetHints":{"allow":["GET"]}}],"collection":[{"href":"https:\/\/www.studio.eklozia.fr\/bocauxco\/wp-json\/wp\/v2\/posts"}],"about":[{"href":"https:\/\/www.studio.eklozia.fr\/bocauxco\/wp-json\/wp\/v2\/types\/post"}],"author":[{"embeddable":true,"href":"https:\/\/www.studio.eklozia.fr\/bocauxco\/wp-json\/wp\/v2\/users\/1"}],"replies":[{"embeddable":true,"href":"https:\/\/www.studio.eklozia.fr\/bocauxco\/wp-json\/wp\/v2\/comments?post=29835"}],"version-history":[{"count":0,"href":"https:\/\/www.studio.eklozia.fr\/bocauxco\/wp-json\/wp\/v2\/posts\/29835\/revisions"}],"wp:featuredmedia":[{"embeddable":true,"href":"https:\/\/www.studio.eklozia.fr\/bocauxco\/wp-json\/wp\/v2\/media\/31580"}],"wp:attachment":[{"href":"https:\/\/www.studio.eklozia.fr\/bocauxco\/wp-json\/wp\/v2\/media?parent=29835"}],"wp:term":[{"taxonomy":"category","embeddable":true,"href":"https:\/\/www.studio.eklozia.fr\/bocauxco\/wp-json\/wp\/v2\/categories?post=29835"},{"taxonomy":"post_tag","embeddable":true,"href":"https:\/\/www.studio.eklozia.fr\/bocauxco\/wp-json\/wp\/v2\/tags?post=29835"}],"curies":[{"name":"wp","href":"https:\/\/api.w.org\/{rel}","templated":true}]}}