{"id":29942,"date":"2021-09-16T11:10:51","date_gmt":"2021-09-16T09:10:51","guid":{"rendered":"https:\/\/bocaux-and-co.fr\/\/infolettre-n6-16-septembre-2021\/"},"modified":"2021-09-16T11:10:51","modified_gmt":"2021-09-16T09:10:51","slug":"infolettre-n6-16-septembre-2021","status":"publish","type":"post","link":"https:\/\/www.studio.eklozia.fr\/bocauxco\/infolettre-n6-16-septembre-2021\/","title":{"rendered":"Infolettre n\u00b06 -16 septembre 2021"},"content":{"rendered":"\n<h4 class=\"wp-block-heading\"><strong>Quelques nouvelles avant de vous parler du lancement.&nbsp;<\/strong><\/h4>\n\n\n\n<p>Quelques jours avant le lancement,&nbsp;<strong>la commission de quartier Dijon sud,<\/strong>&nbsp;a apport\u00e9 son soutien \u00e0 bocaux&amp;co : un grand merci aux habitants qui encouragent notre projet !<\/p>\n\n\n\n<p>Nous avons la chance \u00e9galement d\u2019\u00eatre accompagn\u00e9es par <strong>\u00ab\u00a0le T Incubateur engag\u00e9\u00a0\u00bb<\/strong>&nbsp;: nous avons particip\u00e9 au premier s\u00e9minaire d\u00e9but septembre ce qui nous a permis de rencontrer les porteurs de 10 autres projets en Bourgogne.&nbsp;<\/p>\n\n\n\n<h4 class=\"wp-block-heading\"><strong>Un projet participatif<\/strong><\/h4>\n\n\n\n<p>Vous \u00eates nombreux \u00e0 nous avoir propos\u00e9 un coup de main (pour la collecte, le tri, le lavage&#8230;) et c\\&rsquo;est super !! \ud83d\ude42<\/p>\n\n\n\n<p>D\u00e8s la semaine prochaine, nous allons organiser des&nbsp;<strong>ateliers pour \u00ab\u00a0faire ensemble\u00a0\u00bb<\/strong>. Vous \u00eates interess\u00e9.e.s ? Faites nous signe sur&nbsp;<a href=\"mailto:contact@bocaux-and-co.fr\" target=\"_blank\" rel=\"noreferrer noopener\">contact@bocaux-and-co.fr<\/a>.&nbsp;&nbsp;<\/p>\n\n\n\n<h4 class=\"wp-block-heading\"><strong>Retour sur le lancement !&nbsp;<\/strong><\/h4>\n\n\n\n<p>bocaux&amp;co vient d\u2019ouvrir ses 5 premiers points de collecte sur le Sud dijonnais<\/p>\n\n\n\n<p>Dans le cadre du festival des solutions \u00e9cologiques, orchestr\u00e9 par le Conseil r\u00e9gional Bourgogne Franche Comt\u00e9,&nbsp;<strong>bocaux&amp;co a lanc\u00e9 officiellement l\u2019exp\u00e9rimentation d\u2019un circuit de collecte des bocaux sur le sud dijonnais.&nbsp;<\/strong><\/p>\n\n\n\n<p><strong>Les 10 et 11 septembre<\/strong>, environ 130 personnes sont venues d\u00e9couvrir et soutenir bocaux&amp;co, \u00e0 l\u2019occasion de l\u2019inauguration des 5 premiers points de collecte<\/p>\n\n\n\n<figure class=\"wp-block-image size-large\"><img decoding=\"async\" width=\"1024\" height=\"352\" src=\"https:\/\/www.studio.eklozia.fr\/bocauxco\/wp-content\/uploads\/2021\/09\/points-de-collecte-1-1024x352.png\" alt=\"\" class=\"wp-image-31494\" srcset=\"https:\/\/www.studio.eklozia.fr\/bocauxco\/wp-content\/uploads\/2021\/09\/points-de-collecte-1-980x337.png 980w, https:\/\/www.studio.eklozia.fr\/bocauxco\/wp-content\/uploads\/2021\/09\/points-de-collecte-1-480x165.png 480w\" sizes=\"(min-width: 0px) and (max-width: 480px) 480px, (min-width: 481px) and (max-width: 980px) 980px, (min-width: 981px) 1024px, 100vw\" \/><\/figure>\n\n\n\n<p><a href=\"https:\/\/cloud.liberta.vip\/s\/yMngPAtD2x2rbmw\" target=\"_blank\" rel=\"noreferrer noopener nofollow\"><strong>&#8211; vendredi 10 \u00e0 11h \u00e0 Court Circuit 21<\/strong><\/a>: inauguration du premier&nbsp;point de collecte et l\u2019occasion pour&nbsp;<strong>Fran\u00e7oise Cannard<\/strong>, salari\u00e9e de Court Circuit 21 et&nbsp;<strong>Claude Journet,&nbsp;<\/strong>adh\u00e9rent, de souligner les valeurs et engagements que partage le magasin participatif avec bocaux&amp;co mais aussi d\u2019entendre la parole de&nbsp;<strong>Guillaume Lapr\u00e9e&nbsp;<\/strong>de la Ferme de Mairey et de&nbsp;<strong>J\u00e9r\u00f4me Haim<\/strong>&nbsp;de la soci\u00e9t\u00e9 Stal, tous deux int\u00e9ress\u00e9s par la question du r\u00e9emploi des bocaux et les solutions envisag\u00e9es par bocaux&amp;co.<\/p>\n\n\n\n<figure class=\"wp-block-image size-large\"><img decoding=\"async\" src=\"https:\/\/bocaux-and-co.fr\/wp-content\/uploads\/2022\/04\/2-768x1024.jpg\" alt=\"\" class=\"wp-image-31498\"\/><\/figure>\n\n\n\n<p><strong><a href=\"https:\/\/cloud.liberta.vip\/s\/M9FJwnq5wqm7X4a\" target=\"_blank\" rel=\"noreferrer noopener nofollow\">&#8211; vendredi 10 \u00e0 17h au R\u00e9zo F\u00eat\u2019Art<\/a><\/strong>: outre l\u2019inauguration du deuxi\u00e8me point de collecte de bocaux&amp;co, ce rendez-vous constituait&nbsp;le lancement officiel du projet.&nbsp;Les personnes pr\u00e9sentes ont pu notamment entendre la parole de diff\u00e9rents acteurs qui soutiennent d\u00e9j\u00e0 le projet :&nbsp;<strong>Mathilde Mouchet<\/strong>&nbsp;pour le D\u00e9partement de la C\u00f4te d\u2019Or,&nbsp;<strong>Fr\u00e9d\u00e9ric Jan<\/strong>&nbsp;pour l\u2019Ademe,&nbsp;<strong>Malika Durieux<\/strong>&nbsp;du Pes21,&nbsp;<strong>Fran\u00e7oise Morizot-Braud<\/strong>&nbsp;du Cerd,&nbsp;<strong>Fr\u00e9d\u00e9ric Ramette<\/strong>&nbsp;de la Recyclade, et en vid\u00e9o&nbsp;<strong>Anselm Ibing&nbsp;<\/strong>de Bocaux d\u2019amour.<\/p>\n\n\n\n<p>Ce lancement a \u00e9t\u00e9 convival et festif, gr\u00e2ce \u00e0 l\u2019accueil chaleureux&nbsp;<strong>du R\u00e9zo F\u00eat\u2019Art<\/strong>&nbsp;et au concert de&nbsp;<strong>Gadjo Divio<\/strong>.<\/p>\n\n\n\n<figure class=\"wp-block-image size-full is-resized\"><img decoding=\"async\" src=\"https:\/\/bocaux-and-co.fr\/wp-content\/uploads\/2022\/04\/8.jpg\" alt=\"\" class=\"wp-image-31495\" width=\"640\" height=\"480\" srcset=\"https:\/\/www.studio.eklozia.fr\/bocauxco\/wp-content\/uploads\/2022\/04\/8.jpg 640w, https:\/\/www.studio.eklozia.fr\/bocauxco\/wp-content\/uploads\/2022\/04\/8-300x225.jpg 300w, https:\/\/www.studio.eklozia.fr\/bocauxco\/wp-content\/uploads\/2022\/04\/8-510x382.jpg 510w, https:\/\/www.studio.eklozia.fr\/bocauxco\/wp-content\/uploads\/2022\/04\/8-480x360.jpg 480w\" sizes=\"(max-width: 640px) 100vw, 640px\" \/><\/figure>\n\n\n\n<p><strong><a href=\"https:\/\/cloud.liberta.vip\/s\/M9FJwnq5wqm7X4a\" target=\"_blank\" rel=\"noreferrer noopener nofollow\">&#8211; samedi 11 \u00e0 9h au Centre social des Bourroches<\/a><\/strong>:&nbsp; inauguration du troisi\u00e8me&nbsp;point de collecte \u00e0 l\u2019occasion de la distribution hebdomadaire de l\u2019Amap les Jardins de Virgile.&nbsp;<strong>Sylvie Rebillard-Chavanet<\/strong>, co-pr\u00e9sidente de l\u2019Amap les Jardins de Virgile, a soulign\u00e9 la coh\u00e9rence du projet bocaux&amp;co avec la d\u00e9marche port\u00e9e par le mouvement des amaps depuis plus de 20 ans&nbsp;;<\/p>\n\n\n\n<figure class=\"wp-block-image size-large\"><img decoding=\"async\" src=\"https:\/\/bocaux-and-co.fr\/wp-content\/uploads\/2022\/04\/6-1024x768.jpg\" alt=\"\" class=\"wp-image-31496\"\/><\/figure>\n\n\n\n<p><strong><a href=\"https:\/\/cloud.liberta.vip\/s\/xgkfPW2nEg2MYNs\" target=\"_blank\" rel=\"noreferrer noopener nofollow\">&#8211; samedi 11 \u00e0 11h \u00e0 l\u2019Epicerie locavore des Bourroches puis aux Jardins d\u2019Eug\u00e8ne (Mjc des Bourroches)<\/a><\/strong>: l\u2019inauguration des quatri\u00e8me et cinqui\u00e8me points de collecte a permis \u00e0&nbsp;<strong>Virginie Galmiche<\/strong>&nbsp;de l\u2019Epicerie locavore de rappeler que son implication en tant que point de collecte s\u2019inscrit dans le soutien qu\u2019elle apporte aux producteurs locaux.&nbsp;<strong>Jean-Philippe Decologne,<\/strong>&nbsp;de la Note du Colibri, a t\u00e9moign\u00e9 de son int\u00e9r\u00eat pour le r\u00e9emploi des bocaux.&nbsp;<strong>Marc Kanhye,<\/strong>&nbsp;directeur de la Mjc-Centre social des Bourroches a replac\u00e9 le partenariat avec bocaux&amp;co dans la strat\u00e9gie d\u2019animation d\u2019un territoire autour de la question alimentaire. Et&nbsp;<strong>Aurore Lagneau,<\/strong>&nbsp;\u00e9lue du Conseil r\u00e9gional Bourgogne Franche Comt\u00e9 a soulign\u00e9 le soutien que la R\u00e9gion apporte au projet bocaux&amp;co<\/p>\n\n\n\n<figure class=\"wp-block-image size-large\"><img decoding=\"async\" src=\"https:\/\/bocaux-and-co.fr\/wp-content\/uploads\/2022\/04\/IMG_6468-1024x768.jpg\" alt=\"\" class=\"wp-image-31497\"\/><\/figure>\n\n\n\n<h4 class=\"wp-block-heading\"><strong>Ces deux jours ont permis notamment de:&nbsp;<\/strong><\/h4>\n\n\n\n<p><strong>&#8211; montrer la richesse de l\u2019\u00e9cosyst\u00e8me de bocaux&amp;co :<\/strong> citoyens, professionnels, partenaires op\u00e9rationnels et financiers \u00e9taient au rendez-vous.&nbsp;<\/p>\n\n\n\n<p><strong>&#8211; valoriser l\u2019adh\u00e9sion des professionnels<\/strong> de la conserverie qui souhaitent s\u2019engager avec bocaux&amp;co dans le r\u00e9emploi de leurs contenants en verre&nbsp;;<\/p>\n\n\n\n<p><strong>&#8211; v\u00e9rifier l\u2019adh\u00e9sion des citoyens :<\/strong> d\u00e8s l\u2019inauguration des points de collecte, des dons de bocaux vides (parfois cons\u00e9quents) ont afflu\u00e9, ce qui am\u00e8ne bocaux&amp;co \u00e0 proposer 2 modalit\u00e9s de collecte (r\u00e9guli\u00e8re dans les points de collecte identifi\u00e9s dans le cadre de l\u2019exp\u00e9rimentation et ponctuelles sur rendez-vous).<\/p>\n\n\n\n<h4 class=\"wp-block-heading\"><strong>Les m\u00e9dias ont largement relay\u00e9 le lancement de bocaux&amp;co :&nbsp;<\/strong><\/h4>\n\n\n\n<p><strong><a href=\"https:\/\/www.liberation.fr\/environnement\/biodiversite\/en-bourgogne-franche-comte-des-initiatives-qui-donnent-de-lespoir-20210909_A4VLOQOHSBE2DGUF2RNTXMSCBE\/\" target=\"_blank\" rel=\"noreferrer noopener nofollow\">dossier Lib\u00e9ration<\/a><\/strong> du 9 septembre<\/p>\n\n\n\n<p><strong><a href=\"https:\/\/france3-regions.francetvinfo.fr\/bourgogne-franche-comte\/cote-d-or\/dijon\/dijon-bocaux-co-une-initiative-pour-reutiliser-vos-contenants-en-verre-2244586.html\" target=\"_blank\" rel=\"noreferrer noopener nofollow\">article France3 BFC<\/a><\/strong> du 11 septembre<\/p>\n\n\n\n<p><strong><a href=\"https:\/\/www.infos-dijon.com\/news\/vie-locale\/vie-locale\/dijon-lancement-de-bocaux-co-pour-reemployer-au-lieu-de-recycler.html\" target=\"_blank\" rel=\"noreferrer noopener nofollow\">article Infos-Dijon<\/a> <\/strong>du 12 septembre<\/p>\n\n\n\n<p><strong><a href=\"https:\/\/cloud.liberta.vip\/s\/DXiigDeKFDA2PxR\" target=\"_blank\" rel=\"noreferrer noopener nofollow\">vid\u00e9o sur bocaux&amp;co<\/a><\/strong> r\u00e9alis\u00e9e par Magnavox dans le cadre du Festival des solutions \u00e9cologiques<\/p>\n\n\n\n<p><strong>chronique Fun Radio Dijon<\/strong> du 8 septembre \u00e0 8h45 (rediffus\u00e9e le 11 septembre \u00e0 10h45\/16h56\/19h56)<\/p>\n\n\n\n<h4 class=\"wp-block-heading\"><b>L&rsquo;impact environnemental de ces 4 \u00e9v\u00e9nements a \u00e9t\u00e9 r\u00e9duit au maximum :&nbsp;<\/b><\/h4>\n\n\n\n<p>Tous au long de ces deux jours, nous avons \u00e9t\u00e9 particuli\u00e8rement attentives \u00e0 notre impact environnemental :&nbsp;<strong>vaisselle et linge r\u00e9employables<\/strong>,&nbsp;<strong>produits alimentaires<\/strong> achet\u00e9s aupr\u00e8s de producteurs locaux,&nbsp;<strong>transport de mat\u00e9riel<\/strong> r\u00e9alis\u00e9 principalement en v\u00e9lo,&nbsp;<strong>impressions r\u00e9duites r\u00e9alis\u00e9es localement<\/strong> (merci \u00e0 <a href=\"http:\/\/www.icoimprimeriedijon.com\/\" rel=\"nofollow noopener\" target=\"_blank\">ICO<\/a>, l\u2019imprimerie coop\u00e9rative ouvri\u00e8re pour les impressions papier et au <a href=\"http:\/\/www.icoimprimeriedijon.com\/\" target=\"_blank\" rel=\"noreferrer noopener nofollow\">T\u00e2che papier<\/a> pour la s\u00e9rigraphie des drapeaux),&nbsp;<strong>d\u00e9chets<\/strong> (seulement quelques serviettes papier jet\u00e9es)<\/p>\n\n\n\n<p>Ce lancement, \u00e0 la hauteur des espoirs des deux porteuses de projet, donne le signal de d\u00e9part du d\u00e9but de l\u2019exp\u00e9rimentation&nbsp;: \u00e0 nous tou.te.s de jouer&nbsp;!<\/p>\n\n\n\n<p><strong>Catherine et Nadeige<\/strong><\/p>\n\n\n\n<p><strong><a href=\"mailto:contact@bocaux-and-co.fr\" target=\"_blank\" rel=\"noreferrer noopener\">contact@bocaux-and-co.fr<\/a> \/ <a href=\"https:\/\/bocaux-and-co.fr\" target=\"_blank\" rel=\"noreferrer noopener nofollow\">https:\/\/bocaux-and-co.fr<\/a><\/strong><\/p>\n","protected":false},"excerpt":{"rendered":"<p>Retour sur le lancement ! <\/p>\n<p>bocaux&#038;co vient d\u2019ouvrir ses 5 premiers points de collecte sur le Sud dijonnais<br \/>\nDans le cadre du festival des solutions \u00e9cologiques, orchestr\u00e9 par le Conseil r\u00e9gional Bourgogne Franche Comt\u00e9, bocaux&#038;co a lanc\u00e9 officiellement l\u2019exp\u00e9rimentation d\u2019un circuit de collecte des bocaux sur le sud dijonnais. <\/p>\n","protected":false},"author":1,"featured_media":31492,"comment_status":"closed","ping_status":"open","sticky":false,"template":"","format":"standard","meta":{"_et_pb_use_builder":"on","_et_pb_old_content":"","_et_gb_content_width":"","footnotes":""},"categories":[36],"tags":[],"class_list":["post-29942","post","type-post","status-publish","format-standard","has-post-thumbnail","hentry","category-infolettre"],"_links":{"self":[{"href":"https:\/\/www.studio.eklozia.fr\/bocauxco\/wp-json\/wp\/v2\/posts\/29942","targetHints":{"allow":["GET"]}}],"collection":[{"href":"https:\/\/www.studio.eklozia.fr\/bocauxco\/wp-json\/wp\/v2\/posts"}],"about":[{"href":"https:\/\/www.studio.eklozia.fr\/bocauxco\/wp-json\/wp\/v2\/types\/post"}],"author":[{"embeddable":true,"href":"https:\/\/www.studio.eklozia.fr\/bocauxco\/wp-json\/wp\/v2\/users\/1"}],"replies":[{"embeddable":true,"href":"https:\/\/www.studio.eklozia.fr\/bocauxco\/wp-json\/wp\/v2\/comments?post=29942"}],"version-history":[{"count":0,"href":"https:\/\/www.studio.eklozia.fr\/bocauxco\/wp-json\/wp\/v2\/posts\/29942\/revisions"}],"wp:featuredmedia":[{"embeddable":true,"href":"https:\/\/www.studio.eklozia.fr\/bocauxco\/wp-json\/wp\/v2\/media\/31492"}],"wp:attachment":[{"href":"https:\/\/www.studio.eklozia.fr\/bocauxco\/wp-json\/wp\/v2\/media?parent=29942"}],"wp:term":[{"taxonomy":"category","embeddable":true,"href":"https:\/\/www.studio.eklozia.fr\/bocauxco\/wp-json\/wp\/v2\/categories?post=29942"},{"taxonomy":"post_tag","embeddable":true,"href":"https:\/\/www.studio.eklozia.fr\/bocauxco\/wp-json\/wp\/v2\/tags?post=29942"}],"curies":[{"name":"wp","href":"https:\/\/api.w.org\/{rel}","templated":true}]}}