{"id":30008,"date":"2021-09-11T14:26:53","date_gmt":"2021-09-11T12:26:53","guid":{"rendered":"https:\/\/bocaux-and-co.fr\/\/france3-bfc-11-septembre-2021\/"},"modified":"2021-09-11T14:26:53","modified_gmt":"2021-09-11T12:26:53","slug":"france3-bfc-11-septembre-2021","status":"publish","type":"post","link":"https:\/\/www.studio.eklozia.fr\/bocauxco\/france3-bfc-11-septembre-2021\/","title":{"rendered":"[ article ] &#8211; France3 BFC &#8211; 11 septembre 2021"},"content":{"rendered":"\n<p class=\"is-style-paragraph-special-1\"><span style=\"color: var(--ast-global-color-2); font-size: 1.66667rem;\"><span class=\"has-inline-color has-ast-global-color-7-color\">Dijon : \u00ab\u00a0Bocaux &amp; Co\u00a0\u00bb, une initiative pour r\u00e9utiliser vos contenants en verre<\/span><\/span><\/p>\n\n\n\n<blockquote class=\"wp-block-quote is-layout-flow wp-block-quote-is-layout-flow\"><p>Les bocaux en verre sont un outil de transition \u00e9cologique gr\u00e2ce \u00e0 leur r\u00e9emploi : c&rsquo;est sur ce pari qu&rsquo;une initiative a \u00e9t\u00e9 lanc\u00e9e sur l&rsquo;agglom\u00e9ration dijonnaise pour r\u00e9utiliser les bocaux. Et f\u00e9d\u00e9rer autour du cycle de vie du bocal.<\/p><cite>Publi\u00e9 le 11\/09\/2021 \u00e0 06h31 sur <a href=\"https:\/\/france3-regions.francetvinfo.fr\/bourgogne-franche-comte\/cote-d-or\/dijon\/dijon-bocaux-co-une-initiative-pour-reutiliser-vos-contenants-en-verre-2244586.html\" target=\"_blank\" rel=\"noreferrer noopener nofollow\">France tv info<\/a><\/cite><\/blockquote>\n\n\n\n<p><a href=\"https:\/\/bocaux-and-co.fr\/\" target=\"_blank\" rel=\"noreferrer noopener nofollow\">L&rsquo;Association Bocaux &amp; Co<\/a> est n\u00e9e en mars 2021, sur un constat simple : le bocal en verre \u00e0 capsule \u00e0 vis est un outil de transition \u00e9nerg\u00e9tique, mais aussi de transition \u00e9conomique et soci\u00e9tale.&nbsp;<\/p>\n\n\n\n<h2 class=\"wp-block-heading\">Le r\u00e9emploi, vite !<\/h2>\n\n\n\n<p>Nadeige Ruppli, co-fondatrice de l&rsquo;association, est cat\u00e9gorique : <em>\u00ab\u00a0le recyclage, \u00e7a n&rsquo;est plus suffisant, il faut faire plus ! Cela a un impact environnemental nettement plus lourd que le r\u00e9emploi.\u00a0\u00bb <\/em>Le verre est un mat\u00e9riau durable, qui, apr\u00e8s collecte, a besoin d&rsquo;\u00eatre nettoy\u00e9 pour r\u00e9pondre aux normes sanitaires, mais il est&nbsp;<em>\u00ab\u00a0imm\u00e9diatement utilisable.\u00a0\u00bb&nbsp;<\/em><br>Alors que dans un circuit de&nbsp;recyclage, il faut plusieurs \u00e9tapes :<em>\u00ab\u00a0cela consiste \u00e0 d\u00e9poser le verre dans une cloche \u00e0 verre, \u00e7a part dans une usine,&nbsp;o\u00f9 il faut le trier, le d\u00e9barrasser des ind\u00e9sirables. Puis le fondre \u00e0 1500\u00b0c pour \u00e0 nouveau fabriquer de nouveaux bocaux.\u00a0\u00bb<\/em><\/p>\n\n\n\n<p><br>Le r\u00e9emploi permet d&rsquo;\u00e9viter toutes ces \u00e9tapes et de r\u00e9duire l&rsquo;impact environnemental : <em>\u00ab\u00a079% de CO2 sont ainsi \u00e9conomis\u00e9s, 76% d&rsquo;\u00e9nergie et 33% d&rsquo;eau.\u00a0\u00bb<\/em><\/p>\n\n\n\n<h2 class=\"wp-block-heading\">Une demande attendue de la part des producteurs et consommateurs<\/h2>\n\n\n\n<p>Chacun de son c\u00f4t\u00e9 <em>\u00ab\u00a0pratiquait \u00e0 son \u00e9chelle le r\u00e9emploi des bocaux\u00a0\u00bb<\/em>, souligne Nadeige Ruppli. Mais<em>&nbsp;\u00ab\u00a0c&rsquo;\u00e9tait extr\u00eamement chronophage<\/em>&nbsp;\u00a0\u00bb pour les producteurs et \u00ab\u00a0<em>c&rsquo;est une vraie logistique. Ils sont souvent seuls, ce sont des petites structures, mais ils ont vraiment \u00e0 coeur de vouloir effectuer du r\u00e9emploi.\u00a0\u00bb<\/em><\/p>\n\n\n\n<p>Les consommateurs, eux aussi \u00e0 leur niveau, mettent de c\u00f4t\u00e9 des bocaux pour les r\u00e9utiliser, donc pour l&rsquo;association, il y a <em>\u00ab\u00a0mati\u00e8re \u00e0 travailler !\u00a0\u00bb<\/em><\/p>\n\n\n\n<p>Afin de pouvoir diminuer l&rsquo;impact environnemental, l&rsquo;assocation <em>Bocaux &amp; Co<\/em> se propose d&rsquo;intervenir aupr\u00e8s de l&rsquo;ensemble des acteurs du cycle de vie du bocal : les producteurs qui&nbsp;proposent leurs produits vendus en bocaux, les consommateurs qui ach\u00e8tent les bocaux pleins, les vendeurs, les gens qui traitent les bocaux.&nbsp;<br>Concr\u00e8tement, l&rsquo;association va installer des points de collecte pour d\u00e9poser les bocaux vides, puis les r\u00e9cup\u00e8rer, les trier, les laver et les vendre aux particuliers et aux professionnels.<\/p>\n\n\n\n<figure class=\"wp-block-image\"><img decoding=\"async\" src=\"https:\/\/france3-regions.francetvinfo.fr\/image\/TPw89Q9_WhoIL6jFfkz7oYNDwcI\/0x0:667x631\/0x0\/regions\/2021\/09\/10\/613b7d2535a01_circuit-de-reemploi-5450975.jpg\" alt=\"Le circuit de r\u00e9emploi des bocaux, propos\u00e9 par l'Association Bocaux&amp;Co\"\/><figcaption>Le circuit de r\u00e9emploi des bocaux, propos\u00e9 par l&rsquo;Association Bocaux&amp;Co \u2022 \u00a9 Bocaux&amp;Co<\/figcaption><\/figure>\n\n\n\n<h2 class=\"wp-block-heading\">Un projet qui d\u00e9marre progressivement<\/h2>\n\n\n\n<p>C&rsquo;est sur 4 phases que le projet doit se d\u00e9rouler :<\/p>\n\n\n\n<p><br><strong>Une exp\u00e9rimentation<\/strong> est lanc\u00e9e tout d&rsquo;abord pendant un an <em>\u00ab\u00a0sur une petite \u00e9chelle, uniquement sur le sud de Dijon\u00a0\u00bb<\/em>, \u00e0 travers 8 points de collecte de partenaires identifi\u00e9s, dont des \u00e9piceries solidaires. Cette premi\u00e8re phase va consister \u00e0 explorer tous les aspects du r\u00e9emploi des bocaux, en passant aussi par les \u00e9piceries <em>\u00ab\u00a0vrac\u00a0\u00bb.<\/em><br>Pour l&rsquo;instant, pas de syst\u00e8me de consigne sur les bocaux&nbsp;chez les producteurs,<em> \u00ab\u00a0on effectue un d\u00e9p\u00f4t sans contrepartie\u00a0\u00bb,<\/em> pr\u00e9cise Nadeige Ruppli.<\/p>\n\n\n\n<p><br>Sur une seconde phase l&rsquo;ann\u00e9e suivante, <strong>le d\u00e9ploiement <\/strong>de ce r\u00e9emploi s&rsquo;effectuera&nbsp;\u00e0 l&rsquo;\u00e9chelle du Grand Dijon, peut-\u00eatre par quartiers.<br>En septembre 2023, l&rsquo;association souhaite mettre en place un<strong> laboratoire de transformation<\/strong>, pour d\u00e9velopper la pratique de la conservation en bocal.<br>Puis en septembre 2024, c&rsquo;est un<strong> volet formation <\/strong>qui est pr\u00e9vu : pour former et sensibiliser aux techniques de conservation en bocal.<br>&nbsp;<\/p>\n\n\n\n<p>Le projet a re\u00e7u le soutien du Conseil R\u00e9gional de Bourgogne-Franche-Comt\u00e9, un soutien \u00e0 la fois financier et de mise en relation avec des partenaires. Le projet est retenu<a href=\"https:\/\/jeparticipe.bourgognefranchecomte.fr\/transition-ecologique\/festival-des-solutions-ecologiques-2021\/\" target=\"_blank\" rel=\"noreferrer noopener nofollow\"> dans le cadre du festival des solutions \u00e9cologiques (du 6 au 12 septembre)<\/a>, et a aussi re\u00e7u <a href=\"https:\/\/pole-economie-solidaire21.org\/\" target=\"_blank\" rel=\"noreferrer noopener nofollow\">le soutien du P\u00f4le d&rsquo;Economie Sociale et Solidaire de C\u00f4te-d&rsquo;Or (PES 21)<\/a><\/p>\n\n\n\n<p>Le projet comporte des enjeux multiples : hormis le volet \u00e9cologique, il permettra d&rsquo;avoir un impact \u00e9conomique par la cr\u00e9ation d&#8217;emplois (si possible, dans le domaine des emplois adapt\u00e9s), et aussi un impact soci\u00e9tal car Bocaux &amp; Co&nbsp;souhaite sensibiliser \u00e0 l&rsquo;auto-suffisance et \u00e0 la transformation de produits en circuit court.<br>&nbsp;<\/p>\n\n\n\n<h5 class=\"wp-block-heading\">La liste des points de collecte<\/h5>\n\n\n\n<ul class=\"wp-block-list\"><li><a href=\"https:\/\/www.facebook.com\/courtcircuit21\/\" target=\"_blank\" rel=\"noreferrer noopener nofollow\">Court Circuit 21, magasin collaboratif et participatif \u00e0 Chen\u00f4ve\u00a0<\/a><\/li><li><a href=\"https:\/\/www.facebook.com\/Rezofetart\/\" target=\"_blank\" rel=\"noreferrer noopener nofollow\">R\u00e9zo F\u00eat&rsquo;Art, r\u00e9seau associatif, culturel et social, quai Nicolas Rollin \u00e0 Dijon<\/a><\/li><li><a href=\"https:\/\/www.facebook.com\/MJC-Centre-Social-des-Bourroches-1687232098161293\/\" target=\"_blank\" rel=\"noreferrer noopener nofollow\">Centre Social des Bourroches<\/a> (avec <a href=\"http:\/\/lesjardinsdevirgile.eu.org\/\" target=\"_blank\" rel=\"noreferrer noopener nofollow\">l&rsquo;AMAP associ\u00e9e les Jardins de Virgile<\/a>)<\/li><li><a href=\"https:\/\/epicerie-locavore-des-bourroches.fr\/\" target=\"_blank\" rel=\"noreferrer noopener nofollow\">Epicerie locavore des Bourroches<\/a><\/li><li><a href=\"http:\/\/www.mjc-cs-bourroches.fr\/index.php\/eco-citoyennete\/jardins-d-eugene\" target=\"_blank\" rel=\"noreferrer noopener nofollow\">Les Jardins d&rsquo;Eug\u00e8ne (avec la MJC des Bourroches)<\/a><\/li><li><a href=\"http:\/\/larecyclade.fr\/\" target=\"_blank\" rel=\"noreferrer noopener nofollow\">La recyclade Bourroches<\/a><\/li><li><a href=\"http:\/\/larecyclade.fr\/\" target=\"_blank\" rel=\"noreferrer noopener nofollow\">La recyclade Montmuzard<\/a><\/li><li><a href=\"https:\/\/www.facebook.com\/maisondesassociationsdijon\" target=\"_blank\" rel=\"noreferrer noopener nofollow\">La maison des Associations<\/a><\/li><\/ul>\n\n\n\n<p>3 autres points de collecte sont \u00e0 venir :&nbsp;<\/p>\n\n\n","protected":false},"excerpt":{"rendered":"<p>Dijon : \u00ab\u00a0Bocaux &#038; Co\u00a0\u00bb, une initiative pour r\u00e9utiliser vos contenants en verre<\/p>\n<p>Les bocaux en verre sont un outil de transition \u00e9cologique gr\u00e2ce \u00e0 leur r\u00e9emploi : c&rsquo;est sur ce pari qu&rsquo;une initiative a \u00e9t\u00e9 lanc\u00e9e sur l&rsquo;agglom\u00e9ration dijonnaise pour r\u00e9utiliser les bocaux. Et f\u00e9d\u00e9rer autour du cycle de vie du bocal.<\/p>\n<p>Publi\u00e9 le 11\/09\/2021 \u00e0 06h31<\/p>\n","protected":false},"author":1,"featured_media":30014,"comment_status":"open","ping_status":"open","sticky":false,"template":"","format":"standard","meta":{"_et_pb_use_builder":"on","_et_pb_old_content":"","_et_gb_content_width":"","footnotes":""},"categories":[37],"tags":[],"class_list":["post-30008","post","type-post","status-publish","format-standard","has-post-thumbnail","hentry","category-medias"],"_links":{"self":[{"href":"https:\/\/www.studio.eklozia.fr\/bocauxco\/wp-json\/wp\/v2\/posts\/30008","targetHints":{"allow":["GET"]}}],"collection":[{"href":"https:\/\/www.studio.eklozia.fr\/bocauxco\/wp-json\/wp\/v2\/posts"}],"about":[{"href":"https:\/\/www.studio.eklozia.fr\/bocauxco\/wp-json\/wp\/v2\/types\/post"}],"author":[{"embeddable":true,"href":"https:\/\/www.studio.eklozia.fr\/bocauxco\/wp-json\/wp\/v2\/users\/1"}],"replies":[{"embeddable":true,"href":"https:\/\/www.studio.eklozia.fr\/bocauxco\/wp-json\/wp\/v2\/comments?post=30008"}],"version-history":[{"count":0,"href":"https:\/\/www.studio.eklozia.fr\/bocauxco\/wp-json\/wp\/v2\/posts\/30008\/revisions"}],"wp:featuredmedia":[{"embeddable":true,"href":"https:\/\/www.studio.eklozia.fr\/bocauxco\/wp-json\/wp\/v2\/media\/30014"}],"wp:attachment":[{"href":"https:\/\/www.studio.eklozia.fr\/bocauxco\/wp-json\/wp\/v2\/media?parent=30008"}],"wp:term":[{"taxonomy":"category","embeddable":true,"href":"https:\/\/www.studio.eklozia.fr\/bocauxco\/wp-json\/wp\/v2\/categories?post=30008"},{"taxonomy":"post_tag","embeddable":true,"href":"https:\/\/www.studio.eklozia.fr\/bocauxco\/wp-json\/wp\/v2\/tags?post=30008"}],"curies":[{"name":"wp","href":"https:\/\/api.w.org\/{rel}","templated":true}]}}