{"id":30018,"date":"2021-09-12T14:48:24","date_gmt":"2021-09-12T12:48:24","guid":{"rendered":"https:\/\/bocaux-and-co.fr\/\/infos-dijon-12-septembre-2021\/"},"modified":"2021-09-12T14:48:24","modified_gmt":"2021-09-12T12:48:24","slug":"infos-dijon-12-septembre-2021","status":"publish","type":"post","link":"https:\/\/www.studio.eklozia.fr\/bocauxco\/infos-dijon-12-septembre-2021\/","title":{"rendered":"[ article ] &#8211; Infos-Dijon &#8211; 12 septembre 2021"},"content":{"rendered":"\n<h2 class=\"is-style-header-special-1 wp-block-heading\"><mark style=\"background-color:rgba(0, 0, 0, 0)\" class=\"has-inline-color has-ast-global-color-8-color\">Dijon : Lancement de Bocaux &amp; Co pour \u00ab\u00a0r\u00e9employer au lieu de recycler\u00a0\u00bb<\/mark><\/h2>\n\n\n\n<blockquote class=\"wp-block-quote is-layout-flow wp-block-quote-is-layout-flow\"><p>Comme beaucoup de monde, Catherine et Nadeige Ruppli d\u00e9posaient leur bocaux dans \u00ables bacs \u00e0 verre\u00bb. Recycler pour ne pas br\u00fbler. Mais, depuis quelques mois, l\u2019id\u00e9e de r\u00e9utiliser plut\u00f4t que de recycler \u00e9tait pr\u00e9sente dans l\u2019esprit des deux Dijonnaises.<\/p><cite>Publi\u00e9 le&nbsp;12\/09\/2021 \u2013&nbsp;<em>Norbert Banchet<\/em><\/cite><\/blockquote>\n\n\n\n<p><a href=\"https:\/\/www.infos-dijon.com\/news\/vie-locale\/vie-locale\/dijon-lancement-de-bocaux-co-pour-reemployer-au-lieu-de-recycler.html?fbclid=IwAR2HjDXgW0KtCH_ezYV_8JaRIhLni1jRa0PtyI-Hwk0FB7DkOj7fbg6Mj_w\" target=\"_blank\" rel=\"noreferrer noopener nofollow\">Lien vers l&rsquo;article<\/a><\/p>\n\n\n\n<p>omme beaucoup de monde, Catherine et Nadeige Ruppli d\u00e9posaient leur bocaux dans \u00ables bacs \u00e0 verre\u00bb. Recycler pour ne pas br\u00fbler. Mais, depuis quelques mois, l\u2019id\u00e9e de r\u00e9utiliser plut\u00f4t que de recycler \u00e9tait pr\u00e9sente dans l\u2019esprit des deux Dijonnaises.<\/p>\n\n\n\n<p>D\u2019autant que \u00able fait de r\u00e9employer par rapport au recyclage permet d\u2019\u00e9conomiser 79% d\u2019\u00e9mission de CO2, 76% d\u2019\u00e9nergie et 33% d\u2019eau. Donc si on r\u00e9emploi au lieu de recycler on permet de faire toutes ces \u00e9conomies\u00bb, explique fi\u00e8rement Catherine Ruppli lors de l&rsquo;inauguration du point de collecte de Bocaux &amp; Co au R\u00e9zo&rsquo;F\u00eat&rsquo;Art, ce vendredi 10 septembre 2021.<br><em>close<\/em><em>volume_off<\/em><\/p>\n\n\n\n<p>Et d\u2019ajouter : \u00abNous ne pouvons plus nous r\u00e9soudre \u00e0 mettre nos bocaux dans le bac \u00e0 verre, parce que le verre est un mat\u00e9riau durable. Il suffit de le laver pour pouvoir le r\u00e9utiliser\u00bb.<\/p>\n\n\n\n<h4 class=\"wp-block-heading\"><strong>\u00abOn n\u2019a plus le temps d\u2019attendre\u00bb<\/strong><\/h4>\n\n\n\n<p>\u00abNous voulions \u00eatre actrices du changement et de la transition \u00e9cologique\u00bb, poursuit Catherine Ruppli, \u00abnous partons du principe qu\u2019il faut faire, qu\u2019il faut essayer avec ce que l\u2019on a, mais il faut y aller et ne pas rester \u00e0 attendre que \u00e7a vienne. On n&rsquo;a plus le temps d&rsquo;attendre. Nos vies professionnelles nous ont permis d\u2019avoir des connaissances dans le domaine de la culture scientifique et technique dans le cadre universitaire et dans le domaine de la coordination dans le m\u00e9dical. Nos solides exp\u00e9riences professionnelles et nos r\u00e9seaux compl\u00e9mentaires importants nous ont permis de lancer ce projet\u00bb<\/p>\n\n\n\n<h4 class=\"wp-block-heading\"><strong>Un projet ambitieux en trois volets<\/strong><\/h4>\n\n\n\n<p>N\u00e9e en mars 2021, l&rsquo;association Bocaux &amp; Co, fond\u00e9e par Catherine et Nadeige Ruppli, deux belles-s\u0153urs,&nbsp;part sur des bases solides avec des objectifs \u00e0 courts et longs termes. Le premier lanc\u00e9 en ce mois de septembre est la&nbsp;phase de r\u00e9emploi&nbsp;qui consiste \u00e0 collecter les bocaux&nbsp; avec capsules viss\u00e9es et \u00e0 leur donner une seconde vie. Viendra ensuite, au cours de la seconde ann\u00e9e, la cr\u00e9ation d\u2019un laboratoire de transformation pour d\u00e9velopper la pratique de la conservation en bocal. Et le troisi\u00e8me volet, en 2024, sera la cr\u00e9ation d\u2019un centre de formation aux techniques de conservation qui s\u2019adressera aux professionnels.&nbsp;<\/p>\n\n\n\n<p>\u00abMais avant tout\u00bb, confie Catherine Ruppli, \u00abnous allons exp\u00e9rimenter pendant un an \u00e0 l\u2019\u00e9chelle du sud dijonnais, le circuit du r\u00e9emploi. Pour cela huit points de collecte seront ouverts d\u2019ici \u00e0 la fin du mois de septembre. Nous allons mettre en place un syst\u00e8me de r\u00e9cup\u00e9ration des bocaux avec capsules, un lieu de centralisation, de tri et de nettoyage. Ensuite nous pourrons vendre ces bocaux aux professionnels et aux particuliers\u00bb.<br><\/p>\n\n\n\n<h4 class=\"wp-block-heading\"><strong>Des soutiens financiers<\/strong><\/h4>\n\n\n\n<p>Le conseil r\u00e9gional de Bourgogne Franche-Comt\u00e9 a labellis\u00e9 le projet dans le cadre du festival des solutions \u00e9cologiques qui se tient au cours de ce mois de septembre. La commission de quartier de Dijon Sud soutient l\u2019id\u00e9e dans le cadre des budgets participatifs mis en place par la Ville. Enfin le conseil d\u00e9partemental de la C\u00f4te-d\u2019Or a r\u00e9pondu favorablement \u00e0 leur sollicitation financi\u00e8re.<br><\/p>\n\n\n\n<h4 class=\"wp-block-heading\"><strong>La contribution des Dijonnais<\/strong><\/h4>\n\n\n\n<p>Le premier point de collecte&nbsp;du circuit de r\u00e9emploi a donc \u00e9t\u00e9 inaugur\u00e9 officiellement ce vendredi. Plusieurs autres points sont \u00e9galement accessibles au grand public dans le secteur du sud dijonnais. Concr\u00e8tement, les citoyens peuvent d\u00e9poser leurs bocaux vides, avec capsules viss\u00e9es, dans les lieux de collectes suivants :<br>&#8211; Court-Circuit 21, rue de la Justice \u00e0 Chen\u00f4ve<br>&#8211; R\u00e9zo\u2019F\u00eat\u2019Art, quai Nicolas Rolin \u00e0 Dijon<br>&#8211; Centre social les Bourroches, rue de la Corv\u00e9e \u00e0 Dijon<br>&#8211; Epicerie Locavore et \u00e0 la MJC des Bourroches, boulevard Eug\u00e8ne-Fyot \u00e0 Dijon<br>&#8211; Les jardins d&rsquo;Eug\u00e8ne avec la MJC des Bourroches.<br><br>D\u2019autres lieux devraient prochainement accueillir des points de collecte comme la Recyclade aux Bourroches et \u00e0 Montmuzard ou encore la Maison des Associations.<br><br><strong><em>Le site :&nbsp;<a href=\"https:\/\/bocaux-and-co.fr\/\" target=\"_blank\" rel=\"noreferrer noopener nofollow\">Cliquer ICI sur bocaux-and-co.fr<\/a><\/em><\/strong><br><em>&nbsp;Norbert Banchet<\/em><br><em>Photos : N.Banchet&nbsp;<\/em><\/p>\n\n\n\n<h4 class=\"wp-block-heading\"><a href=\"https:\/\/www.infos-dijon.com\/news\/vie-locale\/vie-locale\/bourgogne-franche-comte-le-festival-des-solutions-ecologiques-incite-les-citoyens-a-agir-dans-leur-vie-quotidienne.html\" rel=\"nofollow noopener\" target=\"_blank\">Le Festival des Solutions \u00e9cologiques incite les citoyens \u00e0 agir dans leur vie quotidienne<\/a><\/h4>\n\n\n\n<figure class=\"wp-block-image\"><img decoding=\"async\" src=\"http:\/\/bourgogne-infos.com\/medias\/22117\/dijon-l-alternative-au-recyclage-reemployer-les-bocaux-en-verre-pour-encore-plus-d-economie-128901.jpg\" alt=\"\"\/><\/figure>\n\n\n\n<figure class=\"wp-block-image\"><img decoding=\"async\" src=\"http:\/\/bourgogne-infos.com\/medias\/22117\/dijon-l-alternative-au-recyclage-reemployer-les-bocaux-en-verre-pour-encore-plus-d-economie-192307.jpg\" alt=\"\"\/><\/figure>\n\n\n\n<figure class=\"wp-block-image\"><img decoding=\"async\" src=\"http:\/\/bourgogne-infos.com\/medias\/22117\/dijon-l-alternative-au-recyclage-reemployer-les-bocaux-en-verre-pour-encore-plus-d-economie-349290.jpg\" alt=\"\"\/><\/figure>\n\n\n\n<figure class=\"wp-block-image\"><img decoding=\"async\" src=\"http:\/\/bourgogne-infos.com\/medias\/22117\/dijon-l-alternative-au-recyclage-reemployer-les-bocaux-en-verre-pour-encore-plus-d-economie-395588.jpg\" alt=\"\"\/><\/figure>\n\n\n\n<figure class=\"wp-block-image\"><img decoding=\"async\" src=\"http:\/\/bourgogne-infos.com\/medias\/22117\/dijon-l-alternative-au-recyclage-reemployer-les-bocaux-en-verre-pour-encore-plus-d-economie-408334.jpg\" alt=\"\"\/><\/figure>\n\n\n","protected":false},"excerpt":{"rendered":"<p>Dijon : \u00ab\u00a0Bocaux &#038; Co\u00a0\u00bb, une initiative pour r\u00e9utiliser vos contenants en verre<\/p>\n<p>Les bocaux en verre sont un outil de transition \u00e9cologique gr\u00e2ce \u00e0 leur r\u00e9emploi : c&rsquo;est sur ce pari qu&rsquo;une initiative a \u00e9t\u00e9 lanc\u00e9e sur l&rsquo;agglom\u00e9ration dijonnaise pour r\u00e9utiliser les bocaux. Et f\u00e9d\u00e9rer autour du cycle de vie du bocal.<\/p>\n<p>Publi\u00e9 le 11\/09\/2021 \u00e0 06h31<\/p>\n","protected":false},"author":1,"featured_media":31518,"comment_status":"open","ping_status":"open","sticky":false,"template":"","format":"standard","meta":{"_et_pb_use_builder":"on","_et_pb_old_content":"","_et_gb_content_width":"","footnotes":""},"categories":[37],"tags":[],"class_list":["post-30018","post","type-post","status-publish","format-standard","has-post-thumbnail","hentry","category-medias"],"_links":{"self":[{"href":"https:\/\/www.studio.eklozia.fr\/bocauxco\/wp-json\/wp\/v2\/posts\/30018","targetHints":{"allow":["GET"]}}],"collection":[{"href":"https:\/\/www.studio.eklozia.fr\/bocauxco\/wp-json\/wp\/v2\/posts"}],"about":[{"href":"https:\/\/www.studio.eklozia.fr\/bocauxco\/wp-json\/wp\/v2\/types\/post"}],"author":[{"embeddable":true,"href":"https:\/\/www.studio.eklozia.fr\/bocauxco\/wp-json\/wp\/v2\/users\/1"}],"replies":[{"embeddable":true,"href":"https:\/\/www.studio.eklozia.fr\/bocauxco\/wp-json\/wp\/v2\/comments?post=30018"}],"version-history":[{"count":0,"href":"https:\/\/www.studio.eklozia.fr\/bocauxco\/wp-json\/wp\/v2\/posts\/30018\/revisions"}],"wp:featuredmedia":[{"embeddable":true,"href":"https:\/\/www.studio.eklozia.fr\/bocauxco\/wp-json\/wp\/v2\/media\/31518"}],"wp:attachment":[{"href":"https:\/\/www.studio.eklozia.fr\/bocauxco\/wp-json\/wp\/v2\/media?parent=30018"}],"wp:term":[{"taxonomy":"category","embeddable":true,"href":"https:\/\/www.studio.eklozia.fr\/bocauxco\/wp-json\/wp\/v2\/categories?post=30018"},{"taxonomy":"post_tag","embeddable":true,"href":"https:\/\/www.studio.eklozia.fr\/bocauxco\/wp-json\/wp\/v2\/tags?post=30018"}],"curies":[{"name":"wp","href":"https:\/\/api.w.org\/{rel}","templated":true}]}}