{"id":30086,"date":"2021-09-18T13:05:45","date_gmt":"2021-09-18T11:05:45","guid":{"rendered":"https:\/\/bocaux-and-co.fr\/\/grand-marche-bio-de-quetigny-18-septembre\/"},"modified":"2021-09-18T13:05:45","modified_gmt":"2021-09-18T11:05:45","slug":"grand-marche-bio-de-quetigny-18-septembre","status":"publish","type":"post","link":"https:\/\/www.studio.eklozia.fr\/bocauxco\/grand-marche-bio-de-quetigny-18-septembre\/","title":{"rendered":"Grand march\u00e9 bio de Qu\u00e9tigny &#8211; 18 septembre"},"content":{"rendered":"\n<h2 class=\"wp-block-heading\">Le 18 septembre 2021<\/h2>\n\n\n\n<div class=\"wp-block-columns is-style-columns-with-border is-layout-flex wp-container-core-columns-is-layout-9d6595d7 wp-block-columns-is-layout-flex\">\n<div class=\"wp-block-column is-layout-flow wp-block-column-is-layout-flow\">\n<p class=\"is-style-default has-medium-font-size\">bocaux&amp;co participe au&nbsp;<span class=\"\\&quot;nc684nl6\\&quot;\"><a href=\"https:\/\/www.facebook.com\/events\/564490891570220\/\" rel=\"nofollow noopener\" target=\"_blank\">Grand March\u00e9 Bio Quetigny 2021<\/a><\/span>&nbsp;: n&rsquo;h\u00e9sitez pas \u00e0 passer sur notre stand ! On vous racontera notamment comment avance l&rsquo;exp\u00e9rimentation de collecte des bocaux pour r\u00e9emploi, qui a d\u00e9but\u00e9 tout r\u00e9cemment sur le sud dijonnais <\/p>\n\n\n\n<p class=\"is-style-default\"><img decoding=\"async\" src=\"https:\/\/static.xx.fbcdn.net\/images\/emoji.php\/v9\/tce\/1\/16\/1f600.png\" alt=\"\ud83d\ude00\" width=\"16\" height=\"16\"><\/p>\n\n\n\n<figure class=\"wp-block-image size-full\"><img decoding=\"async\" width=\"640\" height=\"480\" src=\"https:\/\/www.studio.eklozia.fr\/bocauxco\/wp-content\/uploads\/2021\/09\/marche-producteurs-bio-quetigny.jpg\" alt=\"\" class=\"wp-image-30495\" srcset=\"https:\/\/www.studio.eklozia.fr\/bocauxco\/wp-content\/uploads\/2021\/09\/marche-producteurs-bio-quetigny.jpg 640w, https:\/\/www.studio.eklozia.fr\/bocauxco\/wp-content\/uploads\/2021\/09\/marche-producteurs-bio-quetigny-480x360.jpg 480w\" sizes=\"(min-width: 0px) and (max-width: 480px) 480px, (min-width: 481px) 640px, 100vw\" \/><\/figure>\n<\/div>\n\n\n\n<div class=\"wp-block-column is-layout-flow wp-block-column-is-layout-flow\">\n<figure class=\"wp-block-image size-full\"><img decoding=\"async\" width=\"589\" height=\"863\" src=\"https:\/\/www.studio.eklozia.fr\/bocauxco\/wp-content\/uploads\/2022\/01\/affiche-marche-producteurs-bio-quetigny.png\" alt=\"\" class=\"wp-image-30496\" srcset=\"https:\/\/www.studio.eklozia.fr\/bocauxco\/wp-content\/uploads\/2022\/01\/affiche-marche-producteurs-bio-quetigny.png 589w, https:\/\/www.studio.eklozia.fr\/bocauxco\/wp-content\/uploads\/2022\/01\/affiche-marche-producteurs-bio-quetigny-480x703.png 480w\" sizes=\"(min-width: 0px) and (max-width: 480px) 480px, (min-width: 481px) 589px, 100vw\" \/><\/figure>\n<\/div>\n<\/div>\n\n\n\n<p>Plus d\u2019informations sur <a href=\"\\&quot;https:\/\/bocaux-and-co.fr\/\\&quot;\">bocaux-and-co.fr<\/a><\/p>\n\n\n\n<p><strong><u>Contact<\/u><\/strong><strong>&nbsp;:<\/strong><\/p>\n\n\n\n<p>Catherine et Nadeige :&nbsp;<a href=\"\\&quot;mailto:contact@bocaux-and-co.fr\\&quot;\"><strong>contact@bocaux-and-co.fr<\/strong><\/a><\/p>\n\n\n\n\n","protected":false},"excerpt":{"rendered":"<p>bocaux&#038;co participe au Grand March\u00e9 Bio Quetigny 2021 : n&rsquo;h\u00e9sitez pas \u00e0 passer sur notre stand !<\/p>\n","protected":false},"author":1,"featured_media":31433,"comment_status":"closed","ping_status":"open","sticky":false,"template":"","format":"standard","meta":{"_et_pb_use_builder":"on","_et_pb_old_content":"","_et_gb_content_width":"","footnotes":""},"categories":[38],"tags":[],"class_list":["post-30086","post","type-post","status-publish","format-standard","has-post-thumbnail","hentry","category-evenements"],"_links":{"self":[{"href":"https:\/\/www.studio.eklozia.fr\/bocauxco\/wp-json\/wp\/v2\/posts\/30086","targetHints":{"allow":["GET"]}}],"collection":[{"href":"https:\/\/www.studio.eklozia.fr\/bocauxco\/wp-json\/wp\/v2\/posts"}],"about":[{"href":"https:\/\/www.studio.eklozia.fr\/bocauxco\/wp-json\/wp\/v2\/types\/post"}],"author":[{"embeddable":true,"href":"https:\/\/www.studio.eklozia.fr\/bocauxco\/wp-json\/wp\/v2\/users\/1"}],"replies":[{"embeddable":true,"href":"https:\/\/www.studio.eklozia.fr\/bocauxco\/wp-json\/wp\/v2\/comments?post=30086"}],"version-history":[{"count":0,"href":"https:\/\/www.studio.eklozia.fr\/bocauxco\/wp-json\/wp\/v2\/posts\/30086\/revisions"}],"wp:featuredmedia":[{"embeddable":true,"href":"https:\/\/www.studio.eklozia.fr\/bocauxco\/wp-json\/wp\/v2\/media\/31433"}],"wp:attachment":[{"href":"https:\/\/www.studio.eklozia.fr\/bocauxco\/wp-json\/wp\/v2\/media?parent=30086"}],"wp:term":[{"taxonomy":"category","embeddable":true,"href":"https:\/\/www.studio.eklozia.fr\/bocauxco\/wp-json\/wp\/v2\/categories?post=30086"},{"taxonomy":"post_tag","embeddable":true,"href":"https:\/\/www.studio.eklozia.fr\/bocauxco\/wp-json\/wp\/v2\/tags?post=30086"}],"curies":[{"name":"wp","href":"https:\/\/api.w.org\/{rel}","templated":true}]}}