{"id":30160,"date":"2021-11-29T11:53:02","date_gmt":"2021-11-29T10:53:02","guid":{"rendered":"https:\/\/bocaux-and-co.fr\/\/infolettre-n7-29-novembre-2021\/"},"modified":"2021-11-29T11:53:02","modified_gmt":"2021-11-29T10:53:02","slug":"infolettre-n7-29-novembre-2021","status":"publish","type":"post","link":"https:\/\/www.studio.eklozia.fr\/bocauxco\/infolettre-n7-29-novembre-2021\/","title":{"rendered":"Infolettre n\u00b07-29 novembre 2021"},"content":{"rendered":"\n<p>bonjour \u00e0 tou.te.s,<\/p>\n\n\n\n<p>depuis notre derni\u00e8re infolettre du 16 septembre, ne croyez pas qu\u2019il ne s\u2019est rien pass\u00e9, bien au contraire&nbsp;!<\/p>\n\n\n\n<h2 class=\"wp-block-heading\">quelques dates cl\u00e9s&nbsp;<\/h2>\n\n\n\n<p><strong><span class=\"has-inline-color has-ast-global-color-1-color\">24 septembre&nbsp;<\/span><\/strong><span class=\"has-inline-color has-ast-global-color-0-color\"><strong>:<\/strong><\/span><strong> <\/strong>apr\u00e8s les inaugurations des 5 points de collecte lors du lancement du projet, c\u2019est le tour de la Maison des associations de se lancer dans l\u2019aventure.<\/p>\n\n\n\n<p><strong><span class=\"has-inline-color has-ast-global-color-1-color\">15 octobre :<\/span><\/strong><span class=\"has-inline-color has-ast-global-color-0-color\"> <\/span>bocaux&amp;co recrute sa coordinatrice (Nadeige), bien s\u00fbr pour asseoir professionnellement la phase d\u2019exp\u00e9rimentation mais aussi pour affirmer que le r\u00e9emploi, c\u2019est avant tout de l\u2019emploi.<\/p>\n\n\n\n<p><strong><span class=\"has-inline-color has-ast-global-color-1-color\">28 octobre :<\/span><\/strong> c\u2019est l\u2019assembl\u00e9e g\u00e9n\u00e9rale de l\u2019association. L\u2019occasion pour bocaux&amp;co de partager avec ses adh\u00e9rent.e.s l\u2019avanc\u00e9e du projet et d\u2019\u00e9lire un nouveau conseil d\u2019administration&nbsp;: Lauriane, Catherine et St\u00e9phane sont \u00e9lus co-pr\u00e9sident.e.s.<\/p>\n\n\n\n<p><strong><span class=\"has-inline-color has-ast-global-color-1-color\">17 novembre :<\/span><\/strong> la Ville de Dijon remet \u00e0 bocaux&amp;co les cl\u00e9s d\u2019un local qu\u2019elle met \u00e0 sa disposition pendant un an. Il servira de boutique-atelier-bureau et sera inaugur\u00e9 en janvier.<\/p>\n\n\n\n<p><strong><span class=\"has-inline-color has-ast-global-color-1-color\">27 novembre :<\/span><\/strong> c\u2019est l\u2019inauguration du 8<sup>e<\/sup> et dernier point de collecte (pour le moment en tout cas) \u00e0 la Recyclade rue du Nuits Saint-Georges (la Recyclade rue de l\u2019Est collecte d\u00e9j\u00e0 les bocaux depuis quelques semaines).<\/p>\n\n\n\n<h2 class=\"wp-block-heading\">point sur l&rsquo;exp\u00e9rimentation<\/h2>\n\n\n\n<p>plus <strong>de 6&nbsp;000 bocaux ont d\u00e9j\u00e0 \u00e9t\u00e9 collect\u00e9s<\/strong> (environ 1,3 tonne) et <strong>1&nbsp;500 ont d\u00e9j\u00e0 trouv\u00e9 preneurs<\/strong> aupr\u00e8s de deux professionnels de la conserverie, convaincus de l\u2019int\u00e9r\u00eat du r\u00e9emploi (et rassur\u00e9s par le process mis en \u0153uvre par bocaux&amp;co, avec l\u2019aide de b\u00e9n\u00e9voles motiv\u00e9s et efficaces&nbsp;;).<\/p>\n\n\n\n<p><strong>le financement de cette ann\u00e9e d\u2019exp\u00e9rimentation<\/strong> est quasiment boucl\u00e9 gr\u00e2ce au soutien de diff\u00e9rents acteurs publics&nbsp;: Conseil r\u00e9gional Bourgogne Franche Comt\u00e9, Conseil d\u00e9partemental de C\u00f4te d\u2019Or, Ville de Dijon, Commission de quartier Dijon Sud et Ademe.<\/p>\n\n\n\n<p>bocaux&amp;co d\u00e9bute <strong>une \u00e9tude pour \u00e9valuer l\u2019impact environnemental, \u00e9conomique, sanitaire et social de l\u2019exp\u00e9rimentation <\/strong>et est accompagn\u00e9 par le T-incubateur engag\u00e9 pour r\u00e9fl\u00e9chir \u00e0 la suite (le d\u00e9fi est bien s\u00fbr de d\u00e9finir un mod\u00e8le \u00e9conomique durable sur la question du r\u00e9emploi).<\/p>\n\n\n\n<h2 class=\"wp-block-heading\">en r\u00e9sum\u00e9<\/h2>\n\n\n\n<p><strong>ces premiers mois d\u2019exp\u00e9rimentation nous ont permis&nbsp;:<\/strong><\/p>\n\n\n\n<ul class=\"wp-block-list\"><li>de confirmer l\u2019adh\u00e9sion des citoyens (qui donnent leurs bocaux) et des professionnels (qui les ach\u00e8tent, une fois trait\u00e9s par bocaux&amp;co),<\/li><li>de nous confronter, \u00e0 petite \u00e9chelle, \u00e0 la r\u00e9alit\u00e9 du r\u00e9emploi (de la collecte \u00e0 la vente)&nbsp;: quand on sait de quoi on parle, \u00e7a aide pour construire un projet r\u00e9aliste,<\/li><li>et de poursuivre nos \u00e9changes avec tous les acteurs int\u00e9ress\u00e9s, publics\/priv\u00e9s, institutionnels\/citoyens pour imaginer la suite ensemble.<\/li><\/ul>\n\n\n\n<h2 class=\"wp-block-heading\">concr\u00e8tement,&nbsp;<\/h2>\n\n\n\n<p>o\u00f9 d\u00e9poser vos bocaux ? quels bocaux d\u00e9poser ?&#8230; retrouvez toutes les infos <strong><a href=\"\\&quot;https:\/\/bocauxandco.statslive.info\/c\/6088105182\/eyJpdiI6IkRhbEdYYXFyYUJZZXVOSnhVTVF6RndySGQ4U0lOdWtUajRLb2w2WkVhQkk9IiwidmFsdWUiOiJhaThxclZYNm53ck1TdlZlQjFHUDBYOG1VUTZhODF5MGZmTXJEcGxFUE5rPSIsIm1hYyI6IjJkYjMwZWQwNjkwZmFiNTBiZGJmNGM0MjFlMDhhNzVhNWQ5NGVkM2ZhMDMzYTc1MjNjNTgyOTdiZDFmOWUyMDIifQ==\\&quot;\">ici<\/a>.<\/strong> Et n\u2019h\u00e9sitez pas \u00e0 nous rejoindre sur <strong><a href=\"\\&quot;https:\/\/bocauxandco.statslive.info\/c\/6088105183\/eyJpdiI6IkRKYjE1MEcrbHZ0aHNFSU9ZNHFvQUx2U0JuNkphVEZkRDVRZU9HNWRXOTg9IiwidmFsdWUiOiJvNXFtaERaQlZIenQzMUo2TjFLb01WMTVSblNVT3J1a1pRUVpGcG9ldDg4PSIsIm1hYyI6ImI0M2E0YzM3NDhkZTA0MGM0OGM0YzA2MGU1ZTMzZjMxYjk3YjhhYmE1YjAyYjZhMWI4MWFhOWVjZjE2ODU1N2UifQ==\\&quot;\">facebook<\/a><\/strong> pour suivre l\u2019avanc\u00e9e du projet (presque) en direct \ud83d\ude00<\/p>\n\n\n\n<p>bocaux&amp;co avec vous tou.te.s, adh\u00e9rent.e.s, partenaires et acteurs.rices int\u00e9ress\u00e9.e.s poursuit l\u2019aventure.<\/p>\n\n\n\n<p>\u00e0 tr\u00e8s bient\u00f4t pour la suite&nbsp;!<\/p>\n\n\n\n<h4 class=\"wp-block-heading\">Catherine &amp; Nadeige<\/h4>\n\n\n\n<div class=\"wp-block-group bloc-reutilisable-nous-soutenir is-layout-constrained wp-block-group-is-layout-constrained\">\n<h3 class=\"has-text-align-center wp-block-heading\">Pour nous soutenir :<\/h3>\n\n\n\n<div style=\"height:40px\" aria-hidden=\"true\" class=\"wp-block-spacer\"><\/div>\n\n\n\n<div class=\"wp-block-columns is-layout-flex wp-container-core-columns-is-layout-9d6595d7 wp-block-columns-is-layout-flex\">\n<div class=\"wp-block-column is-layout-flow wp-block-column-is-layout-flow\">\n<div class=\"wp-block-buttons is-horizontal is-content-justification-center is-layout-flex wp-container-core-buttons-is-layout-499968f5 wp-block-buttons-is-layout-flex\">\n<div class=\"wp-block-button is-style-button-blue-special\"><a class=\"wp-block-button__link\">ADH\u00c9SION<\/a><\/div>\n<\/div>\n\n\n\n<p class=\"has-text-align-center\"><strong>Pour soutenir le projet<\/strong><\/p>\n\n\n\n<p class=\"has-text-align-center\">adh\u00e9rez \u00e0 bocaux&amp;co ! (prix libre)<\/p>\n<\/div>\n\n\n\n<div class=\"wp-block-column is-layout-flow wp-block-column-is-layout-flow\">\n<div class=\"wp-block-buttons is-horizontal is-content-justification-center is-layout-flex wp-container-core-buttons-is-layout-499968f5 wp-block-buttons-is-layout-flex\">\n<div class=\"wp-block-button is-style-button-blue-special\"><a class=\"wp-block-button__link\">FLYERS<\/a><\/div>\n<\/div>\n\n\n\n<p class=\"has-text-align-center\"><strong>Pour faire connaitre le projet<\/strong><\/p>\n\n\n\n<p class=\"has-text-align-center\">A tout moment, vos suggestions, remarques, id\u00e9es sont les bienvenues.<a href=\"https:\/\/bocaux-and-co.fr\/infolettre-n7-29-novembre-2021\/#\" target=\"_blank\" rel=\"noreferrer noopener nofollow\"><\/a><\/p>\n<\/div>\n<\/div>\n\n\n\n<div style=\"height:40px\" aria-hidden=\"true\" class=\"wp-block-spacer\"><\/div>\n\n\n\n<div class=\"wp-block-columns is-layout-flex wp-container-core-columns-is-layout-9d6595d7 wp-block-columns-is-layout-flex\">\n<div class=\"wp-block-column is-layout-flow wp-block-column-is-layout-flow\">\n<h4 class=\"has-text-align-center wp-block-heading\">Suivez-nous sur les r\u00e9seaux sociaux<\/h4>\n\n\n\n<ul class=\"wp-block-social-links is-layout-flex wp-block-social-links-is-layout-flex\"><li class=\"wp-social-link wp-social-link-facebook  wp-block-social-link\"><a href=\"https:\/\/www.facebook.com\/bocauxandcodijon\/\" class=\"wp-block-social-link-anchor\" rel=\"nofollow noopener\" target=\"_blank\"><svg width=\"24\" height=\"24\" viewBox=\"0 0 24 24\" version=\"1.1\" xmlns=\"http:\/\/www.w3.org\/2000\/svg\" aria-hidden=\"true\" focusable=\"false\"><path d=\"M12 2C6.5 2 2 6.5 2 12c0 5 3.7 9.1 8.4 9.9v-7H7.9V12h2.5V9.8c0-2.5 1.5-3.9 3.8-3.9 1.1 0 2.2.2 2.2.2v2.5h-1.3c-1.2 0-1.6.8-1.6 1.6V12h2.8l-.4 2.9h-2.3v7C18.3 21.1 22 17 22 12c0-5.5-4.5-10-10-10z\"><\/path><\/svg><span class=\"wp-block-social-link-label screen-reader-text\">Facebook<\/span><\/a><\/li>\n\n\n\n<\/ul>\n\n\n\n<p><\/p>\n<\/div>\n\n\n\n<div class=\"wp-block-column is-layout-flow wp-block-column-is-layout-flow\">\n<h4 class=\"has-text-align-center wp-block-heading\">Partager cet article<\/h4>\n\n\n\n<div class=\"wp-block-uagb-social-share uagb-social-share__outer-wrap uagb-social-share__layout-horizontal uagb-block-8100a3c5\"><div class=\"uagb-social-share__wrap\">\n<div class=\"wp-block-uagb-social-share-child uagb-ss-repeater uagb-ss__wrapper uagb-block-190738c9\"><a class=\"uagb-ss__link\" data-href=\"https:\/\/www.facebook.com\/sharer.php?u=\" rel=\"noopener noreferrer\"><span class=\"uagb-ss__source-wrap\"><span class=\"uagb-ss__source-icon\"><svg xmlns=\"http:\/\/www.w3.org\/2000\/svg\" viewbox=\"0 0 512 512\"><path d=\"M504 256C504 119 393 8 256 8S8 119 8 256c0 123.78 90.69 226.38 209.25 245V327.69h-63V256h63v-54.64c0-62.15 37-96.48 93.67-96.48 27.14 0 55.52 4.84 55.52 4.84v61h-31.28c-30.8 0-40.41 19.12-40.41 38.73V256h68.78l-11 71.69h-57.78V501C413.31 482.38 504 379.78 504 256z\"><\/path><\/svg><\/span><\/span><\/a><\/div>\n\n\n\n<div class=\"wp-block-uagb-social-share-child uagb-ss-repeater uagb-ss__wrapper uagb-block-e184bf64\"><a class=\"uagb-ss__link\" data-href=\"https:\/\/twitter.com\/share?url=\" rel=\"noopener noreferrer\"><span class=\"uagb-ss__source-wrap\"><span class=\"uagb-ss__source-icon\"><svg xmlns=\"http:\/\/www.w3.org\/2000\/svg\" viewbox=\"0 0 448 512\"><path d=\"M400 32H48C21.5 32 0 53.5 0 80v352c0 26.5 21.5 48 48 48h352c26.5 0 48-21.5 48-48V80c0-26.5-21.5-48-48-48zm-48.9 158.8c.2 2.8.2 5.7.2 8.5 0 86.7-66 186.6-186.6 186.6-37.2 0-71.7-10.8-100.7-29.4 5.3.6 10.4.8 15.8.8 30.7 0 58.9-10.4 81.4-28-28.8-.6-53-19.5-61.3-45.5 10.1 1.5 19.2 1.5 29.6-1.2-30-6.1-52.5-32.5-52.5-64.4v-.8c8.7 4.9 18.9 7.9 29.6 8.3a65.447 65.447 0 0 1-29.2-54.6c0-12.2 3.2-23.4 8.9-33.1 32.3 39.8 80.8 65.8 135.2 68.6-9.3-44.5 24-80.6 64-80.6 18.9 0 35.9 7.9 47.9 20.7 14.8-2.8 29-8.3 41.6-15.8-4.9 15.2-15.2 28-28.8 36.1 13.2-1.4 26-5.1 37.8-10.2-8.9 13.1-20.1 24.7-32.9 34z\"><\/path><\/svg><\/span><\/span><\/a><\/div>\n\n\n\n<div class=\"wp-block-uagb-social-share-child uagb-ss-repeater uagb-ss__wrapper uagb-block-3d3ae62b\"><a class=\"uagb-ss__link\" data-href=\"https:\/\/www.linkedin.com\/shareArticle?url=\" rel=\"noopener noreferrer\"><span class=\"uagb-ss__source-wrap\"><span class=\"uagb-ss__source-icon\"><svg xmlns=\"http:\/\/www.w3.org\/2000\/svg\" viewbox=\"0 0 448 512\"><path d=\"M416 32H31.9C14.3 32 0 46.5 0 64.3v383.4C0 465.5 14.3 480 31.9 480H416c17.6 0 32-14.5 32-32.3V64.3c0-17.8-14.4-32.3-32-32.3zM135.4 416H69V202.2h66.5V416zm-33.2-243c-21.3 0-38.5-17.3-38.5-38.5S80.9 96 102.2 96c21.2 0 38.5 17.3 38.5 38.5 0 21.3-17.2 38.5-38.5 38.5zm282.1 243h-66.4V312c0-24.8-.5-56.7-34.5-56.7-34.6 0-39.9 27-39.9 54.9V416h-66.4V202.2h63.7v29.2h.9c8.9-16.8 30.6-34.5 62.9-34.5 67.2 0 79.7 44.3 79.7 101.9V416z\"><\/path><\/svg><\/span><\/span><\/a><\/div>\n<\/div><\/div>\n<\/div>\n<\/div>\n<\/div>\n\n\n\n<p><\/p>\n","protected":false},"excerpt":{"rendered":"<p>bonjour \u00e0 tou.te.s,<\/p>\n<p>depuis notre derni\u00e8re infolettre du 16 septembre, ne croyez pas qu\u2019il ne s\u2019est rien pass\u00e9, bien au contraire\u00a0!<\/p>\n<p>quelques dates cl\u00e9s\u00a0<\/p>\n<p>24 septembre\u00a0: apr\u00e8s les inaugurations des 5 points de collecte lors du lancement du projet, c\u2019est le tour de la Maison des associations de se lancer dans l\u2019aventure.<\/p>\n","protected":false},"author":1,"featured_media":31514,"comment_status":"closed","ping_status":"open","sticky":false,"template":"","format":"standard","meta":{"_et_pb_use_builder":"on","_et_pb_old_content":"","_et_gb_content_width":"","footnotes":""},"categories":[36],"tags":[],"class_list":["post-30160","post","type-post","status-publish","format-standard","has-post-thumbnail","hentry","category-infolettre"],"_links":{"self":[{"href":"https:\/\/www.studio.eklozia.fr\/bocauxco\/wp-json\/wp\/v2\/posts\/30160","targetHints":{"allow":["GET"]}}],"collection":[{"href":"https:\/\/www.studio.eklozia.fr\/bocauxco\/wp-json\/wp\/v2\/posts"}],"about":[{"href":"https:\/\/www.studio.eklozia.fr\/bocauxco\/wp-json\/wp\/v2\/types\/post"}],"author":[{"embeddable":true,"href":"https:\/\/www.studio.eklozia.fr\/bocauxco\/wp-json\/wp\/v2\/users\/1"}],"replies":[{"embeddable":true,"href":"https:\/\/www.studio.eklozia.fr\/bocauxco\/wp-json\/wp\/v2\/comments?post=30160"}],"version-history":[{"count":0,"href":"https:\/\/www.studio.eklozia.fr\/bocauxco\/wp-json\/wp\/v2\/posts\/30160\/revisions"}],"wp:featuredmedia":[{"embeddable":true,"href":"https:\/\/www.studio.eklozia.fr\/bocauxco\/wp-json\/wp\/v2\/media\/31514"}],"wp:attachment":[{"href":"https:\/\/www.studio.eklozia.fr\/bocauxco\/wp-json\/wp\/v2\/media?parent=30160"}],"wp:term":[{"taxonomy":"category","embeddable":true,"href":"https:\/\/www.studio.eklozia.fr\/bocauxco\/wp-json\/wp\/v2\/categories?post=30160"},{"taxonomy":"post_tag","embeddable":true,"href":"https:\/\/www.studio.eklozia.fr\/bocauxco\/wp-json\/wp\/v2\/tags?post=30160"}],"curies":[{"name":"wp","href":"https:\/\/api.w.org\/{rel}","templated":true}]}}