{"id":30447,"date":"2021-09-05T13:32:36","date_gmt":"2021-09-05T11:32:36","guid":{"rendered":"https:\/\/bocaux-and-co.fr\/\/journee-dediee-aux-potes-pionniers-ordinaires-de-la-transition-ecologique\/"},"modified":"2021-09-05T13:32:36","modified_gmt":"2021-09-05T11:32:36","slug":"journee-dediee-aux-potes-pionniers-ordinaires-de-la-transition-ecologique","status":"publish","type":"post","link":"https:\/\/www.studio.eklozia.fr\/bocauxco\/journee-dediee-aux-potes-pionniers-ordinaires-de-la-transition-ecologique\/","title":{"rendered":"journ\u00e9e d\u00e9di\u00e9e aux POTEs (pionniers ordinaires de la transition \u00e9cologique) &#8211; 5 septembre 2021"},"content":{"rendered":"\n<h2 class=\"wp-block-heading\">Dans le cadre de l&rsquo;ouverture du Festival des Solutions Ecologiques orchestr\u00e9 par le Conseil r\u00e9gional<\/h2>\n\n\n\n<div class=\"wp-block-columns is-style-columns-with-border is-layout-flex wp-container-core-columns-is-layout-9d6595d7 wp-block-columns-is-layout-flex\">\n<div class=\"wp-block-column is-layout-flow wp-block-column-is-layout-flow\">\n<p class=\"is-style-paragraph-special-1\">bocaux&amp;co est pr\u00e9sent ce dimanche \u00e0 la p\u00e9niche cancale pour l\u2019ouverture du Festival des Solutions \u00c9cologiques&nbsp;<a href=\"https:\/\/www.facebook.com\/regionbourgognefranchecomte\/?__cft__[0]=AZUYkKvWbMpcqHKaGKPFdkHaoqOFxz2ZAnUC2x1oDrz2G-LZGYr7GV5VCQMJX4xV-I9a_Qkk6LGQMnJ5SlUhXDyUIiRnYfgaTzPGaYyFeEnjkj1GLVhNF3k1TFW9UWtBwFT8TW78eyvcVxdXk_RadnV1vB7amwwsE-FCgUazcZRCRQ&amp;__tn__=kK-R\" target=\"_blank\" rel=\"noreferrer noopener nofollow\">R\u00e9gion Bourgogne-Franche-Comt\u00e9<\/a>&nbsp;dans le cadre de la journ\u00e9e d\u00e9di\u00e9e au r\u00e9seau des&nbsp;<a href=\"https:\/\/www.facebook.com\/potesbourgognefranchecomte\/?__cft__[0]=AZUYkKvWbMpcqHKaGKPFdkHaoqOFxz2ZAnUC2x1oDrz2G-LZGYr7GV5VCQMJX4xV-I9a_Qkk6LGQMnJ5SlUhXDyUIiRnYfgaTzPGaYyFeEnjkj1GLVhNF3k1TFW9UWtBwFT8TW78eyvcVxdXk_RadnV1vB7amwwsE-FCgUazcZRCRQ&amp;__tn__=kK-R\" target=\"_blank\" rel=\"noreferrer noopener nofollow\">POTEs<\/a>&nbsp;(pionniers ordinaires de la transition \u00e9cologique)<\/p>\n<\/div>\n\n\n\n<div class=\"wp-block-column is-layout-flow wp-block-column-is-layout-flow\">\n<figure class=\"wp-block-image size-large\"><img decoding=\"async\" width=\"1024\" height=\"683\" src=\"https:\/\/bocaux-and-co.fr\/wp-content\/uploads\/2021\/09\/potes-pionniers-ordinaires-transition-ecologique-septembre-2021-3-1024x683.jpg\" alt=\"\" class=\"wp-image-30556\" srcset=\"https:\/\/www.studio.eklozia.fr\/bocauxco\/wp-content\/uploads\/2021\/09\/potes-pionniers-ordinaires-transition-ecologique-septembre-2021-3-1024x683.jpg 1024w, https:\/\/www.studio.eklozia.fr\/bocauxco\/wp-content\/uploads\/2021\/09\/potes-pionniers-ordinaires-transition-ecologique-septembre-2021-3-300x200.jpg 300w, https:\/\/www.studio.eklozia.fr\/bocauxco\/wp-content\/uploads\/2021\/09\/potes-pionniers-ordinaires-transition-ecologique-septembre-2021-3-768x512.jpg 768w, https:\/\/www.studio.eklozia.fr\/bocauxco\/wp-content\/uploads\/2021\/09\/potes-pionniers-ordinaires-transition-ecologique-septembre-2021-3-1536x1024.jpg 1536w, https:\/\/www.studio.eklozia.fr\/bocauxco\/wp-content\/uploads\/2021\/09\/potes-pionniers-ordinaires-transition-ecologique-septembre-2021-3-1080x720.jpg 1080w, https:\/\/www.studio.eklozia.fr\/bocauxco\/wp-content\/uploads\/2021\/09\/potes-pionniers-ordinaires-transition-ecologique-septembre-2021-3-1280x853.jpg 1280w, https:\/\/www.studio.eklozia.fr\/bocauxco\/wp-content\/uploads\/2021\/09\/potes-pionniers-ordinaires-transition-ecologique-septembre-2021-3-980x653.jpg 980w, https:\/\/www.studio.eklozia.fr\/bocauxco\/wp-content\/uploads\/2021\/09\/potes-pionniers-ordinaires-transition-ecologique-septembre-2021-3-480x320.jpg 480w, https:\/\/www.studio.eklozia.fr\/bocauxco\/wp-content\/uploads\/2021\/09\/potes-pionniers-ordinaires-transition-ecologique-septembre-2021-3.jpg 1980w\" sizes=\"(max-width: 1024px) 100vw, 1024px\" \/><\/figure>\n<\/div>\n<\/div>\n\n\n\n<div class=\"wp-block-columns is-style-default is-layout-flex wp-container-core-columns-is-layout-9d6595d7 wp-block-columns-is-layout-flex\">\n<div class=\"wp-block-column is-layout-flow wp-block-column-is-layout-flow\"><\/div>\n<\/div>\n\n\n\n<p><strong>Contact :<\/strong><\/p>\n\n\n\n<p>Catherine et Nadeige :&nbsp;<a href=\"http:\/\/\\&quot;mailto:contact@bocaux-and-co.fr\\&quot;\" target=\"_blank\" rel=\"noreferrer noopener nofollow\">contact@bocaux-and-co.fr<\/a><\/p>\n\n\n","protected":false},"excerpt":{"rendered":"<p>bocaux&#038;co est pr\u00e9sent ce dimanche \u00e0 la p\u00e9niche cancale pour l\u2019ouverture du Festival des Solutions \u00c9cologiques R\u00e9gion Bourgogne-Franche-Comt\u00e9 dans le cadre de la journ\u00e9e d\u00e9di\u00e9e au r\u00e9seau des POTEs (pionniers ordinaires de la transition \u00e9cologique)<\/p>\n","protected":false},"author":1,"featured_media":30557,"comment_status":"closed","ping_status":"open","sticky":false,"template":"","format":"standard","meta":{"_et_pb_use_builder":"on","_et_pb_old_content":"","_et_gb_content_width":"","footnotes":""},"categories":[38],"tags":[],"class_list":["post-30447","post","type-post","status-publish","format-standard","has-post-thumbnail","hentry","category-evenements"],"_links":{"self":[{"href":"https:\/\/www.studio.eklozia.fr\/bocauxco\/wp-json\/wp\/v2\/posts\/30447","targetHints":{"allow":["GET"]}}],"collection":[{"href":"https:\/\/www.studio.eklozia.fr\/bocauxco\/wp-json\/wp\/v2\/posts"}],"about":[{"href":"https:\/\/www.studio.eklozia.fr\/bocauxco\/wp-json\/wp\/v2\/types\/post"}],"author":[{"embeddable":true,"href":"https:\/\/www.studio.eklozia.fr\/bocauxco\/wp-json\/wp\/v2\/users\/1"}],"replies":[{"embeddable":true,"href":"https:\/\/www.studio.eklozia.fr\/bocauxco\/wp-json\/wp\/v2\/comments?post=30447"}],"version-history":[{"count":0,"href":"https:\/\/www.studio.eklozia.fr\/bocauxco\/wp-json\/wp\/v2\/posts\/30447\/revisions"}],"wp:featuredmedia":[{"embeddable":true,"href":"https:\/\/www.studio.eklozia.fr\/bocauxco\/wp-json\/wp\/v2\/media\/30557"}],"wp:attachment":[{"href":"https:\/\/www.studio.eklozia.fr\/bocauxco\/wp-json\/wp\/v2\/media?parent=30447"}],"wp:term":[{"taxonomy":"category","embeddable":true,"href":"https:\/\/www.studio.eklozia.fr\/bocauxco\/wp-json\/wp\/v2\/categories?post=30447"},{"taxonomy":"post_tag","embeddable":true,"href":"https:\/\/www.studio.eklozia.fr\/bocauxco\/wp-json\/wp\/v2\/tags?post=30447"}],"curies":[{"name":"wp","href":"https:\/\/api.w.org\/{rel}","templated":true}]}}