{"id":30448,"date":"2021-10-10T12:11:23","date_gmt":"2021-10-10T10:11:23","guid":{"rendered":"https:\/\/bocaux-and-co.fr\/\/video-inauguration-point-de-collecte-maison-des-associations\/"},"modified":"2021-10-10T12:11:23","modified_gmt":"2021-10-10T10:11:23","slug":"video-inauguration-point-de-collecte-maison-des-associations","status":"publish","type":"post","link":"https:\/\/www.studio.eklozia.fr\/bocauxco\/video-inauguration-point-de-collecte-maison-des-associations\/","title":{"rendered":"[ Vid\u00e9o ] &#8211;  inauguration point de collecte maison des associations"},"content":{"rendered":"\n<p><b>Vid\u00e9o sur YouTube&nbsp;r\u00e9alis\u00e9e par&nbsp;<\/b><strong> Sylvie Gaudel-Jardot, journaliste \u00e0 News -WPA,&nbsp; lors de l&rsquo;inauguration du point de collecte \u00e0 la maison des association le 24 septembre 2021<\/strong><\/p>\n\n\n\n<figure class=\"wp-block-embed is-type-video is-provider-youtube wp-block-embed-youtube wp-embed-aspect-16-9 wp-has-aspect-ratio\"><div class=\"wp-block-embed__wrapper\">\n<iframe loading=\"lazy\" title=\"2021 \/  DECOUVERTE DE L&#039;ASSOCIATION BOCAUX &amp; CO.\" width=\"1080\" height=\"608\" src=\"https:\/\/www.youtube.com\/embed\/CZZL5Sa84UI?feature=oembed\"  allow=\"accelerometer; autoplay; clipboard-write; encrypted-media; gyroscope; picture-in-picture; web-share\" referrerpolicy=\"strict-origin-when-cross-origin\" allowfullscreen><\/iframe>\n<\/div><\/figure>\n\n\n","protected":false},"excerpt":{"rendered":"<p>Vid\u00e9o sur YouTube r\u00e9alis\u00e9e par\u00a0 Sylvie Gaudel-Jardot, journaliste \u00e0 News -WPA,\u00a0 lors de l&rsquo;inauguration du point de collecte \u00e0 la maison des association le 24 septembre\u00a0<\/p>\n","protected":false},"author":1,"featured_media":31431,"comment_status":"open","ping_status":"open","sticky":false,"template":"","format":"standard","meta":{"_et_pb_use_builder":"on","_et_pb_old_content":"","_et_gb_content_width":"","footnotes":""},"categories":[37],"tags":[],"class_list":["post-30448","post","type-post","status-publish","format-standard","has-post-thumbnail","hentry","category-medias"],"_links":{"self":[{"href":"https:\/\/www.studio.eklozia.fr\/bocauxco\/wp-json\/wp\/v2\/posts\/30448","targetHints":{"allow":["GET"]}}],"collection":[{"href":"https:\/\/www.studio.eklozia.fr\/bocauxco\/wp-json\/wp\/v2\/posts"}],"about":[{"href":"https:\/\/www.studio.eklozia.fr\/bocauxco\/wp-json\/wp\/v2\/types\/post"}],"author":[{"embeddable":true,"href":"https:\/\/www.studio.eklozia.fr\/bocauxco\/wp-json\/wp\/v2\/users\/1"}],"replies":[{"embeddable":true,"href":"https:\/\/www.studio.eklozia.fr\/bocauxco\/wp-json\/wp\/v2\/comments?post=30448"}],"version-history":[{"count":0,"href":"https:\/\/www.studio.eklozia.fr\/bocauxco\/wp-json\/wp\/v2\/posts\/30448\/revisions"}],"wp:featuredmedia":[{"embeddable":true,"href":"https:\/\/www.studio.eklozia.fr\/bocauxco\/wp-json\/wp\/v2\/media\/31431"}],"wp:attachment":[{"href":"https:\/\/www.studio.eklozia.fr\/bocauxco\/wp-json\/wp\/v2\/media?parent=30448"}],"wp:term":[{"taxonomy":"category","embeddable":true,"href":"https:\/\/www.studio.eklozia.fr\/bocauxco\/wp-json\/wp\/v2\/categories?post=30448"},{"taxonomy":"post_tag","embeddable":true,"href":"https:\/\/www.studio.eklozia.fr\/bocauxco\/wp-json\/wp\/v2\/tags?post=30448"}],"curies":[{"name":"wp","href":"https:\/\/api.w.org\/{rel}","templated":true}]}}