{"id":30449,"date":"2021-10-05T14:21:37","date_gmt":"2021-10-05T12:21:37","guid":{"rendered":"https:\/\/bocaux-and-co.fr\/\/podcasts-airzen\/"},"modified":"2021-10-05T14:21:37","modified_gmt":"2021-10-05T12:21:37","slug":"podcasts-airzen","status":"publish","type":"post","link":"https:\/\/www.studio.eklozia.fr\/bocauxco\/podcasts-airzen\/","title":{"rendered":"[ podcasts ] &#8211; AirZen"},"content":{"rendered":"\n<h2 class=\"wp-block-heading\"><b>Le r\u00e9emploi, quezaco?<\/b><\/h2>\n\n\n\n<p><b>J\u00e9r\u00f4me Pasanau a rencontr\u00e9 Catherine Ruppli, la fondatrice de Bocaux and Co \u00e0 Dijon, un projet qui valorise la r\u00e9utilisation des bocaux en verre.<\/b><\/p>\n\n\n\n<p>liens vers les podcats : <a href=\"https:\/\/www.airzen.fr\/mieux-agir\/reportages-2\/collections\/les-sujets-mieux-agir-de-la-redaction-1\/reemploi-reutilisation-decouvrez-bocaux-and-co\" target=\"_blank\" rel=\"noreferrer noopener nofollow\">ici<\/a><\/p>\n\n\n\n<p><button class=\"btn btn-primary\" _player-play=\"1632\" _player-url=\"https:\/\/airzen.proxycast.org\/2899012108404404224\/21acfe64-3bb0-4ad7-a344-381762661ae2.mp3?u=8ea442c7-7e2d-4851-bc51-c1534d26c02c\" _player-title=\"R\u00e9emploi, r\u00e9utilisation, d\u00e9couvrez Bocaux and Co\" _player-img=\"https:\/\/www.airzen.fr\/wp-content\/themes\/airzen\/assets\/images\/default_image--square.png\" _playlist=\"article:1630\">\n                                                <i class=\"fa fa-play-circle\"><\/i> \u00c9couter (02:04)                    <\/button><\/p>\n\n\n\n<p>Le r\u00e9emploi. Ce mot ne vous dit peut-\u00eatre rien. Et pourtant, cette pratique est de plus en plus pris\u00e9e par les fran\u00e7ais. En 2012, 98% de la population d\u00e9clarait avoir d\u00e9j\u00e0 pratiqu\u00e9 le r\u00e9emploi&nbsp;au moins une fois.&nbsp;Pour faire simple,&nbsp;si vous avez un objet, comme un bocal en verre ou une boite en carton par exemple, au lieu de le recycler, vous pouvez le r\u00e9utiliser pour son usage initial. Lui donner une seconde vie en quelque sorte.&nbsp;<\/p>\n\n\n\n<p>En pratiquant le r\u00e9emploi, l\u2019impact sur l\u2019environnement b\u00e9n\u00e9ficie de ces changements de consommation.&nbsp;L\u2019Ademe&nbsp;estime ainsi qu\u2019en 2011, 825\u202f000 tonnes de d\u00e9chets ont \u00e9t\u00e9 \u00e9vit\u00e9s gr\u00e2ce au r\u00e9emploi et \u00e0 la r\u00e9utilisation. Des chiffres qui n\u2019ont pas \u00e9chapp\u00e9 \u00e0 Catherine&nbsp;Ruppli. Elle a lanc\u00e9 Bocaux and Co&nbsp;\u00e0 Dijon,&nbsp;une initiative pour r\u00e9utiliser&nbsp;les contenants en verre.<\/p>\n\n\n\n<p>Publi\u00e9 le 05\/10\/2021 \u00e0 11h49<\/p>\n\n\n","protected":false},"excerpt":{"rendered":"<p>Le r\u00e9emploi, quezaco?\u00a0 J\u00e9r\u00f4me Pasanau a rencontr\u00e9 Catherine Ruppli, la fondatrice de Bocaux and Co \u00e0 Dijon, un projet qui valorise la r\u00e9utilisation des bocaux en verre.<\/p>\n","protected":false},"author":1,"featured_media":31557,"comment_status":"open","ping_status":"open","sticky":false,"template":"","format":"standard","meta":{"_et_pb_use_builder":"on","_et_pb_old_content":"","_et_gb_content_width":"","footnotes":""},"categories":[37],"tags":[],"class_list":["post-30449","post","type-post","status-publish","format-standard","has-post-thumbnail","hentry","category-medias"],"_links":{"self":[{"href":"https:\/\/www.studio.eklozia.fr\/bocauxco\/wp-json\/wp\/v2\/posts\/30449","targetHints":{"allow":["GET"]}}],"collection":[{"href":"https:\/\/www.studio.eklozia.fr\/bocauxco\/wp-json\/wp\/v2\/posts"}],"about":[{"href":"https:\/\/www.studio.eklozia.fr\/bocauxco\/wp-json\/wp\/v2\/types\/post"}],"author":[{"embeddable":true,"href":"https:\/\/www.studio.eklozia.fr\/bocauxco\/wp-json\/wp\/v2\/users\/1"}],"replies":[{"embeddable":true,"href":"https:\/\/www.studio.eklozia.fr\/bocauxco\/wp-json\/wp\/v2\/comments?post=30449"}],"version-history":[{"count":0,"href":"https:\/\/www.studio.eklozia.fr\/bocauxco\/wp-json\/wp\/v2\/posts\/30449\/revisions"}],"wp:featuredmedia":[{"embeddable":true,"href":"https:\/\/www.studio.eklozia.fr\/bocauxco\/wp-json\/wp\/v2\/media\/31557"}],"wp:attachment":[{"href":"https:\/\/www.studio.eklozia.fr\/bocauxco\/wp-json\/wp\/v2\/media?parent=30449"}],"wp:term":[{"taxonomy":"category","embeddable":true,"href":"https:\/\/www.studio.eklozia.fr\/bocauxco\/wp-json\/wp\/v2\/categories?post=30449"},{"taxonomy":"post_tag","embeddable":true,"href":"https:\/\/www.studio.eklozia.fr\/bocauxco\/wp-json\/wp\/v2\/tags?post=30449"}],"curies":[{"name":"wp","href":"https:\/\/api.w.org\/{rel}","templated":true}]}}