{"id":31280,"date":"2022-02-22T14:15:00","date_gmt":"2022-02-22T13:15:00","guid":{"rendered":"https:\/\/bocaux-and-co.fr\/\/?p=31280"},"modified":"2022-02-22T14:15:00","modified_gmt":"2022-02-22T13:15:00","slug":"article-le-club-de-mediapart-22-fevrier-2022","status":"publish","type":"post","link":"https:\/\/www.studio.eklozia.fr\/bocauxco\/article-le-club-de-mediapart-22-fevrier-2022\/","title":{"rendered":"[ article ] \u2013 Le club de M\u00e9diapart \u2013 22 f\u00e9vrier 2022"},"content":{"rendered":"\n<h2 class=\"wp-block-heading\"><a href=\"https:\/\/www.gazettebourgogne.fr\/article\/dijon-inauguration-de-bocaux-co-un-nouveau-projet-d-economie-circulaire\" target=\"_blank\" rel=\"noreferrer noopener nofollow\">bocaux&amp;co : un bocal H\u00e9ro local<\/a><\/h2>\n\n\n\n<p>A moins de s\u2019extraire du monde, qui peut d\u00e9clarer ne jamais s\u2019agiter dans son bocal, en qu\u00eate de solutions pour ne pas participer au d\u00e9sastre ? Si la plupart d\u2019entre nous s\u2019endorment \u00e9tourdis, certaines s\u2019en \u00e9chappent. A Dijon, Bocaux and Co vient d\u2019ouvrir ses portes.<\/p>\n\n\n\n<p>Objectif : r\u00e9utiliser les bocaux sans passer par la case recyclage, trop co\u00fbteuse en \u00e9nergie.<br>@cl\u2019R\u2013 f\u00e9vrier 2022<\/p>\n\n\n\n<figure class=\"wp-block-image size-full\"><a href=\"https:\/\/blogs.mediapart.fr\/cl-r\/blog\/210222\/bocaux-and-co-un-bocal-hero-local\" target=\"_blank\" rel=\"noopener nofollow\"><img decoding=\"async\" width=\"429\" height=\"390\" src=\"https:\/\/www.studio.eklozia.fr\/bocauxco\/wp-content\/uploads\/2022\/04\/club-media-part.jpg\" alt=\"\" class=\"wp-image-31281\" srcset=\"https:\/\/www.studio.eklozia.fr\/bocauxco\/wp-content\/uploads\/2022\/04\/club-media-part.jpg 429w, https:\/\/www.studio.eklozia.fr\/bocauxco\/wp-content\/uploads\/2022\/04\/club-media-part-300x273.jpg 300w\" sizes=\"(max-width: 429px) 100vw, 429px\" \/><\/a><\/figure>\n\n\n\n<p><\/p>\n","protected":false},"excerpt":{"rendered":"<p>bocaux&amp;co : un bocal H\u00e9ro local A moins de s\u2019extraire du monde, qui peut d\u00e9clarer ne jamais s\u2019agiter dans son bocal, en qu\u00eate de solutions pour ne pas participer au d\u00e9sastre ? Si la plupart d\u2019entre nous s\u2019endorment \u00e9tourdis, certaines s\u2019en \u00e9chappent. A Dijon, Bocaux and Co vient d\u2019ouvrir ses portes. Objectif : r\u00e9utiliser les [&hellip;]<\/p>\n","protected":false},"author":1,"featured_media":31281,"comment_status":"open","ping_status":"open","sticky":false,"template":"","format":"standard","meta":{"_et_pb_use_builder":"","_et_pb_old_content":"","_et_gb_content_width":"","footnotes":""},"categories":[37],"tags":[],"class_list":["post-31280","post","type-post","status-publish","format-standard","has-post-thumbnail","hentry","category-medias"],"_links":{"self":[{"href":"https:\/\/www.studio.eklozia.fr\/bocauxco\/wp-json\/wp\/v2\/posts\/31280","targetHints":{"allow":["GET"]}}],"collection":[{"href":"https:\/\/www.studio.eklozia.fr\/bocauxco\/wp-json\/wp\/v2\/posts"}],"about":[{"href":"https:\/\/www.studio.eklozia.fr\/bocauxco\/wp-json\/wp\/v2\/types\/post"}],"author":[{"embeddable":true,"href":"https:\/\/www.studio.eklozia.fr\/bocauxco\/wp-json\/wp\/v2\/users\/1"}],"replies":[{"embeddable":true,"href":"https:\/\/www.studio.eklozia.fr\/bocauxco\/wp-json\/wp\/v2\/comments?post=31280"}],"version-history":[{"count":0,"href":"https:\/\/www.studio.eklozia.fr\/bocauxco\/wp-json\/wp\/v2\/posts\/31280\/revisions"}],"wp:featuredmedia":[{"embeddable":true,"href":"https:\/\/www.studio.eklozia.fr\/bocauxco\/wp-json\/wp\/v2\/media\/31281"}],"wp:attachment":[{"href":"https:\/\/www.studio.eklozia.fr\/bocauxco\/wp-json\/wp\/v2\/media?parent=31280"}],"wp:term":[{"taxonomy":"category","embeddable":true,"href":"https:\/\/www.studio.eklozia.fr\/bocauxco\/wp-json\/wp\/v2\/categories?post=31280"},{"taxonomy":"post_tag","embeddable":true,"href":"https:\/\/www.studio.eklozia.fr\/bocauxco\/wp-json\/wp\/v2\/tags?post=31280"}],"curies":[{"name":"wp","href":"https:\/\/api.w.org\/{rel}","templated":true}]}}