{"id":31294,"date":"2022-01-28T14:58:13","date_gmt":"2022-01-28T13:58:13","guid":{"rendered":"https:\/\/bocaux-and-co.fr\/\/?p=31294"},"modified":"2022-01-28T14:58:13","modified_gmt":"2022-01-28T13:58:13","slug":"ouverture-de-la-boutique-atelier","status":"publish","type":"post","link":"https:\/\/www.studio.eklozia.fr\/bocauxco\/ouverture-de-la-boutique-atelier\/","title":{"rendered":"Ouverture de la boutique-atelier \u2013 28 janvier 2022"},"content":{"rendered":"\n<h2 class=\"wp-block-heading\"><a href=\"https:\/\/www.gazettebourgogne.fr\/article\/dijon-inauguration-de-bocaux-co-un-nouveau-projet-d-economie-circulaire\" target=\"_blank\" rel=\"noreferrer noopener nofollow\">Ouverture de la boutique-atelier<\/a><\/h2>\n\n\n\n<p>bocaux&amp;co ouvre sa boutique atelier : un lieu id\u00e9al, mis \u00e0 disposition par la&nbsp;<a href=\"https:\/\/www.facebook.com\/VilledeDijon\/?__cft__[0]=AZXPCZjHMR6a1jVjztLwkDXZGfDobMDBH4EnIlwfcaLa2Yxo3I88dULGwcejRPN0-w3jsKRRpyFsxT6XIbqfNQSap6R49NLrj72mkF4GdGJ4QWBywuf8rO5kWMFOKPcpPyZzf0eCWq3G2eS-0T0lnHBI7rmX7GV8e1JzExqRpCI7fg&amp;__tn__=kK-R\" target=\"_blank\" rel=\"noreferrer noopener nofollow\">Ville de Dijon<\/a>, pour tester la vente de bocaux r\u00e9employ\u00e9s (vides&nbsp;<img decoding=\"async\" src=\"https:\/\/static.xx.fbcdn.net\/images\/emoji.php\/v9\/tb0\/1.5\/16\/1f609.png\" alt=\"\ud83d\ude09\" width=\"16\" height=\"16\">) aupr\u00e8s des citoyen.ne.s et d\u2019exp\u00e9rimenter l\u2019organisation d\u2019ateliers (pratique, sensibilisation) sur la conservation en bocal<\/p>\n\n\n\n<p>Une trentaine de personnes ont pouss\u00e9 la porte : voisins, adh\u00e9rents, curieux sont venus pour d\u00e9poser ou acheter des bocaux. Merci pour tous ces \u00e9changes tr\u00e8s riches et les nouvelles id\u00e9es qu\u2019ils inspirent&nbsp;<img decoding=\"async\" alt=\"\ud83d\udc4d\" src=\"https:\/\/static.xx.fbcdn.net\/images\/emoji.php\/v9\/t55\/1.5\/16\/1f44d.png\" width=\"16\" height=\"16\"><img decoding=\"async\" alt=\"\ud83d\udc4d\" src=\"https:\/\/static.xx.fbcdn.net\/images\/emoji.php\/v9\/t55\/1.5\/16\/1f44d.png\" width=\"16\" height=\"16\"><img decoding=\"async\" alt=\"\ud83d\udc4d\" src=\"https:\/\/static.xx.fbcdn.net\/images\/emoji.php\/v9\/t55\/1.5\/16\/1f44d.png\" width=\"16\" height=\"16\"><\/p>\n\n\n\n<p>La boutique-atelier est donc ouverte tous les mercredis et vendredis de 14h \u00e0 18h : facile de s\u2019en rappeler&nbsp;<img decoding=\"async\" src=\"https:\/\/static.xx.fbcdn.net\/images\/emoji.php\/v9\/tb0\/1.5\/16\/1f609.png\" alt=\"\ud83d\ude09\" width=\"16\" height=\"16\"><\/p>\n\n\n\n<figure class=\"wp-block-image size-full\"><a href=\"https:\/\/www.cpie-pays-de-bourgogne.com\/cpie\/actu\/212551\/Partenariat-CPIE-Bocaux-Co\" target=\"_blank\" rel=\"noopener nofollow\"><img decoding=\"async\" width=\"662\" height=\"622\" src=\"https:\/\/www.studio.eklozia.fr\/bocauxco\/wp-content\/uploads\/2022\/04\/ouverture-de-la-boutique-atelier.jpg\" alt=\"\" class=\"wp-image-31295\" srcset=\"https:\/\/www.studio.eklozia.fr\/bocauxco\/wp-content\/uploads\/2022\/04\/ouverture-de-la-boutique-atelier.jpg 662w, https:\/\/www.studio.eklozia.fr\/bocauxco\/wp-content\/uploads\/2022\/04\/ouverture-de-la-boutique-atelier-480x451.jpg 480w\" sizes=\"(min-width: 0px) and (max-width: 480px) 480px, (min-width: 481px) 662px, 100vw\" \/><\/a><\/figure>\n\n\n\n<div style=\"height:26px\" aria-hidden=\"true\" class=\"wp-block-spacer\"><\/div>\n","protected":false},"excerpt":{"rendered":"<p>Ouverture de la boutique-atelier bocaux&amp;co ouvre sa boutique atelier : un lieu id\u00e9al, mis \u00e0 disposition par la&nbsp;Ville de Dijon, pour tester la vente de bocaux r\u00e9employ\u00e9s (vides&nbsp;) aupr\u00e8s des citoyen.ne.s et d\u2019exp\u00e9rimenter l\u2019organisation d\u2019ateliers (pratique, sensibilisation) sur la conservation en bocal Une trentaine de personnes ont pouss\u00e9 la porte : voisins, adh\u00e9rents, curieux sont [&hellip;]<\/p>\n","protected":false},"author":1,"featured_media":31594,"comment_status":"open","ping_status":"open","sticky":false,"template":"","format":"standard","meta":{"_et_pb_use_builder":"","_et_pb_old_content":"","_et_gb_content_width":"","footnotes":""},"categories":[38],"tags":[],"class_list":["post-31294","post","type-post","status-publish","format-standard","has-post-thumbnail","hentry","category-evenements"],"_links":{"self":[{"href":"https:\/\/www.studio.eklozia.fr\/bocauxco\/wp-json\/wp\/v2\/posts\/31294","targetHints":{"allow":["GET"]}}],"collection":[{"href":"https:\/\/www.studio.eklozia.fr\/bocauxco\/wp-json\/wp\/v2\/posts"}],"about":[{"href":"https:\/\/www.studio.eklozia.fr\/bocauxco\/wp-json\/wp\/v2\/types\/post"}],"author":[{"embeddable":true,"href":"https:\/\/www.studio.eklozia.fr\/bocauxco\/wp-json\/wp\/v2\/users\/1"}],"replies":[{"embeddable":true,"href":"https:\/\/www.studio.eklozia.fr\/bocauxco\/wp-json\/wp\/v2\/comments?post=31294"}],"version-history":[{"count":0,"href":"https:\/\/www.studio.eklozia.fr\/bocauxco\/wp-json\/wp\/v2\/posts\/31294\/revisions"}],"wp:featuredmedia":[{"embeddable":true,"href":"https:\/\/www.studio.eklozia.fr\/bocauxco\/wp-json\/wp\/v2\/media\/31594"}],"wp:attachment":[{"href":"https:\/\/www.studio.eklozia.fr\/bocauxco\/wp-json\/wp\/v2\/media?parent=31294"}],"wp:term":[{"taxonomy":"category","embeddable":true,"href":"https:\/\/www.studio.eklozia.fr\/bocauxco\/wp-json\/wp\/v2\/categories?post=31294"},{"taxonomy":"post_tag","embeddable":true,"href":"https:\/\/www.studio.eklozia.fr\/bocauxco\/wp-json\/wp\/v2\/tags?post=31294"}],"curies":[{"name":"wp","href":"https:\/\/api.w.org\/{rel}","templated":true}]}}