{"id":31299,"date":"2022-01-28T13:56:58","date_gmt":"2022-01-28T12:56:58","guid":{"rendered":"https:\/\/bocaux-and-co.fr\/\/?p=31299"},"modified":"2022-01-28T13:56:58","modified_gmt":"2022-01-28T12:56:58","slug":"article-gazette-bourgogne-28-janvier-2022","status":"publish","type":"post","link":"https:\/\/www.studio.eklozia.fr\/bocauxco\/article-gazette-bourgogne-28-janvier-2022\/","title":{"rendered":"[ article ] \u2013 Gazette Bourgogne \u2013 28 janvier 2022"},"content":{"rendered":"\n<h2 class=\"wp-block-heading\"><a href=\"https:\/\/www.gazettebourgogne.fr\/article\/dijon-inauguration-de-bocaux-co-un-nouveau-projet-d-economie-circulaire\" target=\"_blank\" rel=\"noreferrer noopener nofollow\">bocaux&amp;co ouvre une boutique-atelier \u00e0 Dijon<\/a><\/h2>\n\n\n\n<p>Bocaux &amp; CO, l\u2019association de pr\u00e9figuration, a ouvert aujourd\u2019hui une boutique-Atelier \u00e0 Dijon. Celle-ci est install\u00e9e au niveau du quartier Greuze dans un local mis \u00e0 disposition par la ville.<br>PAR <a href=\"https:\/\/www.gazettebourgogne.fr\/articles?author=6\" target=\"_blank\" rel=\"noreferrer noopener nofollow\">M.H<\/a> \u2013 28 janvier 2022 <a href=\"https:\/\/www.gazettebourgogne.fr\/article\/bocaux-co-ouvre-une-boutique-atelier-a-dijon\" rel=\"nofollow noopener\" target=\"_blank\">lien vers l&rsquo;article<\/a><\/p>\n\n\n\n<p>En activit\u00e9 depuis mars 2021, Bocaux &amp; CO a \u00e9t\u00e9 fond\u00e9e par Catherine et Nadeige Ruppli. Elle est sp\u00e9cialis\u00e9e dans le r\u00e9emploi des contenants en verre au niveau de l\u2019agglom\u00e9ration dijonnaise. La structure a pour objectif de sensibiliser quant \u00e0 l\u2019importance de la r\u00e9utilisation des contenants en verre et notamment de d\u00e9velopper la pratique de la conservation en bocal. Depuis le mois de septembre dernier, elle a ouvert 8 points de collecte de bocaux et a pu collecter plus de 10.000 unit\u00e9s.<\/p>\n\n\n\n<p><strong>La boutique-Atelier regroupe plusieurs espaces<\/strong><\/p>\n\n\n\n<p>La boutique-atelier dispose, en plus de la boutique d\u00e9di\u00e9e \u00e0 la commercialisation des bocaux d\u00e9j\u00e0 utilis\u00e9s, d\u2019un espace atelier o\u00f9 l\u2019association pourra organiser des animations de sensibilisation et de pratique de la conservation. Elle regroupe \u00e9galement d\u2019un espace technique pour le stockage ainsi qu\u2019un espace de travail.<\/p>\n\n\n\n<p>Par ailleurs, la boutique-atelier accueillera les clients tous les mercredis et les vendredis de 14h \u00e0 18h au 9 rue Maurice Ravel.<\/p>\n\n\n\n<div style=\"height:26px\" aria-hidden=\"true\" class=\"wp-block-spacer\"><\/div>\n\n\n","protected":false},"excerpt":{"rendered":"<p>bocaux&amp;co ouvre une boutique-atelier \u00e0 Dijon Bocaux &amp; CO, l\u2019association de pr\u00e9figuration, a ouvert aujourd\u2019hui une boutique-Atelier \u00e0 Dijon. Celle-ci est install\u00e9e au niveau du quartier Greuze dans un local mis \u00e0 disposition par la ville.PAR M.H \u2013 28 janvier 2022 lien vers l&rsquo;article En activit\u00e9 depuis mars 2021, Bocaux &amp; CO a \u00e9t\u00e9 fond\u00e9e [&hellip;]<\/p>\n","protected":false},"author":1,"featured_media":31305,"comment_status":"open","ping_status":"open","sticky":false,"template":"","format":"standard","meta":{"_et_pb_use_builder":"","_et_pb_old_content":"","_et_gb_content_width":"","footnotes":""},"categories":[37],"tags":[],"class_list":["post-31299","post","type-post","status-publish","format-standard","has-post-thumbnail","hentry","category-medias"],"_links":{"self":[{"href":"https:\/\/www.studio.eklozia.fr\/bocauxco\/wp-json\/wp\/v2\/posts\/31299","targetHints":{"allow":["GET"]}}],"collection":[{"href":"https:\/\/www.studio.eklozia.fr\/bocauxco\/wp-json\/wp\/v2\/posts"}],"about":[{"href":"https:\/\/www.studio.eklozia.fr\/bocauxco\/wp-json\/wp\/v2\/types\/post"}],"author":[{"embeddable":true,"href":"https:\/\/www.studio.eklozia.fr\/bocauxco\/wp-json\/wp\/v2\/users\/1"}],"replies":[{"embeddable":true,"href":"https:\/\/www.studio.eklozia.fr\/bocauxco\/wp-json\/wp\/v2\/comments?post=31299"}],"version-history":[{"count":0,"href":"https:\/\/www.studio.eklozia.fr\/bocauxco\/wp-json\/wp\/v2\/posts\/31299\/revisions"}],"wp:featuredmedia":[{"embeddable":true,"href":"https:\/\/www.studio.eklozia.fr\/bocauxco\/wp-json\/wp\/v2\/media\/31305"}],"wp:attachment":[{"href":"https:\/\/www.studio.eklozia.fr\/bocauxco\/wp-json\/wp\/v2\/media?parent=31299"}],"wp:term":[{"taxonomy":"category","embeddable":true,"href":"https:\/\/www.studio.eklozia.fr\/bocauxco\/wp-json\/wp\/v2\/categories?post=31299"},{"taxonomy":"post_tag","embeddable":true,"href":"https:\/\/www.studio.eklozia.fr\/bocauxco\/wp-json\/wp\/v2\/tags?post=31299"}],"curies":[{"name":"wp","href":"https:\/\/api.w.org\/{rel}","templated":true}]}}