{"id":31303,"date":"2022-01-13T15:06:01","date_gmt":"2022-01-13T14:06:01","guid":{"rendered":"https:\/\/bocaux-and-co.fr\/\/?p=31303"},"modified":"2022-01-13T15:06:01","modified_gmt":"2022-01-13T14:06:01","slug":"la-chaine-verte-13-janvier-2022","status":"publish","type":"post","link":"https:\/\/www.studio.eklozia.fr\/bocauxco\/la-chaine-verte-13-janvier-2022\/","title":{"rendered":"La Cha\u00eene Verte \u2013 13 janvier 2022"},"content":{"rendered":"\n<h2 class=\"wp-block-heading\"><a href=\"https:\/\/www.gazettebourgogne.fr\/article\/dijon-inauguration-de-bocaux-co-un-nouveau-projet-d-economie-circulaire\" target=\"_blank\" rel=\"noreferrer noopener nofollow\"><a href=\"https:\/\/www.gazettebourgogne.fr\/article\/dijon-inauguration-de-bocaux-co-un-nouveau-projet-d-economie-circulaire\" rel=\"nofollow noopener\" target=\"_blank\">Partenariat La Cha\u00eene Verte<\/a><\/a><\/h2>\n\n\n\n<p>en ce d\u00e9but d\u2019ann\u00e9e, bocaux&amp;co entame une nouvelle phase : exp\u00e9rimenter \u2013 en vrai \u2013 des partenariats avec des acteurs locaux sur les diff\u00e9rentes \u00e9tapes du circuit de r\u00e9emploi. En janvier, c\u2019est\u00a0<a href=\"https:\/\/www.facebook.com\/Associationlachaineverte\/?__cft__[0]=AZXIsdLPfbCQ8q3_jdlugofRh0IJUDPztTMGOxJ0hB6HnWBiUIqQNhzi3Rn0VnvIyX-rmu-oaJUmlvIv1bpJQ0mBRuJc6fOxH9Osl24XYsRIlm_3vGt5dQNvhtauJJnu5huuLbn9QB534ar_tguymtlcrtj2r79QXp4afEtV7YiJXg&amp;__tn__=kK-R\" rel=\"nofollow noopener\" target=\"_blank\">La Cha\u00eene Verte<\/a>\u00a0qui assure\u00a0<img decoding=\"async\" width=\"16\" height=\"16\" src=\"https:\/\/static.xx.fbcdn.net\/images\/emoji.php\/v9\/t55\/1.5\/16\/1f44d.png\" alt=\"\ud83d\udc4d\"><img decoding=\"async\" width=\"16\" height=\"16\" src=\"https:\/\/static.xx.fbcdn.net\/images\/emoji.php\/v9\/t55\/1.5\/16\/1f44d.png\" alt=\"\ud83d\udc4d\">le ramassage hebdomadaire des bocaux.<\/p>\n\n\n\n<p>Merci Guillaume de p\u00e9daler pour bocaux&amp;co et merci \u00e0 tous nos partenaires\/points de collecte :\u00a0<a href=\"https:\/\/www.facebook.com\/larecyclade\/?__cft__[0]=AZXIsdLPfbCQ8q3_jdlugofRh0IJUDPztTMGOxJ0hB6HnWBiUIqQNhzi3Rn0VnvIyX-rmu-oaJUmlvIv1bpJQ0mBRuJc6fOxH9Osl24XYsRIlm_3vGt5dQNvhtauJJnu5huuLbn9QB534ar_tguymtlcrtj2r79QXp4afEtV7YiJXg&amp;__tn__=kK-R\" rel=\"nofollow noopener\" target=\"_blank\">La recyclade<\/a><a href=\"https:\/\/www.facebook.com\/maisondesassociationsdijon\/?__cft__[0]=AZXIsdLPfbCQ8q3_jdlugofRh0IJUDPztTMGOxJ0hB6HnWBiUIqQNhzi3Rn0VnvIyX-rmu-oaJUmlvIv1bpJQ0mBRuJc6fOxH9Osl24XYsRIlm_3vGt5dQNvhtauJJnu5huuLbn9QB534ar_tguymtlcrtj2r79QXp4afEtV7YiJXg&amp;__tn__=kK-R\" rel=\"nofollow noopener\" target=\"_blank\">Maison des Associations de la Ville de Dijon<\/a><a href=\"https:\/\/www.facebook.com\/MJC-Centre-Social-des-Bourroches-1687232098161293\/?__cft__[0]=AZXIsdLPfbCQ8q3_jdlugofRh0IJUDPztTMGOxJ0hB6HnWBiUIqQNhzi3Rn0VnvIyX-rmu-oaJUmlvIv1bpJQ0mBRuJc6fOxH9Osl24XYsRIlm_3vGt5dQNvhtauJJnu5huuLbn9QB534ar_tguymtlcrtj2r79QXp4afEtV7YiJXg&amp;__tn__=kK-R\" rel=\"nofollow noopener\" target=\"_blank\">MJC \u2013 Centre Social des Bourroches<\/a><a href=\"https:\/\/www.facebook.com\/EpicerieLocavoreDesBourroches\/?__cft__[0]=AZXIsdLPfbCQ8q3_jdlugofRh0IJUDPztTMGOxJ0hB6HnWBiUIqQNhzi3Rn0VnvIyX-rmu-oaJUmlvIv1bpJQ0mBRuJc6fOxH9Osl24XYsRIlm_3vGt5dQNvhtauJJnu5huuLbn9QB534ar_tguymtlcrtj2r79QXp4afEtV7YiJXg&amp;__tn__=kK-R\" rel=\"nofollow noopener\" target=\"_blank\">Epicerie Locavore des Bourroches<\/a><a href=\"https:\/\/www.facebook.com\/Rezofetart\/?__cft__[0]=AZXIsdLPfbCQ8q3_jdlugofRh0IJUDPztTMGOxJ0hB6HnWBiUIqQNhzi3Rn0VnvIyX-rmu-oaJUmlvIv1bpJQ0mBRuJc6fOxH9Osl24XYsRIlm_3vGt5dQNvhtauJJnu5huuLbn9QB534ar_tguymtlcrtj2r79QXp4afEtV7YiJXg&amp;__tn__=kK-R\" rel=\"nofollow noopener\" target=\"_blank\">Association R\u00e9zo\u2019F\u00eat\u2019Art<\/a><a href=\"https:\/\/www.facebook.com\/courtcircuit21\/?__cft__[0]=AZXIsdLPfbCQ8q3_jdlugofRh0IJUDPztTMGOxJ0hB6HnWBiUIqQNhzi3Rn0VnvIyX-rmu-oaJUmlvIv1bpJQ0mBRuJc6fOxH9Osl24XYsRIlm_3vGt5dQNvhtauJJnu5huuLbn9QB534ar_tguymtlcrtj2r79QXp4afEtV7YiJXg&amp;__tn__=kK-R\" rel=\"nofollow noopener\" target=\"_blank\">Court Circuit 21, Magasin Collaboratif et Participatif de Dijon<\/a><\/p>\n\n\n","protected":false},"excerpt":{"rendered":"<p>Partenariat La Cha\u00eene Verte en ce d\u00e9but d\u2019ann\u00e9e, bocaux&amp;co entame une nouvelle phase : exp\u00e9rimenter \u2013 en vrai \u2013 des partenariats avec des acteurs locaux sur les diff\u00e9rentes \u00e9tapes du circuit de r\u00e9emploi. En janvier, c\u2019est\u00a0La Cha\u00eene Verte\u00a0qui assure\u00a0le ramassage hebdomadaire des bocaux. Merci Guillaume de p\u00e9daler pour bocaux&amp;co et merci \u00e0 tous nos partenaires\/points [&hellip;]<\/p>\n","protected":false},"author":1,"featured_media":31300,"comment_status":"open","ping_status":"open","sticky":false,"template":"","format":"standard","meta":{"_et_pb_use_builder":"","_et_pb_old_content":"","_et_gb_content_width":"","footnotes":""},"categories":[38],"tags":[],"class_list":["post-31303","post","type-post","status-publish","format-standard","has-post-thumbnail","hentry","category-evenements"],"_links":{"self":[{"href":"https:\/\/www.studio.eklozia.fr\/bocauxco\/wp-json\/wp\/v2\/posts\/31303","targetHints":{"allow":["GET"]}}],"collection":[{"href":"https:\/\/www.studio.eklozia.fr\/bocauxco\/wp-json\/wp\/v2\/posts"}],"about":[{"href":"https:\/\/www.studio.eklozia.fr\/bocauxco\/wp-json\/wp\/v2\/types\/post"}],"author":[{"embeddable":true,"href":"https:\/\/www.studio.eklozia.fr\/bocauxco\/wp-json\/wp\/v2\/users\/1"}],"replies":[{"embeddable":true,"href":"https:\/\/www.studio.eklozia.fr\/bocauxco\/wp-json\/wp\/v2\/comments?post=31303"}],"version-history":[{"count":0,"href":"https:\/\/www.studio.eklozia.fr\/bocauxco\/wp-json\/wp\/v2\/posts\/31303\/revisions"}],"wp:featuredmedia":[{"embeddable":true,"href":"https:\/\/www.studio.eklozia.fr\/bocauxco\/wp-json\/wp\/v2\/media\/31300"}],"wp:attachment":[{"href":"https:\/\/www.studio.eklozia.fr\/bocauxco\/wp-json\/wp\/v2\/media?parent=31303"}],"wp:term":[{"taxonomy":"category","embeddable":true,"href":"https:\/\/www.studio.eklozia.fr\/bocauxco\/wp-json\/wp\/v2\/categories?post=31303"},{"taxonomy":"post_tag","embeddable":true,"href":"https:\/\/www.studio.eklozia.fr\/bocauxco\/wp-json\/wp\/v2\/tags?post=31303"}],"curies":[{"name":"wp","href":"https:\/\/api.w.org\/{rel}","templated":true}]}}