{"id":31317,"date":"2022-01-27T13:47:19","date_gmt":"2022-01-27T12:47:19","guid":{"rendered":"https:\/\/bocaux-and-co.fr\/\/?p=31317"},"modified":"2022-01-27T13:47:19","modified_gmt":"2022-01-27T12:47:19","slug":"article-le-bien-public-27-janvier-2022","status":"publish","type":"post","link":"https:\/\/www.studio.eklozia.fr\/bocauxco\/article-le-bien-public-27-janvier-2022\/","title":{"rendered":"[ article ] \u2013 Le Bien Public \u2013 27 janvier 2022"},"content":{"rendered":"\n<h2 class=\"wp-block-heading\"><a href=\"https:\/\/www.gazettebourgogne.fr\/article\/dijon-inauguration-de-bocaux-co-un-nouveau-projet-d-economie-circulaire\" target=\"_blank\" rel=\"noreferrer noopener nofollow\">bocaux&amp;co, le projet de r\u00e9emploi des contenants en verre, ouvre une boutique-atelier rue Maurice Ravel<\/a><\/h2>\n\n\n\n<p>Nouvelle \u00e9tape pour Bocaux &amp; Co. Apr\u00e8s avoir mis en place huit points de collecte dans l\u2019agglom\u00e9ration dijonnaise depuis septembre, les initiatrices de ce projet de r\u00e9emploi des bocaux en verre passent \u00e0 la vitesse sup\u00e9rieure avec l\u2019ouverture d\u2019une boutique-atelier 9, rue Maurice-Ravel \u00e0 Dijon.<\/p>\n\n\n\n<p>Par\u00a0Clo\u00e9 MAKRIDES (cloe.makrides@lebienpublic.fr)\u00a0\u2013\u00a027 janv. 2022 \u00e0 08:00 <a href=\"https:\/\/www.bienpublic.com\/economie\/2022\/01\/27\/bocaux-co-le-projet-de-reemploi-des-contenants-en-verre-ouvre-une-boutique-atelier-rue-maurice-ravel\" rel=\"nofollow noopener\" target=\"_blank\">lien vers l&rsquo;article<\/a><\/p>\n\n\n\n<figure class=\"wp-block-image size-full is-resized\"><a href=\"https:\/\/www.bienpublic.com\/economie\/2022\/01\/27\/bocaux-co-le-projet-de-reemploi-des-contenants-en-verre-ouvre-une-boutique-atelier-rue-maurice-ravel\" target=\"_blank\" rel=\"noopener nofollow\"><img decoding=\"async\" src=\"https:\/\/www.studio.eklozia.fr\/bocauxco\/wp-content\/uploads\/2022\/04\/bien-public.jpg\" alt=\"\" class=\"wp-image-31318\" width=\"901\" height=\"679\" srcset=\"https:\/\/www.studio.eklozia.fr\/bocauxco\/wp-content\/uploads\/2022\/04\/bien-public.jpg 901w, https:\/\/www.studio.eklozia.fr\/bocauxco\/wp-content\/uploads\/2022\/04\/bien-public-480x362.jpg 480w\" sizes=\"(min-width: 0px) and (max-width: 480px) 480px, (min-width: 481px) 901px, 100vw\" \/><\/a><\/figure>\n","protected":false},"excerpt":{"rendered":"<p>bocaux&amp;co, le projet de r\u00e9emploi des contenants en verre, ouvre une boutique-atelier rue Maurice Ravel Nouvelle \u00e9tape pour Bocaux &amp; Co. Apr\u00e8s avoir mis en place huit points de collecte dans l\u2019agglom\u00e9ration dijonnaise depuis septembre, les initiatrices de ce projet de r\u00e9emploi des bocaux en verre passent \u00e0 la vitesse sup\u00e9rieure avec l\u2019ouverture d\u2019une boutique-atelier [&hellip;]<\/p>\n","protected":false},"author":1,"featured_media":31318,"comment_status":"open","ping_status":"open","sticky":false,"template":"","format":"standard","meta":{"_et_pb_use_builder":"","_et_pb_old_content":"","_et_gb_content_width":"","footnotes":""},"categories":[37],"tags":[],"class_list":["post-31317","post","type-post","status-publish","format-standard","has-post-thumbnail","hentry","category-medias"],"_links":{"self":[{"href":"https:\/\/www.studio.eklozia.fr\/bocauxco\/wp-json\/wp\/v2\/posts\/31317","targetHints":{"allow":["GET"]}}],"collection":[{"href":"https:\/\/www.studio.eklozia.fr\/bocauxco\/wp-json\/wp\/v2\/posts"}],"about":[{"href":"https:\/\/www.studio.eklozia.fr\/bocauxco\/wp-json\/wp\/v2\/types\/post"}],"author":[{"embeddable":true,"href":"https:\/\/www.studio.eklozia.fr\/bocauxco\/wp-json\/wp\/v2\/users\/1"}],"replies":[{"embeddable":true,"href":"https:\/\/www.studio.eklozia.fr\/bocauxco\/wp-json\/wp\/v2\/comments?post=31317"}],"version-history":[{"count":0,"href":"https:\/\/www.studio.eklozia.fr\/bocauxco\/wp-json\/wp\/v2\/posts\/31317\/revisions"}],"wp:featuredmedia":[{"embeddable":true,"href":"https:\/\/www.studio.eklozia.fr\/bocauxco\/wp-json\/wp\/v2\/media\/31318"}],"wp:attachment":[{"href":"https:\/\/www.studio.eklozia.fr\/bocauxco\/wp-json\/wp\/v2\/media?parent=31317"}],"wp:term":[{"taxonomy":"category","embeddable":true,"href":"https:\/\/www.studio.eklozia.fr\/bocauxco\/wp-json\/wp\/v2\/categories?post=31317"},{"taxonomy":"post_tag","embeddable":true,"href":"https:\/\/www.studio.eklozia.fr\/bocauxco\/wp-json\/wp\/v2\/tags?post=31317"}],"curies":[{"name":"wp","href":"https:\/\/api.w.org\/{rel}","templated":true}]}}