{"id":31328,"date":"2022-01-23T14:04:01","date_gmt":"2022-01-23T13:04:01","guid":{"rendered":"https:\/\/bocaux-and-co.fr\/\/?p=31328"},"modified":"2022-01-23T14:04:01","modified_gmt":"2022-01-23T13:04:01","slug":"article-jaime-dijon-23-janvier-2022","status":"publish","type":"post","link":"https:\/\/www.studio.eklozia.fr\/bocauxco\/article-jaime-dijon-23-janvier-2022\/","title":{"rendered":"[ article ] \u2013 J\u2019aime Dijon \u2013 23 janvier 2022"},"content":{"rendered":"\n<h2 class=\"wp-block-heading\"><a href=\"https:\/\/www.gazettebourgogne.fr\/article\/dijon-inauguration-de-bocaux-co-un-nouveau-projet-d-economie-circulaire\" target=\"_blank\" rel=\"noreferrer noopener nofollow\">BOCAUX&amp;CO OUVRE SA BOUTIQUE-ATELIER LE 28 JANVIER<\/a><\/h2>\n\n\n\n<p class=\"is-style-paragraph-special-1\">Apres l\u2019ouverture de 8 points de collecte en septembre 2021, \u00ab\u00a0bocaux&amp;co\u00a0\u00bb ouvre sa boutique-atelier le 28 janvier<\/p>\n\n\n\n<p>Depuis septembre 2021, l\u2019association Bocaux&amp;Co a exp\u00e9riment\u00e9 un premier circuit de collecte des bocaux \u00e0 l\u2019\u00e9chelle du Sud dijonnais.&nbsp;<strong>L\u2019association a d\u00e9j\u00e0 collect\u00e9&nbsp;10000 bocaux dont 1500 qui ont trouv\u00e9 une seconde vie<\/strong>.<\/p>\n\n\n\n<p>L\u2019association a pour ambition de nous sensibiliser\u00a0<strong>au r\u00e9emploi des bocaux et\u00a0au d\u00e9veloppement de la pratique de la conservation en bocal\u00a0<\/strong>en ouvrant au public une\u00a0boutique-atelier.<\/p>\n\n\n\n<p><a href=\"https:\/\/jaimedijon.com\/bocauxco-ouverture-boutique\/\" rel=\"nofollow noopener\" target=\"_blank\">en lire plus <\/a><\/p>\n\n\n\n<p>Nicolas\u00a0\u2013\u00a023 janvier 2022<\/p>\n\n\n\n<div style=\"height:26px\" aria-hidden=\"true\" class=\"wp-block-spacer\"><\/div>\n\n\n","protected":false},"excerpt":{"rendered":"<p>BOCAUX&amp;CO OUVRE SA BOUTIQUE-ATELIER LE 28 JANVIER Apres l\u2019ouverture de 8 points de collecte en septembre 2021, \u00ab\u00a0bocaux&amp;co\u00a0\u00bb ouvre sa boutique-atelier le 28 janvier Depuis septembre 2021, l\u2019association Bocaux&amp;Co a exp\u00e9riment\u00e9 un premier circuit de collecte des bocaux \u00e0 l\u2019\u00e9chelle du Sud dijonnais.&nbsp;L\u2019association a d\u00e9j\u00e0 collect\u00e9&nbsp;10000 bocaux dont 1500 qui ont trouv\u00e9 une seconde vie. [&hellip;]<\/p>\n","protected":false},"author":1,"featured_media":31402,"comment_status":"open","ping_status":"open","sticky":false,"template":"","format":"standard","meta":{"_et_pb_use_builder":"","_et_pb_old_content":"","_et_gb_content_width":"","footnotes":""},"categories":[37],"tags":[],"class_list":["post-31328","post","type-post","status-publish","format-standard","has-post-thumbnail","hentry","category-medias"],"_links":{"self":[{"href":"https:\/\/www.studio.eklozia.fr\/bocauxco\/wp-json\/wp\/v2\/posts\/31328","targetHints":{"allow":["GET"]}}],"collection":[{"href":"https:\/\/www.studio.eklozia.fr\/bocauxco\/wp-json\/wp\/v2\/posts"}],"about":[{"href":"https:\/\/www.studio.eklozia.fr\/bocauxco\/wp-json\/wp\/v2\/types\/post"}],"author":[{"embeddable":true,"href":"https:\/\/www.studio.eklozia.fr\/bocauxco\/wp-json\/wp\/v2\/users\/1"}],"replies":[{"embeddable":true,"href":"https:\/\/www.studio.eklozia.fr\/bocauxco\/wp-json\/wp\/v2\/comments?post=31328"}],"version-history":[{"count":0,"href":"https:\/\/www.studio.eklozia.fr\/bocauxco\/wp-json\/wp\/v2\/posts\/31328\/revisions"}],"wp:featuredmedia":[{"embeddable":true,"href":"https:\/\/www.studio.eklozia.fr\/bocauxco\/wp-json\/wp\/v2\/media\/31402"}],"wp:attachment":[{"href":"https:\/\/www.studio.eklozia.fr\/bocauxco\/wp-json\/wp\/v2\/media?parent=31328"}],"wp:term":[{"taxonomy":"category","embeddable":true,"href":"https:\/\/www.studio.eklozia.fr\/bocauxco\/wp-json\/wp\/v2\/categories?post=31328"},{"taxonomy":"post_tag","embeddable":true,"href":"https:\/\/www.studio.eklozia.fr\/bocauxco\/wp-json\/wp\/v2\/tags?post=31328"}],"curies":[{"name":"wp","href":"https:\/\/api.w.org\/{rel}","templated":true}]}}