{"id":31335,"date":"2022-01-22T13:11:40","date_gmt":"2022-01-22T12:11:40","guid":{"rendered":"https:\/\/bocaux-and-co.fr\/\/?p=31335"},"modified":"2022-01-22T13:11:40","modified_gmt":"2022-01-22T12:11:40","slug":"article-infos-dijon-22-janvier-2022","status":"publish","type":"post","link":"https:\/\/www.studio.eklozia.fr\/bocauxco\/article-infos-dijon-22-janvier-2022\/","title":{"rendered":"[ article ] \u2013 Infos-Dijon \u2013 22 janvier 2022"},"content":{"rendered":"\n<h2 class=\"wp-block-heading\">DIJON : Bocaux &amp; Co ouvre sa boutique-atelier le 28 janvier<\/h2>\n\n\n\n<p>Bocaux &amp; Co, projet de r\u00e9emploi des contenants en verre, a d\u00e9but\u00e9 en septembre dans le Sud dijonnais.<br>Apr\u00e8s l\u2019ouverture de 8 points de collecte dans lesquels les citoyen.ne.s d\u00e9posent leurs bocaux vides, c\u2019est le tour de la boutique-atelier.Photo&nbsp;\u2013&nbsp;<em>Norbert Banchet<\/em> . <a href=\"https:\/\/www.infos-dijon.com\/news\/vie-locale\/vie-locale\/dijon-bocaux-co-ouvre-sa-boutique-atelier-le-28-janvier.html\" rel=\"nofollow noopener\" target=\"_blank\">lire l&rsquo;article<\/a><\/p>\n\n\n\n<p>Bocaux &amp; Co, projet de r\u00e9emploi des contenants en verre, a d\u00e9but\u00e9 en septembre dans le Sud dijonnais.<\/p>\n\n\n\n<p>Apr\u00e8s l\u2019ouverture de 8 points de collecte dans lesquels les citoyen.ne.s d\u00e9posent leurs bocaux vides, c\u2019est le tour de la boutique-atelier.<\/p>\n\n\n\n<h5 class=\"wp-block-heading\">Bocaux &amp; Co, pourquoi ?<\/h5>\n\n\n\n<p>L\u2019id\u00e9e du projet Bocaux &amp; Co est simple : le bocal ou pot en verre \u00e0 capsule \u00e0 vis est un formidable outil de transition \u00e9cologique, \u00e9conomique et soci\u00e9tale. Cette ressource aussi abondante que commune \u2013 on en a tous chez nous &#8211; est aujourd\u2019hui en grande partie recycl\u00e9e alors qu\u2019elle pourrait \u00eatre r\u00e9employ\u00e9e et r\u00e9utilis\u00e9e. Cela permettrait de diminuer notre impact environnemental, cr\u00e9er des emplois et soutenir l\u2019autonomie alimentaire de notre territoire.<\/p>\n\n\n\n<h5 class=\"wp-block-heading\">Bocaux &amp; Co, c\u2019est quoi ?<\/h5>\n\n\n\n<p>Le projet s\u2019articule en trois volets qui seront d\u00e9ploy\u00e9s successivement :<br>&#8211; r\u00e9emploi, pour mettre en place un circuit de r\u00e9emploi des bocaux.<br>&#8211; transformation, pour d\u00e9velopper la pratique de la conservation en bocal.<br>&#8211; formation, pour former et sensibiliser aux techniques de conservation en bocal.<\/p>\n\n\n\n<h5 class=\"wp-block-heading\">Bocaux &amp; Co exp\u00e9rimente !<\/h5>\n\n\n\n<p>Depuis septembre, Bocaux &amp; Co exp\u00e9rimente un premier circuit de collecte des bocaux \u00e0 l\u2019\u00e9chelle du Sud dijonnais, collecte, tri, lavage, redistribution.<br>D\u00e9j\u00e0 plus de 10 000 bocaux collect\u00e9s et plus de 1 500 ont trouv\u00e9 une seconde vie (aupr\u00e8s de professionnels de la conserverie, de citoyens&#8230;).<\/p>\n\n\n\n<p>Aujourd\u2019hui, Bocaux &amp; Co exp\u00e9rimente la vente aux citoyen.ne.s et la mise en place d\u2019ateliers, notamment avec la boutique-atelier.<\/p>\n\n\n\n<h5 class=\"wp-block-heading\">La boutique-atelier, pour quoi faire ?<\/h5>\n\n\n\n<p>Bocaux &amp; Co a la chance de disposer d\u2019un local mis \u00e0 disposition par la Ville de Dijon dans le quartier Greuze : cette boutique-atelier va \u00eatre ouverte au public tous les mercredis et vendredis apr\u00e8s-midi (14h-18h) \u00e0 compter du 28 janvier.<\/p>\n\n\n\n<p>Elle permet \u00e0 Bocaux &amp; Co de disposer de trois espaces pour exp\u00e9rimenter :<br>&#8211; la boutique proposera la vente de bocaux r\u00e9employ\u00e9s,<br>&#8211; l\u2019atelier permettra d\u2019organiser des animations (sensibilisation, pratique de la conservation),<br>&#8211; et l\u2019espace technique permettra le stockage (incluant un espace de travail pour g\u00e9rer et animer l\u2019association).<\/p>\n\n\n\n<p>N\u2019h\u00e9sitez pas \u00e0 venir nous rencontrer dans la boutique-atelier, 9 rue Maurice Ravel \u00e0 Dijon, \u00e0 partir du 28 janvier !<\/p>\n\n\n\n<figure class=\"wp-block-image size-full\"><a href=\"https:\/\/www.infos-dijon.com\/news\/vie-locale\/vie-locale\/dijon-bocaux-co-ouvre-sa-boutique-atelier-le-28-janvier.html\" target=\"_blank\" rel=\"noopener nofollow\"><img decoding=\"async\" width=\"960\" height=\"545\" src=\"https:\/\/www.studio.eklozia.fr\/bocauxco\/wp-content\/uploads\/2022\/04\/info-dijon.jpg\" alt=\"\" class=\"wp-image-31336\" srcset=\"https:\/\/www.studio.eklozia.fr\/bocauxco\/wp-content\/uploads\/2022\/04\/info-dijon.jpg 960w, https:\/\/www.studio.eklozia.fr\/bocauxco\/wp-content\/uploads\/2022\/04\/info-dijon-480x273.jpg 480w\" sizes=\"(min-width: 0px) and (max-width: 480px) 480px, (min-width: 481px) 960px, 100vw\" \/><\/a><\/figure>\n\n\n\n<div style=\"height:26px\" aria-hidden=\"true\" class=\"wp-block-spacer\"><\/div>\n\n\n","protected":false},"excerpt":{"rendered":"<p>DIJON : Bocaux &amp; Co ouvre sa boutique-atelier le 28 janvier Bocaux &amp; Co, projet de r\u00e9emploi des contenants en verre, a d\u00e9but\u00e9 en septembre dans le Sud dijonnais.Apr\u00e8s l\u2019ouverture de 8 points de collecte dans lesquels les citoyen.ne.s d\u00e9posent leurs bocaux vides, c\u2019est le tour de la boutique-atelier.Photo&nbsp;\u2013&nbsp;Norbert Banchet . lire l&rsquo;article Bocaux &amp; [&hellip;]<\/p>\n","protected":false},"author":1,"featured_media":31446,"comment_status":"open","ping_status":"open","sticky":false,"template":"","format":"standard","meta":{"_et_pb_use_builder":"","_et_pb_old_content":"","_et_gb_content_width":"","footnotes":""},"categories":[37],"tags":[],"class_list":["post-31335","post","type-post","status-publish","format-standard","has-post-thumbnail","hentry","category-medias"],"_links":{"self":[{"href":"https:\/\/www.studio.eklozia.fr\/bocauxco\/wp-json\/wp\/v2\/posts\/31335","targetHints":{"allow":["GET"]}}],"collection":[{"href":"https:\/\/www.studio.eklozia.fr\/bocauxco\/wp-json\/wp\/v2\/posts"}],"about":[{"href":"https:\/\/www.studio.eklozia.fr\/bocauxco\/wp-json\/wp\/v2\/types\/post"}],"author":[{"embeddable":true,"href":"https:\/\/www.studio.eklozia.fr\/bocauxco\/wp-json\/wp\/v2\/users\/1"}],"replies":[{"embeddable":true,"href":"https:\/\/www.studio.eklozia.fr\/bocauxco\/wp-json\/wp\/v2\/comments?post=31335"}],"version-history":[{"count":0,"href":"https:\/\/www.studio.eklozia.fr\/bocauxco\/wp-json\/wp\/v2\/posts\/31335\/revisions"}],"wp:featuredmedia":[{"embeddable":true,"href":"https:\/\/www.studio.eklozia.fr\/bocauxco\/wp-json\/wp\/v2\/media\/31446"}],"wp:attachment":[{"href":"https:\/\/www.studio.eklozia.fr\/bocauxco\/wp-json\/wp\/v2\/media?parent=31335"}],"wp:term":[{"taxonomy":"category","embeddable":true,"href":"https:\/\/www.studio.eklozia.fr\/bocauxco\/wp-json\/wp\/v2\/categories?post=31335"},{"taxonomy":"post_tag","embeddable":true,"href":"https:\/\/www.studio.eklozia.fr\/bocauxco\/wp-json\/wp\/v2\/tags?post=31335"}],"curies":[{"name":"wp","href":"https:\/\/api.w.org\/{rel}","templated":true}]}}