{"id":31367,"date":"2022-03-08T21:20:00","date_gmt":"2022-03-08T20:20:00","guid":{"rendered":"https:\/\/bocaux-and-co.fr\/?p=31367"},"modified":"2022-03-08T21:20:00","modified_gmt":"2022-03-08T20:20:00","slug":"infolettre-n9-8-mars-2022","status":"publish","type":"post","link":"https:\/\/www.studio.eklozia.fr\/bocauxco\/infolettre-n9-8-mars-2022\/","title":{"rendered":"Infolettre n\u00b09 &#8211; 8 mars 2022"},"content":{"rendered":"\n<h2 class=\"wp-block-heading\"><strong>Nous voici dej\u00e0 en mars !&nbsp;&nbsp;<\/strong><\/h2>\n\n\n\n<p>comme vous le savez sans doute, notre <strong><mark style=\"background-color:rgba(0, 0, 0, 0)\" class=\"has-inline-color has-ast-global-color-1-color\">boutique-atelier<\/mark><\/strong> est ouverte depuis le 28 janvier tous les mercredis et vendredis de 14h \u00e0 18h (9 rue Maurice Ravel \u00e0 Dijon). Gr\u00e2ce \u00e0 la Ville de Dijon, bocaux&amp;co dispose d\u2019un lieu d\u00e9di\u00e9 au projet et aux gens qui le font vivre ! Il donne un autre rythme\/cadre \u00e0 l\u2019implication des b\u00e9n\u00e9voles. Il contribue aussi \u00e0 donner une belle image de ce qui est aujourd\u2019hui un d\u00e9chet : la partie boutique met en valeur la ressource \u00ab bocal \u00bb.<\/p>\n\n\n\n<p>Il constitue \u00e9galement une premi\u00e8re exp\u00e9rience de vente aux particuliers. D\u2019autres vont suivre, comme la mise en vente prochaine dans les rayons de la Vie saine Chenove de bocaux r\u00e9employ\u00e9s. La vente aux professionnels se poursuit avec l\u2019exp\u00e9rimentation d\u2019une offre de services. Dans les mois qui viennent, il nous faut <mark style=\"background-color:rgba(0, 0, 0, 0)\" class=\"has-inline-color has-ast-global-color-1-color\"><strong>stabiliser<\/strong>&nbsp;<strong>un mod\u00e8le \u00e9conomique durable<\/strong><\/mark>, qui rassemble les citoyens, les professionnels et les collectivit\u00e9s.<\/p>\n\n\n\n<figure class=\"wp-block-image size-full\"><img decoding=\"async\" width=\"662\" height=\"622\" src=\"https:\/\/www.studio.eklozia.fr\/bocauxco\/wp-content\/uploads\/2022\/04\/ouverture-de-la-boutique-atelier.jpg\" alt=\"\" class=\"wp-image-31295\" srcset=\"https:\/\/www.studio.eklozia.fr\/bocauxco\/wp-content\/uploads\/2022\/04\/ouverture-de-la-boutique-atelier.jpg 662w, https:\/\/www.studio.eklozia.fr\/bocauxco\/wp-content\/uploads\/2022\/04\/ouverture-de-la-boutique-atelier-480x451.jpg 480w\" sizes=\"(min-width: 0px) and (max-width: 480px) 480px, (min-width: 481px) 662px, 100vw\" \/><\/figure>\n\n\n\n<h2 class=\"wp-block-heading\">Animations et ateliers&nbsp;<\/h2>\n\n\n\n<p>Depuis janvier, bocaux&amp;co a \u00e9t\u00e9 sollicit\u00e9 pour proposer des animations en lien avec la conservation alimentaire. Cela a abouti notamment \u00e0 l\u2019organisation pour <strong><mark style=\"background-color:rgba(0, 0, 0, 0)\" class=\"has-inline-color has-ast-global-color-1-color\">Epi\u2019Sourire<\/mark><\/strong>, \u00e9picerie sociale et solidaire de Dijon, de 4 animations de sensibilisation en f\u00e9vrier et 3 ateliers pratiques (lactofermentation) programm\u00e9s en mars. Ce volet \u00ab&nbsp;<mark style=\"background-color:rgba(0, 0, 0, 0)\" class=\"has-inline-color has-ast-global-color-1-color\"><strong>animation \/ sensibilisation<\/strong>&nbsp;<\/mark>\u00bb, initialement imagin\u00e9 beaucoup plus tard dans le projet, constitue un des leviers pour la p\u00e9rennit\u00e9 de bocaux&amp;co. Nous sommes ravies de pouvoir l\u2019exp\u00e9rimenter d\u00e8s maintenant.<\/p>\n\n\n\n<figure class=\"wp-block-image\"><img decoding=\"async\" src=\"https:\/\/storage-master.infomaniak.ch\/newsletter\/images\/2022-03-08\/6227289598c2d.jpg\" alt=\"\"\/><\/figure>\n\n\n\n<h2 class=\"wp-block-heading\"><strong>Circuit du r\u00e9emploi o\u00f9 en sommes-nous ?&nbsp;<\/strong><\/h2>\n\n\n\n<p>Depuis janvier \u00e9galement, bocaux&amp;co exp\u00e9rimente des <strong><mark style=\"background-color:rgba(0, 0, 0, 0)\" class=\"has-inline-color has-ast-global-color-1-color\">partenariats avec des acteurs du territoire<\/mark> <\/strong>sur les diff\u00e9rents processus du circuit de r\u00e9emploi. Le ramassage a \u00e9t\u00e9 assur\u00e9 par <strong><mark style=\"background-color:rgba(0, 0, 0, 0)\" class=\"has-inline-color has-ast-global-color-1-color\">la Cha\u00eene verte<\/mark> <\/strong>sur janvier puis et encore actuellement par <strong><mark style=\"background-color:rgba(0, 0, 0, 0)\" class=\"has-inline-color has-ast-global-color-1-color\">Envie<\/mark><\/strong> ; un test de lavage a \u00e9t\u00e9 lanc\u00e9 avec <strong><mark style=\"background-color:rgba(0, 0, 0, 0)\" class=\"has-inline-color has-ast-global-color-1-color\">la Mutualit\u00e9 fran\u00e7aise<\/mark> <\/strong>en f\u00e9vrier et d\u2019autres sont \u00e0 venir\u2026 Sur la valorisation de la d\u00e9marche de r\u00e9emploi, de nombreux liens ont \u00e9t\u00e9 tiss\u00e9s \u00e0 l\u2019\u00e9chelle territoriale, r\u00e9gionale ou nationale pour une meilleure coh\u00e9rence, des \u00e9changes et des partages d\u2019informations, une mutualisation et plus globalement une co-construction.<\/p>\n\n\n\n<figure class=\"wp-block-image\"><img decoding=\"async\" src=\"https:\/\/storage-master.infomaniak.ch\/newsletter\/images\/2022-03-08\/622725180c4c2.jpg\" alt=\"\"\/><\/figure>\n\n\n\n<h2 class=\"wp-block-heading\"><strong>Mais finalement tout \u00e7a pour quoi?&nbsp;<\/strong><\/h2>\n\n\n\n<p><strong><mark style=\"background-color:rgba(0, 0, 0, 0)\" class=\"has-inline-color has-ast-global-color-1-color\">En 6 mois (de septembre \u00e0 f\u00e9vrier)&nbsp;:<\/mark><\/strong><\/p>\n\n\n\n<ul class=\"wp-block-list\"><li><strong>15 000 bocaux collect\u00e9s \/ 3 500 kg extraits du circuit de recyclage<\/strong><\/li><li><strong>2 000 bocaux vendus \/ 350 kg r\u00e9employ\u00e9s<\/strong><\/li><\/ul>\n\n\n\n<p>Le ramassage hebdomadaire des 9 points de collecte permet de disposer d\u2019un flux r\u00e9gulier, suffisant pour identifier des s\u00e9ries et \u00e9laborer des crit\u00e8res de tri.<\/p>\n\n\n\n<p><strong>En r\u00e9sum\u00e9, dans la phase d\u2019exp\u00e9rimentation, nous ne cherchons pas \u00e0 collecter plus de bocaux mais \u00e0 mettre en place le circuit de r\u00e9emploi et le mod\u00e8le \u00e9conomique qui permettront au projet de se d\u00e9ployer.<\/strong><\/p>\n\n\n\n<h2 class=\"wp-block-heading\"><strong>Assembl\u00e9e g\u00e9n\u00e9rale annuelle<\/strong><\/h2>\n\n\n\n<p>Enfin, si vous \u00eates adh\u00e9rent.e, vous avez re\u00e7u hier une invitation pour notre prochaine assembl\u00e9e g\u00e9n\u00e9rale <strong><mark style=\"background-color:rgba(0, 0, 0, 0)\" class=\"has-inline-color has-ast-global-color-1-color\">le 25 mars, jour anniversaire de l\u2019association bocaux&amp;co\u2026<\/mark><\/strong><\/p>\n\n\n\n<p><strong>Et si vous n\u2019y \u00eates pas encore, n\u2019h\u00e9sitez pas \u00e0 nous rejoindre&nbsp;: c\u2019est \u00e0 prix libre, l\u2019important est de montrer l\u2019adh\u00e9sion des citoyen.ne.s \u00e0 l\u2019aventure bocaux&amp;co&nbsp;!<\/strong><\/p>\n\n\n\n<p><strong>Au plaisir de vous lire\/entendre\/voir&nbsp;<\/strong><strong>et de vous accueillir \u00e0 la boutique-atelier \ud83d\ude42<\/strong><\/p>\n\n\n\n<p><strong>&nbsp;<\/strong><strong>Catherine, Lauriane, Nadeige, Stephane<\/strong><\/p>\n\n\n\n<div class=\"wp-block-group bloc-reutilisable-nous-soutenir is-layout-constrained wp-block-group-is-layout-constrained\">\n<h3 class=\"has-text-align-center wp-block-heading\">Pour nous soutenir :<\/h3>\n\n\n\n<div style=\"height:40px\" aria-hidden=\"true\" class=\"wp-block-spacer\"><\/div>\n\n\n\n<div class=\"wp-block-columns is-layout-flex wp-container-core-columns-is-layout-9d6595d7 wp-block-columns-is-layout-flex\">\n<div class=\"wp-block-column is-layout-flow wp-block-column-is-layout-flow\">\n<div class=\"wp-block-buttons is-horizontal is-content-justification-center is-layout-flex wp-container-core-buttons-is-layout-499968f5 wp-block-buttons-is-layout-flex\">\n<div class=\"wp-block-button is-style-button-blue-special\"><a class=\"wp-block-button__link\">ADH\u00c9SION<\/a><\/div>\n<\/div>\n\n\n\n<p class=\"has-text-align-center\"><strong>Pour soutenir le projet<\/strong><\/p>\n\n\n\n<p class=\"has-text-align-center\">adh\u00e9rez \u00e0 bocaux&amp;co ! (prix libre)<\/p>\n<\/div>\n\n\n\n<div class=\"wp-block-column is-layout-flow wp-block-column-is-layout-flow\">\n<div class=\"wp-block-buttons is-horizontal is-content-justification-center is-layout-flex wp-container-core-buttons-is-layout-499968f5 wp-block-buttons-is-layout-flex\">\n<div class=\"wp-block-button is-style-button-blue-special\"><a class=\"wp-block-button__link\">FLYERS<\/a><\/div>\n<\/div>\n\n\n\n<p class=\"has-text-align-center\"><strong>Pour faire connaitre le projet<\/strong><\/p>\n\n\n\n<p class=\"has-text-align-center\">A tout moment, vos suggestions, remarques, id\u00e9es sont les bienvenues.<a href=\"https:\/\/bocaux-and-co.fr\/infolettre-n7-29-novembre-2021\/#\" target=\"_blank\" rel=\"noreferrer noopener nofollow\"><\/a><\/p>\n<\/div>\n<\/div>\n\n\n\n<div style=\"height:40px\" aria-hidden=\"true\" class=\"wp-block-spacer\"><\/div>\n\n\n\n<div class=\"wp-block-columns is-layout-flex wp-container-core-columns-is-layout-9d6595d7 wp-block-columns-is-layout-flex\">\n<div class=\"wp-block-column is-layout-flow wp-block-column-is-layout-flow\">\n<h4 class=\"has-text-align-center wp-block-heading\">Suivez-nous sur les r\u00e9seaux sociaux<\/h4>\n\n\n\n<ul class=\"wp-block-social-links is-layout-flex wp-block-social-links-is-layout-flex\"><li class=\"wp-social-link wp-social-link-facebook  wp-block-social-link\"><a href=\"https:\/\/www.facebook.com\/bocauxandcodijon\/\" class=\"wp-block-social-link-anchor\" rel=\"nofollow noopener\" target=\"_blank\"><svg width=\"24\" height=\"24\" viewBox=\"0 0 24 24\" version=\"1.1\" xmlns=\"http:\/\/www.w3.org\/2000\/svg\" aria-hidden=\"true\" focusable=\"false\"><path d=\"M12 2C6.5 2 2 6.5 2 12c0 5 3.7 9.1 8.4 9.9v-7H7.9V12h2.5V9.8c0-2.5 1.5-3.9 3.8-3.9 1.1 0 2.2.2 2.2.2v2.5h-1.3c-1.2 0-1.6.8-1.6 1.6V12h2.8l-.4 2.9h-2.3v7C18.3 21.1 22 17 22 12c0-5.5-4.5-10-10-10z\"><\/path><\/svg><span class=\"wp-block-social-link-label screen-reader-text\">Facebook<\/span><\/a><\/li>\n\n\n\n<\/ul>\n\n\n\n<p><\/p>\n<\/div>\n\n\n\n<div class=\"wp-block-column is-layout-flow wp-block-column-is-layout-flow\">\n<h4 class=\"has-text-align-center wp-block-heading\">Partager cet article<\/h4>\n\n\n\n<div class=\"wp-block-uagb-social-share uagb-social-share__outer-wrap uagb-social-share__layout-horizontal uagb-block-88da951a\"><div class=\"uagb-social-share__wrap\">\n<div class=\"wp-block-uagb-social-share-child uagb-ss-repeater uagb-ss__wrapper uagb-block-41eedc2a\"><a class=\"uagb-ss__link\" data-href=\"https:\/\/www.facebook.com\/sharer.php?u=\" rel=\"noopener noreferrer\"><span class=\"uagb-ss__source-wrap\"><span class=\"uagb-ss__source-icon\"><svg xmlns=\"http:\/\/www.w3.org\/2000\/svg\" viewbox=\"0 0 512 512\"><path d=\"M504 256C504 119 393 8 256 8S8 119 8 256c0 123.78 90.69 226.38 209.25 245V327.69h-63V256h63v-54.64c0-62.15 37-96.48 93.67-96.48 27.14 0 55.52 4.84 55.52 4.84v61h-31.28c-30.8 0-40.41 19.12-40.41 38.73V256h68.78l-11 71.69h-57.78V501C413.31 482.38 504 379.78 504 256z\"><\/path><\/svg><\/span><\/span><\/a><\/div>\n\n\n\n<div class=\"wp-block-uagb-social-share-child uagb-ss-repeater uagb-ss__wrapper uagb-block-807c13df\"><a class=\"uagb-ss__link\" data-href=\"https:\/\/twitter.com\/share?url=\" rel=\"noopener noreferrer\"><span class=\"uagb-ss__source-wrap\"><span class=\"uagb-ss__source-icon\"><svg xmlns=\"http:\/\/www.w3.org\/2000\/svg\" viewbox=\"0 0 448 512\"><path d=\"M400 32H48C21.5 32 0 53.5 0 80v352c0 26.5 21.5 48 48 48h352c26.5 0 48-21.5 48-48V80c0-26.5-21.5-48-48-48zm-48.9 158.8c.2 2.8.2 5.7.2 8.5 0 86.7-66 186.6-186.6 186.6-37.2 0-71.7-10.8-100.7-29.4 5.3.6 10.4.8 15.8.8 30.7 0 58.9-10.4 81.4-28-28.8-.6-53-19.5-61.3-45.5 10.1 1.5 19.2 1.5 29.6-1.2-30-6.1-52.5-32.5-52.5-64.4v-.8c8.7 4.9 18.9 7.9 29.6 8.3a65.447 65.447 0 0 1-29.2-54.6c0-12.2 3.2-23.4 8.9-33.1 32.3 39.8 80.8 65.8 135.2 68.6-9.3-44.5 24-80.6 64-80.6 18.9 0 35.9 7.9 47.9 20.7 14.8-2.8 29-8.3 41.6-15.8-4.9 15.2-15.2 28-28.8 36.1 13.2-1.4 26-5.1 37.8-10.2-8.9 13.1-20.1 24.7-32.9 34z\"><\/path><\/svg><\/span><\/span><\/a><\/div>\n\n\n\n<div class=\"wp-block-uagb-social-share-child uagb-ss-repeater uagb-ss__wrapper uagb-block-471fbf4b\"><a class=\"uagb-ss__link\" data-href=\"https:\/\/www.linkedin.com\/shareArticle?url=\" rel=\"noopener noreferrer\"><span class=\"uagb-ss__source-wrap\"><span class=\"uagb-ss__source-icon\"><svg xmlns=\"http:\/\/www.w3.org\/2000\/svg\" viewbox=\"0 0 448 512\"><path d=\"M416 32H31.9C14.3 32 0 46.5 0 64.3v383.4C0 465.5 14.3 480 31.9 480H416c17.6 0 32-14.5 32-32.3V64.3c0-17.8-14.4-32.3-32-32.3zM135.4 416H69V202.2h66.5V416zm-33.2-243c-21.3 0-38.5-17.3-38.5-38.5S80.9 96 102.2 96c21.2 0 38.5 17.3 38.5 38.5 0 21.3-17.2 38.5-38.5 38.5zm282.1 243h-66.4V312c0-24.8-.5-56.7-34.5-56.7-34.6 0-39.9 27-39.9 54.9V416h-66.4V202.2h63.7v29.2h.9c8.9-16.8 30.6-34.5 62.9-34.5 67.2 0 79.7 44.3 79.7 101.9V416z\"><\/path><\/svg><\/span><\/span><\/a><\/div>\n<\/div><\/div>\n<\/div>\n<\/div>\n<\/div>\n","protected":false},"excerpt":{"rendered":"<p>Nous voici dej\u00e0 en mars !\u00a0\u00a0<\/p>\n<p>Comme vous le savez sans doute, notre boutique-atelier est ouverte depuis le 28 janvier tous les mercredis et vendredis de 14h \u00e0 18h (9 rue Maurice Ravel \u00e0 Dijon). Gr\u00e2ce \u00e0 la Ville de Dijon, bocaux&#038;co dispose d\u2019un lieu d\u00e9di\u00e9 au projet et aux gens qui le font vivre ! Il donne un autre rythme\/cadre \u00e0 l\u2019implication des b\u00e9n\u00e9voles. Il contribue aussi \u00e0 donner une belle image de ce qui est aujourd\u2019hui un d\u00e9chet : la partie boutique met en valeur la ressource \u00ab bocal \u00bb.<\/p>\n<p>Il constitue \u00e9galement une premi\u00e8re exp\u00e9rience de vente aux particuliers. D\u2019autres vont suivre, comme la mise en vente prochaine dans les rayons de la Vie saine Chenove de bocaux r\u00e9employ\u00e9s. La vente aux professionnels se poursuit avec l\u2019exp\u00e9rimentation d\u2019une offre de services. Dans les mois qui viennent, il nous faut stabiliser\u00a0un mod\u00e8le \u00e9conomique durable, qui rassemble les citoyens, les professionnels et les collectivit\u00e9s.<\/p>\n","protected":false},"author":1,"featured_media":31601,"comment_status":"closed","ping_status":"open","sticky":false,"template":"","format":"standard","meta":{"_et_pb_use_builder":"on","_et_pb_old_content":"","_et_gb_content_width":"","footnotes":""},"categories":[36],"tags":[],"class_list":["post-31367","post","type-post","status-publish","format-standard","has-post-thumbnail","hentry","category-infolettre"],"_links":{"self":[{"href":"https:\/\/www.studio.eklozia.fr\/bocauxco\/wp-json\/wp\/v2\/posts\/31367","targetHints":{"allow":["GET"]}}],"collection":[{"href":"https:\/\/www.studio.eklozia.fr\/bocauxco\/wp-json\/wp\/v2\/posts"}],"about":[{"href":"https:\/\/www.studio.eklozia.fr\/bocauxco\/wp-json\/wp\/v2\/types\/post"}],"author":[{"embeddable":true,"href":"https:\/\/www.studio.eklozia.fr\/bocauxco\/wp-json\/wp\/v2\/users\/1"}],"replies":[{"embeddable":true,"href":"https:\/\/www.studio.eklozia.fr\/bocauxco\/wp-json\/wp\/v2\/comments?post=31367"}],"version-history":[{"count":0,"href":"https:\/\/www.studio.eklozia.fr\/bocauxco\/wp-json\/wp\/v2\/posts\/31367\/revisions"}],"wp:featuredmedia":[{"embeddable":true,"href":"https:\/\/www.studio.eklozia.fr\/bocauxco\/wp-json\/wp\/v2\/media\/31601"}],"wp:attachment":[{"href":"https:\/\/www.studio.eklozia.fr\/bocauxco\/wp-json\/wp\/v2\/media?parent=31367"}],"wp:term":[{"taxonomy":"category","embeddable":true,"href":"https:\/\/www.studio.eklozia.fr\/bocauxco\/wp-json\/wp\/v2\/categories?post=31367"},{"taxonomy":"post_tag","embeddable":true,"href":"https:\/\/www.studio.eklozia.fr\/bocauxco\/wp-json\/wp\/v2\/tags?post=31367"}],"curies":[{"name":"wp","href":"https:\/\/api.w.org\/{rel}","templated":true}]}}