{"id":31373,"date":"2022-03-07T21:45:12","date_gmt":"2022-03-07T20:45:12","guid":{"rendered":"https:\/\/bocaux-and-co.fr\/?p=31373"},"modified":"2022-03-07T21:45:12","modified_gmt":"2022-03-07T20:45:12","slug":"video-ma-ville-notre-ideal-07-mars-2022","status":"publish","type":"post","link":"https:\/\/www.studio.eklozia.fr\/bocauxco\/video-ma-ville-notre-ideal-07-mars-2022\/","title":{"rendered":"[ vid\u00e9o ] \u2013 Ma ville, notre ideal \u2013 07 mars 2022"},"content":{"rendered":"\n<h2 class=\"wp-block-heading\">France t\u00e9l\u00e9vision<\/h2>\n\n\n\n<p>Les bocaux en verre sont un outil de transition \u00e9cologique gr\u00e2ce \u00e0 leur r\u00e9emploi : c&rsquo;est sur ce pari qu&rsquo;une initiative a \u00e9t\u00e9 lanc\u00e9e sur l&rsquo;agglom\u00e9ration dijonnaise pour r\u00e9utiliser les bocaux. Et f\u00e9d\u00e9rer autour du cycle de vie du bocal. L&rsquo;Association Bocaux &amp; Co est n\u00e9e en mars 2021, sur un constat simple : le bocal en verre \u00e0 capsule \u00e0 vis est un outil de transition \u00e9nerg\u00e9tique, mais aussi de transition \u00e9conomique et soci\u00e9tale. Le verre est un mat\u00e9riau durable, qui, apr\u00e8s collecte, a besoin d&rsquo;\u00eatre nettoy\u00e9 pour r\u00e9pondre aux normes sanitaires, mais il est imm\u00e9diatement utilisable. Le r\u00e9emploi permet d&rsquo;\u00e9viter toutes ces \u00e9tapes et de r\u00e9duire l&rsquo;impact environnemental : \u00ab\u00a079% de CO2 sont ainsi \u00e9conomis\u00e9s, 76% d&rsquo;\u00e9nergie et 33% d&rsquo;eau.\u00a0\u00bb Afin de pouvoir diminuer l&rsquo;impact environnemental, l&rsquo;association Bocaux &amp; Co se propose d&rsquo;intervenir aupr\u00e8s de l&rsquo;ensemble des acteurs du cycle de vie du bocal : les producteurs qui proposent leurs produits vendus en bocaux, les consommateurs qui ach\u00e8tent les bocaux pleins, les vendeurs, les gens qui traitent les bocaux.<\/p>\n\n\n\n<p><iframe loading=\"lazy\" src=\"https:\/\/www.youtube.com\/embed\/pzJGwFEZGZE?start=4\" title=\"YouTube video player\" allow=\"accelerometer; autoplay; clipboard-write; encrypted-media; gyroscope; picture-in-picture\" allowfullscreen=\"\" width=\"560\" height=\"315\" frameborder=\"0\"><\/iframe><\/p>\n\n\n\n<p><\/p>\n","protected":false},"excerpt":{"rendered":"<p>Les bocaux en verre sont un outil de transition \u00e9cologique gr\u00e2ce \u00e0 leur r\u00e9emploi : c&rsquo;est sur ce pari qu&rsquo;une initiative a \u00e9t\u00e9 lanc\u00e9e sur l&rsquo;agglom\u00e9ration dijonnaise pour r\u00e9utiliser les bocaux.<\/p>\n","protected":false},"author":1,"featured_media":31511,"comment_status":"open","ping_status":"open","sticky":false,"template":"","format":"standard","meta":{"_et_pb_use_builder":"","_et_pb_old_content":"","_et_gb_content_width":"","footnotes":""},"categories":[37],"tags":[],"class_list":["post-31373","post","type-post","status-publish","format-standard","has-post-thumbnail","hentry","category-medias"],"_links":{"self":[{"href":"https:\/\/www.studio.eklozia.fr\/bocauxco\/wp-json\/wp\/v2\/posts\/31373","targetHints":{"allow":["GET"]}}],"collection":[{"href":"https:\/\/www.studio.eklozia.fr\/bocauxco\/wp-json\/wp\/v2\/posts"}],"about":[{"href":"https:\/\/www.studio.eklozia.fr\/bocauxco\/wp-json\/wp\/v2\/types\/post"}],"author":[{"embeddable":true,"href":"https:\/\/www.studio.eklozia.fr\/bocauxco\/wp-json\/wp\/v2\/users\/1"}],"replies":[{"embeddable":true,"href":"https:\/\/www.studio.eklozia.fr\/bocauxco\/wp-json\/wp\/v2\/comments?post=31373"}],"version-history":[{"count":0,"href":"https:\/\/www.studio.eklozia.fr\/bocauxco\/wp-json\/wp\/v2\/posts\/31373\/revisions"}],"wp:featuredmedia":[{"embeddable":true,"href":"https:\/\/www.studio.eklozia.fr\/bocauxco\/wp-json\/wp\/v2\/media\/31511"}],"wp:attachment":[{"href":"https:\/\/www.studio.eklozia.fr\/bocauxco\/wp-json\/wp\/v2\/media?parent=31373"}],"wp:term":[{"taxonomy":"category","embeddable":true,"href":"https:\/\/www.studio.eklozia.fr\/bocauxco\/wp-json\/wp\/v2\/categories?post=31373"},{"taxonomy":"post_tag","embeddable":true,"href":"https:\/\/www.studio.eklozia.fr\/bocauxco\/wp-json\/wp\/v2\/tags?post=31373"}],"curies":[{"name":"wp","href":"https:\/\/api.w.org\/{rel}","templated":true}]}}