{"id":31384,"date":"2022-04-08T09:50:16","date_gmt":"2022-04-08T07:50:16","guid":{"rendered":"https:\/\/bocaux-and-co.fr\/?p=31384"},"modified":"2022-04-08T09:50:16","modified_gmt":"2022-04-08T07:50:16","slug":"conference-gesticulee-8-et-9-avril-2022","status":"publish","type":"post","link":"https:\/\/www.studio.eklozia.fr\/bocauxco\/conference-gesticulee-8-et-9-avril-2022\/","title":{"rendered":"[ Evenement ] Conf\u00e9rence gesticul\u00e9e \u2013 8 et 9 avril 2022"},"content":{"rendered":"\n<h2 class=\"wp-block-heading\"><a href=\"https:\/\/www.gazettebourgogne.fr\/article\/dijon-inauguration-de-bocaux-co-un-nouveau-projet-d-economie-circulaire\" target=\"_blank\" rel=\"noreferrer noopener nofollow\">Rencontre avec les associations <\/a><\/h2>\n\n\n\n<p>L&rsquo;association AssoEnScene propose une conf\u00e9rence gesticul\u00e9e autour des d\u00e9chets pr\u00e9c\u00e9d\u00e9e d&rsquo;une rencontre avec les associations : Arborescence, bocaux&amp;co, La recyclade. <\/p>\n\n\n\n<p>Les 8 et 9 avril \u00e0 partir de 18h30 au centre social le Tempo. <\/p>\n\n\n","protected":false},"excerpt":{"rendered":"<p>L&rsquo;association AssoEnScene propose une conf\u00e9rence gesticul\u00e9e autour des d\u00e9chets pr\u00e9c\u00e9d\u00e9e d&rsquo;une rencontre avec les associations : Arborescence, bocaux&#038;co, La recyclade. <\/p>\n","protected":false},"author":1,"featured_media":31385,"comment_status":"open","ping_status":"open","sticky":false,"template":"","format":"standard","meta":{"_et_pb_use_builder":"","_et_pb_old_content":"","_et_gb_content_width":"","footnotes":""},"categories":[38],"tags":[],"class_list":["post-31384","post","type-post","status-publish","format-standard","has-post-thumbnail","hentry","category-evenements"],"_links":{"self":[{"href":"https:\/\/www.studio.eklozia.fr\/bocauxco\/wp-json\/wp\/v2\/posts\/31384","targetHints":{"allow":["GET"]}}],"collection":[{"href":"https:\/\/www.studio.eklozia.fr\/bocauxco\/wp-json\/wp\/v2\/posts"}],"about":[{"href":"https:\/\/www.studio.eklozia.fr\/bocauxco\/wp-json\/wp\/v2\/types\/post"}],"author":[{"embeddable":true,"href":"https:\/\/www.studio.eklozia.fr\/bocauxco\/wp-json\/wp\/v2\/users\/1"}],"replies":[{"embeddable":true,"href":"https:\/\/www.studio.eklozia.fr\/bocauxco\/wp-json\/wp\/v2\/comments?post=31384"}],"version-history":[{"count":0,"href":"https:\/\/www.studio.eklozia.fr\/bocauxco\/wp-json\/wp\/v2\/posts\/31384\/revisions"}],"wp:featuredmedia":[{"embeddable":true,"href":"https:\/\/www.studio.eklozia.fr\/bocauxco\/wp-json\/wp\/v2\/media\/31385"}],"wp:attachment":[{"href":"https:\/\/www.studio.eklozia.fr\/bocauxco\/wp-json\/wp\/v2\/media?parent=31384"}],"wp:term":[{"taxonomy":"category","embeddable":true,"href":"https:\/\/www.studio.eklozia.fr\/bocauxco\/wp-json\/wp\/v2\/categories?post=31384"},{"taxonomy":"post_tag","embeddable":true,"href":"https:\/\/www.studio.eklozia.fr\/bocauxco\/wp-json\/wp\/v2\/tags?post=31384"}],"curies":[{"name":"wp","href":"https:\/\/api.w.org\/{rel}","templated":true}]}}