{"id":31527,"date":"2022-04-16T17:14:24","date_gmt":"2022-04-16T15:14:24","guid":{"rendered":"https:\/\/bocaux-and-co.fr\/?p=31527"},"modified":"2022-04-16T17:14:24","modified_gmt":"2022-04-16T15:14:24","slug":"evenement-station-t-le-24-mai-2022","status":"publish","type":"post","link":"https:\/\/www.studio.eklozia.fr\/bocauxco\/evenement-station-t-le-24-mai-2022\/","title":{"rendered":"[ Ev\u00e9nement ] Station T &#8211; le 24 mai 2022"},"content":{"rendered":"\n<h2 class=\"wp-block-heading\"><a href=\"https:\/\/www.gazettebourgogne.fr\/article\/dijon-inauguration-de-bocaux-co-un-nouveau-projet-d-economie-circulaire\" target=\"_blank\" rel=\"noreferrer noopener nofollow\">Venez-nous retrouver au bistrot de la sc\u00e8ne<\/a><\/h2>\n\n\n\n<p><strong>Informations pratiques <\/strong>: &gt;&gt; \ud83d\udcc5 <a href=\"http:\/\/x63pv.mjt.lu\/lnk\/AVcAAE-LyugAAAAbgsYAACEke54AAAAAqwwAAJGXABPnJABiOJtUr5gtiJ5YR6qswOcFeMYJJQATzCc\/2\/1F1cKmq4m9ock-xK6H6TNA\/aHR0cHM6Ly93d3cuZXZlbnRicml0ZS5mci9lL2luc2NyaXB0aW9uLXN0YXRpb24tdC1hLWxhLWRlY291dmVydGUtZGVzLWVudHJlcHJlbmV1cnMtZGUtbGEtcHJvbW8tMi0yOTMwMDQ4NjQ0Mzc\" target=\"_blank\" rel=\"noreferrer noopener nofollow\"><strong>RDV Mardi 24\/05 au Bistrot de la Sc\u00e8ne<\/strong><\/a> <a href=\"http:\/\/x63pv.mjt.lu\/lnk\/AVcAAE-LyugAAAAbgsYAACEke54AAAAAqwwAAJGXABPnJABiOJtUr5gtiJ5YR6qswOcFeMYJJQATzCc\/3\/5LF-TXlkTuqxSwDkt2wh0g\/aHR0cHM6Ly93d3cuZXZlbnRicml0ZS5mci9lL2luc2NyaXB0aW9uLXN0YXRpb24tdC1hLWxhLWRlY291dmVydGUtZGVzLWVudHJlcHJlbmV1cnMtZGUtbGEtcHJvbW8tMi0yOTMwMDQ4NjQ0Mzc\" target=\"_blank\" rel=\"noreferrer noopener nofollow\"><\/a> <img decoding=\"async\" src=\"https:\/\/static.xx.fbcdn.net\/images\/emoji.php\/v9\/t86\/1.5\/16\/1f4cd.png\" alt=\"\ud83d\udccd\" width=\"16\" height=\"16\"><\/p>\n\n\n\n<p><strong>\u00c9v\u00e8nement gratuit, ouvert \u00e0 tous.tes, inscription obligatoire<\/strong> >> <a href=\"https:\/\/www.eventbrite.fr\/e\/inscription-station-t-a-la-decouverte-des-entrepreneurs-de-la-promo-2-293004864437\" target=\"_blank\" rel=\"noreferrer noopener nofollow\"><\/a><a href=\"http:\/\/x63pv.mjt.lu\/lnk\/AVcAAE-LyugAAAAbgsYAACEke54AAAAAqwwAAJGXABPnJABiOJtUr5gtiJ5YR6qswOcFeMYJJQATzCc\/3\/5LF-TXlkTuqxSwDkt2wh0g\/aHR0cHM6Ly93d3cuZXZlbnRicml0ZS5mci9lL2luc2NyaXB0aW9uLXN0YXRpb24tdC1hLWxhLWRlY291dmVydGUtZGVzLWVudHJlcHJlbmV1cnMtZGUtbGEtcHJvbW8tMi0yOTMwMDQ4NjQ0Mzc\" target=\"_blank\" rel=\"noreferrer noopener nofollow\"><strong><mark style=\"background-color:rgba(0, 0, 0, 0)\" class=\"has-inline-color has-ast-global-color-2-color\">Je m&rsquo;inscris<\/mark><\/strong><\/a> <\/p>\n\n\n\n<figure class=\"wp-block-table\"><table><tbody><tr><td>Vous \u00e9tiez plus de 70 l&rsquo;an dernier \u00e0 venir \u00e0 la rencontre des entrepreneur.e.s de la 1\u00e8re promotion du T pour partager un moment convivial, d&rsquo;\u00e9changes et de retours d&rsquo;exp\u00e9riences avec nous. <br>En 2022, <strong>nous vous invitons \u00e0 renouveler l&rsquo;exp\u00e9rience<\/strong> <a href=\"http:\/\/x63pv.mjt.lu\/lnk\/AVcAAE-LyugAAAAbgsYAACEke54AAAAAqwwAAJGXABPnJABiOJtUr5gtiJ5YR6qswOcFeMYJJQATzCc\/1\/oHC82TmIaP8VRhv4R_STzg\/aHR0cHM6Ly93d3cuZXZlbnRicml0ZS5mci9lL2luc2NyaXB0aW9uLXN0YXRpb24tdC1hLWxhLWRlY291dmVydGUtZGVzLWVudHJlcHJlbmV1cnMtZGUtbGEtcHJvbW8tMi0yOTMwMDQ4NjQ0Mzc\" target=\"_blank\" rel=\"noreferrer noopener nofollow\"><strong>Station T<\/strong><\/a> aux c\u00f4t\u00e9s de la promotion #2 dans un nouveau lieu embl\u00e9matique de Dijon ! <br><br><mark style=\"background-color:rgba(0, 0, 0, 0)\" class=\"has-inline-color has-ast-global-color-1-color\"><strong>Station T, qu&rsquo;est-ce que c&rsquo;est ? <\/strong><\/mark><br>C&rsquo;est une matin\u00e9e durant laquelle nous vous invitons \u00e0 voyager d&rsquo;escale en escale \u00e0 la d\u00e9couverte des 10 projets et \u00e0 la rencontre des 16 entrepreneur.e.s de la promotion #2 ! <br>Une invitation \u00e0 d\u00e9couvrir l&rsquo;\u00e9volution des jeunes pousses du T depuis les 9 mois pass\u00e9s \u00e0 l&rsquo;incubateur \ud83c\udf31 et \u00e0 plonger au c\u0153ur de leurs activit\u00e9s le temps d&rsquo;une matin\u00e9e. <\/td><\/tr><\/tbody><\/table><\/figure>\n\n\n\n<figure class=\"wp-block-table has-medium-font-size\"><table><tbody><tr><td><strong><mark style=\"background-color:rgba(0, 0, 0, 0)\" class=\"has-inline-color has-ast-global-color-1-color\">Au programme<\/mark><\/strong><br><strong>08h30<\/strong> : Accueil Caf\u00e9\u00a0 <br><strong>09h00 &#8211; 10h30 <\/strong>: Lancement de l&rsquo;\u00e9v\u00e8nement \ud83d\ude80 > Mot de bienvenue, interventions diverses et pitchs des entrepreneurs ! <br><strong>10h30 &#8211; 12h30<\/strong> : Rencontre des entrepreneurs > Partez librement de destination en destination \u00e0 la d\u00e9couverte des entrepreneurs qui vous accueilleront sur leurs stands. <br><strong>12h30- 14h00<\/strong> : Poursuite des \u00e9changes autour d&rsquo;un verre et d&rsquo;une collation pour faire connaissance et partager un moment convivial <br><img decoding=\"async\" width=\"550\" src=\"https:\/\/x63pv.mjt.lu\/tplimg\/x63pv\/b\/xqkgg\/v8qlo.png\"><\/td><\/tr><\/tbody><\/table><\/figure>\n\n\n\n<figure class=\"wp-block-table\"><table><tbody><tr><td><strong>Partez \u00e0 la rencontre de &#8230;&nbsp; <\/strong><br><br>\ud83d\udc49 <strong>Nadeige &amp; Catherine<\/strong>, Co-Fondatrices de <a href=\"http:\/\/x63pv.mjt.lu\/lnk\/AVcAAE-LyugAAAAbgsYAACEke54AAAAAqwwAAJGXABPnJABiOJtUr5gtiJ5YR6qswOcFeMYJJQATzCc\/4\/55P8_kJ134WbjGFksiD-VQ\/aHR0cHM6Ly9ib2NhdXgtYW5kLWNvLmZyLw\" target=\"_blank\" rel=\"noreferrer noopener nofollow\"><strong>Bocaux &amp; Co<\/strong><\/a> (21) <br>\ud83d\udc49 <strong>Flore<\/strong>, Fondatrice du <a href=\"http:\/\/x63pv.mjt.lu\/lnk\/AVcAAE-LyugAAAAbgsYAACEke54AAAAAqwwAAJGXABPnJABiOJtUr5gtiJ5YR6qswOcFeMYJJQATzCc\/5\/dtEeRoHTMeE3R5J84OZKnQ\/aHR0cHM6Ly93d3cuZmFjZWJvb2suY29tL2xlY2hhbXBkZXNzb3VyaXJlcy8\" target=\"_blank\" rel=\"noreferrer noopener nofollow\"><strong>Champ des Sourires<\/strong><\/a> (21)&nbsp; <br>\ud83d\udc49 <strong>Aur\u00e9lie &amp; David<\/strong>, Co-Fondateurs de l&rsquo;<a href=\"http:\/\/x63pv.mjt.lu\/lnk\/AVcAAE-LyugAAAAbgsYAACEke54AAAAAqwwAAJGXABPnJABiOJtUr5gtiJ5YR6qswOcFeMYJJQATzCc\/6\/wiRSxV4qC-_ilfmDTz6HYQ\/aHR0cHM6Ly9sYXR0cmlidXQuZnIv\" target=\"_blank\" rel=\"noreferrer noopener nofollow\"><strong>Attribut<\/strong> <\/a>(58) <br>\ud83d\udc49 <strong>Morgane &amp; Aur\u00e9lien<\/strong>, Co-Fondateurs de <a href=\"http:\/\/x63pv.mjt.lu\/lnk\/AVcAAE-LyugAAAAbgsYAACEke54AAAAAqwwAAJGXABPnJABiOJtUr5gtiJ5YR6qswOcFeMYJJQATzCc\/7\/ge_wA8bNMwsBUhq2fAwxmQ\/aHR0cHM6Ly9zYW1vLWxvZGdlcy5mci8\" target=\"_blank\" rel=\"noreferrer noopener nofollow\"><strong>SAMO<\/strong><\/a> (21)&nbsp; <br>\ud83d\udc49 <strong>Emilien<\/strong>, Fondateur de <a href=\"http:\/\/x63pv.mjt.lu\/lnk\/AVcAAE-LyugAAAAbgsYAACEke54AAAAAqwwAAJGXABPnJABiOJtUr5gtiJ5YR6qswOcFeMYJJQATzCc\/8\/rGk6qLzyx1EikG30Mm9-sg\/aHR0cHM6Ly93d3cuZmFjZWJvb2suY29tL01ldGF2aXRpLTExMjc4ODQzMzc0NDkyNQ\" target=\"_blank\" rel=\"noreferrer noopener nofollow\"><strong>Metaviti<\/strong> <\/a>(89)&nbsp; <br>\ud83d\udc49 <strong>Camille<\/strong>, Fondatrice de <a href=\"http:\/\/x63pv.mjt.lu\/lnk\/AVcAAE-LyugAAAAbgsYAACEke54AAAAAqwwAAJGXABPnJABiOJtUr5gtiJ5YR6qswOcFeMYJJQATzCc\/9\/6Y4QJEjLtiDcGx2Pozfx_A\/aHR0cHM6Ly93d3cuZmFjZWJvb2suY29tL2NhbWlsbGUuYmFybmllci5sZS5wb3V2b2lyLmRlcy5mbGV1cnM\" target=\"_blank\" rel=\"noreferrer noopener nofollow\"><strong>Slow Flower<\/strong><\/a> (21) <br>\ud83d\udc49 <strong>St\u00e9phane<\/strong>, Co-Fondateur de <strong>TootOtoor<\/strong> (58) <br>\ud83d\udc49 <strong>Am\u00e9lie<\/strong>, Fondatrice de <strong>Maison Marguerite<\/strong> (71) <br>\ud83d\udc49 <strong>Aur\u00e9lie &amp; Mathilde<\/strong>, Co-Fondatrices de <strong>Terre du Possible<\/strong> (21)&nbsp; <br>\ud83d\udc49 <strong>Anne-Laure, Ad\u00e8le, Marie, Maud et Elsa<\/strong>, Co-Fondatrices de <strong>La Chahutte<\/strong> (71)<\/td><\/tr><\/tbody><\/table><\/figure>\n\n\n\n<figure class=\"wp-block-table\"><table><tbody><tr><td><img decoding=\"async\" src=\"https:\/\/x63pv.mjt.lu\/img\/x63pv\/b\/5y6yr\/hx61k.png\" alt=\"Copilotes\" width=\"400\"> <img decoding=\"async\" src=\"https:\/\/x63pv.mjt.lu\/img\/x63pv\/b\/5y6yr\/hx614.png\" alt=\"Financeurs\" width=\"550\"><\/td><\/tr><\/tbody><\/table><\/figure>\n\n\n","protected":false},"excerpt":{"rendered":"<p>Une matin\u00e9e pour partir \u00e0 la rencontre des 16 Entrepreneurs Engag\u00e9s (et 10 projets!) de la promo 2, s&rsquo;immerger dans leur aventure entrepreneuriale et revenir sur ces 9 mois pass\u00e9s au T >>> <\/p>\n","protected":false},"author":1,"featured_media":31604,"comment_status":"open","ping_status":"open","sticky":false,"template":"","format":"standard","meta":{"_et_pb_use_builder":"","_et_pb_old_content":"","_et_gb_content_width":"","footnotes":""},"categories":[38],"tags":[],"class_list":["post-31527","post","type-post","status-publish","format-standard","has-post-thumbnail","hentry","category-evenements"],"_links":{"self":[{"href":"https:\/\/www.studio.eklozia.fr\/bocauxco\/wp-json\/wp\/v2\/posts\/31527","targetHints":{"allow":["GET"]}}],"collection":[{"href":"https:\/\/www.studio.eklozia.fr\/bocauxco\/wp-json\/wp\/v2\/posts"}],"about":[{"href":"https:\/\/www.studio.eklozia.fr\/bocauxco\/wp-json\/wp\/v2\/types\/post"}],"author":[{"embeddable":true,"href":"https:\/\/www.studio.eklozia.fr\/bocauxco\/wp-json\/wp\/v2\/users\/1"}],"replies":[{"embeddable":true,"href":"https:\/\/www.studio.eklozia.fr\/bocauxco\/wp-json\/wp\/v2\/comments?post=31527"}],"version-history":[{"count":0,"href":"https:\/\/www.studio.eklozia.fr\/bocauxco\/wp-json\/wp\/v2\/posts\/31527\/revisions"}],"wp:featuredmedia":[{"embeddable":true,"href":"https:\/\/www.studio.eklozia.fr\/bocauxco\/wp-json\/wp\/v2\/media\/31604"}],"wp:attachment":[{"href":"https:\/\/www.studio.eklozia.fr\/bocauxco\/wp-json\/wp\/v2\/media?parent=31527"}],"wp:term":[{"taxonomy":"category","embeddable":true,"href":"https:\/\/www.studio.eklozia.fr\/bocauxco\/wp-json\/wp\/v2\/categories?post=31527"},{"taxonomy":"post_tag","embeddable":true,"href":"https:\/\/www.studio.eklozia.fr\/bocauxco\/wp-json\/wp\/v2\/tags?post=31527"}],"curies":[{"name":"wp","href":"https:\/\/api.w.org\/{rel}","templated":true}]}}