{"id":31538,"date":"2022-04-15T17:45:20","date_gmt":"2022-04-15T15:45:20","guid":{"rendered":"https:\/\/bocaux-and-co.fr\/?p=31538"},"modified":"2022-04-15T17:45:20","modified_gmt":"2022-04-15T15:45:20","slug":"evenement-les-jardins-deugene-le-07-mai-2022","status":"publish","type":"post","link":"https:\/\/www.studio.eklozia.fr\/bocauxco\/evenement-les-jardins-deugene-le-07-mai-2022\/","title":{"rendered":"[ Ev\u00e9nement ] Les Jardins d&rsquo;Eug\u00e8ne &#8211; le 07 mai 2022"},"content":{"rendered":"\n<h2 class=\"wp-block-heading\"><a href=\"https:\/\/www.gazettebourgogne.fr\/article\/dijon-inauguration-de-bocaux-co-un-nouveau-projet-d-economie-circulaire\" target=\"_blank\" rel=\"noreferrer noopener nofollow\">Vente de plants &#8211; Jardins d&rsquo;Eug\u00e8ne-Mjc des Bourroches<\/a><\/h2>\n\n\n\n<p><strong>bocaux&amp;co sera pr\u00e9sent<\/strong>. L&rsquo;occasion de vous pr\u00e9senter le projet et de vous proposer \u00e0 la vente des bocaux r\u00e9employ\u00e9s pour vos jolis plants. Venez-nous retrouver !<\/p>\n\n\n\n<p><\/p>\n\n\n\n<p>informations pratiques : <strong><mark style=\"background-color:rgba(0, 0, 0, 0)\" class=\"has-inline-color has-ast-global-color-1-color\">SAMEDI 7 MAI 2022 de 9h00 \u00e0 12h30 et de 13h30\u00e0 18h00<\/mark><\/strong><\/p>\n\n\n\n<p><strong><mark style=\"background-color:rgba(0, 0, 0, 0)\" class=\"has-inline-color has-ast-global-color-1-color\">31 boulevard Eug\u00e8n<\/mark><\/strong><mark style=\"background-color:rgba(0, 0, 0, 0)\" class=\"has-inline-color has-ast-global-color-1-color\"><strong>e Fyot \u00e0 Dijon<\/strong><\/mark><\/p>\n\n\n\n<p>ventes de plants &#8211; espace trocs. <br>nombreux stands d&rsquo;information &#8211; animations.<br>buvette en ext\u00e9rieur.<\/p>\n\n\n\n<p><br>Th\u00e9\u00e2tre \u00e0 20h00 : une com\u00e9die rurale \u00ab\u00a0la ferme du bois Fleury\u00a0\u00bb sur r\u00e9servation  (2 euros).<\/p>\n\n\n","protected":false},"excerpt":{"rendered":"<p>Vente de plants &#8211; Jardins d&rsquo;Eug\u00e8ne-Mjc des Bourroches bocaux&amp;co sera pr\u00e9sent. L&rsquo;occasion de vous pr\u00e9senter le projet et de vous proposer \u00e0 la vente des bocaux r\u00e9employ\u00e9s pour vos jolis plants. Venez-nous retrouver ! informations pratiques : SAMEDI 7 MAI 2022 de 9h00 \u00e0 12h30 et de 13h30\u00e0 18h00 31 boulevard Eug\u00e8ne Fyot \u00e0 Dijon [&hellip;]<\/p>\n","protected":false},"author":1,"featured_media":31540,"comment_status":"open","ping_status":"open","sticky":false,"template":"","format":"standard","meta":{"_et_pb_use_builder":"","_et_pb_old_content":"","_et_gb_content_width":"","footnotes":""},"categories":[38],"tags":[],"class_list":["post-31538","post","type-post","status-publish","format-standard","has-post-thumbnail","hentry","category-evenements"],"_links":{"self":[{"href":"https:\/\/www.studio.eklozia.fr\/bocauxco\/wp-json\/wp\/v2\/posts\/31538","targetHints":{"allow":["GET"]}}],"collection":[{"href":"https:\/\/www.studio.eklozia.fr\/bocauxco\/wp-json\/wp\/v2\/posts"}],"about":[{"href":"https:\/\/www.studio.eklozia.fr\/bocauxco\/wp-json\/wp\/v2\/types\/post"}],"author":[{"embeddable":true,"href":"https:\/\/www.studio.eklozia.fr\/bocauxco\/wp-json\/wp\/v2\/users\/1"}],"replies":[{"embeddable":true,"href":"https:\/\/www.studio.eklozia.fr\/bocauxco\/wp-json\/wp\/v2\/comments?post=31538"}],"version-history":[{"count":0,"href":"https:\/\/www.studio.eklozia.fr\/bocauxco\/wp-json\/wp\/v2\/posts\/31538\/revisions"}],"wp:featuredmedia":[{"embeddable":true,"href":"https:\/\/www.studio.eklozia.fr\/bocauxco\/wp-json\/wp\/v2\/media\/31540"}],"wp:attachment":[{"href":"https:\/\/www.studio.eklozia.fr\/bocauxco\/wp-json\/wp\/v2\/media?parent=31538"}],"wp:term":[{"taxonomy":"category","embeddable":true,"href":"https:\/\/www.studio.eklozia.fr\/bocauxco\/wp-json\/wp\/v2\/categories?post=31538"},{"taxonomy":"post_tag","embeddable":true,"href":"https:\/\/www.studio.eklozia.fr\/bocauxco\/wp-json\/wp\/v2\/tags?post=31538"}],"curies":[{"name":"wp","href":"https:\/\/api.w.org\/{rel}","templated":true}]}}