{"id":31611,"date":"2022-05-06T10:39:33","date_gmt":"2022-05-06T08:39:33","guid":{"rendered":"https:\/\/bocaux-and-co.fr\/?p=31611"},"modified":"2022-05-06T10:39:33","modified_gmt":"2022-05-06T08:39:33","slug":"infolettre-n10-6-mai-2022","status":"publish","type":"post","link":"https:\/\/www.studio.eklozia.fr\/bocauxco\/infolettre-n10-6-mai-2022\/","title":{"rendered":"Infolettre n\u00b010 &#8211; 6 mai 2022"},"content":{"rendered":"\n<h2 class=\"wp-block-heading\"><strong><strong>\u00ab\u00a0en mai, fais ce qu&rsquo;il te pla\u00eet\u00a0\u00bb<\/strong>&nbsp;&nbsp;<\/strong><\/h2>\n\n\n\n<p><strong>et vous le savez, ce qui pla\u00eet \u00e0 bocaux&amp;co, c\u2019est le r\u00e9emploi \ud83d\ude00<\/strong>. Et, comme une image vaut mieux qu\u2019un long discours, voil\u00e0 o\u00f9 on en est :<\/p>\n\n\n\n<p><strong><mark style=\"background-color:rgba(0, 0, 0, 0)\" class=\"has-inline-color has-ast-global-color-1-color\">Les citoyen.ne.s<\/mark> <\/strong>sont de plus en plus g\u00e9n\u00e9reux pour apporter leurs bocaux vides. Ce stock nous permet maintenant de d\u00e9velopper la vente aupr\u00e8s des citoyens et <mark style=\"background-color:rgba(0, 0, 0, 0)\" class=\"has-inline-color has-ast-global-color-1-color\"><strong>des professionnels<\/strong> <\/mark>qui ont besoin de bocaux : les commandes arrivent (<strong>d\u00e9j\u00e0 7 professionnels de la conserverie nous font confiance)<\/strong> et les partenariats se nouent pour trouver ensemble des solutions pour favoriser le r\u00e9emploi ; )<\/p>\n\n\n\n<p><strong>N\u2019h\u00e9sitez \u00e0 faire de la pub pour <mark style=\"background-color:rgba(0, 0, 0, 0)\" class=\"has-inline-color has-ast-global-color-1-color\">les bocaux r\u00e9employ\u00e9s<\/mark> de bocaux&amp;co. <\/strong><mark style=\"background-color:rgba(0, 0, 0, 0)\" class=\"has-inline-color has-ast-global-color-1-color\"><strong>Vous savez, le r\u00e9emploi, c\u2019est moins d\u2019impact environnemental et plus d\u2019emploi local&nbsp;\ud83d\ude09<\/strong>&nbsp;<\/mark><\/p>\n\n\n\n<h2 class=\"wp-block-heading\"><strong>En parall\u00e8le, nous travaillons sur deux nouvelles offres autour du bocal :<\/strong><\/h2>\n\n\n\n<ul class=\"wp-block-list\"><li><strong><mark style=\"background-color:rgba(0, 0, 0, 0)\" class=\"has-inline-color has-ast-global-color-1-color\">avec nos b\u00e9n\u00e9voles<\/mark><\/strong>, nous construisons un programme d\u2019ateliers pour les mois \u00e0 venir et il y en aura pour tous les go\u00fbts et tous les usages du bocal&nbsp;: alimentaire, 0 d\u00e9chet, d\u00e9coration\u2026<\/li><\/ul>\n\n\n\n<ul class=\"wp-block-list\"><li><strong><mark style=\"background-color:rgba(0, 0, 0, 0)\" class=\"has-inline-color has-ast-global-color-1-color\">avec un petit groupe de restaurateurs\/traiteurs<\/mark> <\/strong>dijonnais motiv\u00e9s, nous pr\u00e9parons un test pour initier la consigne des contenants en verre pour la vente \u00e0 emporter et la vente \u00e0 domicile<\/li><\/ul>\n\n\n\n<h2 class=\"wp-block-heading\"><strong>Pr\u00e9sence sur les \u00e9venements :<\/strong><\/h2>\n\n\n\n<p>Et puis, bocaux&amp;co a la chance d\u2019\u00eatre invit\u00e9 \u00e0 <strong><mark style=\"background-color:rgba(0, 0, 0, 0)\" class=\"has-inline-color has-ast-global-color-1-color\">participer \u00e0 plusieurs \u00e9v\u00e9nements<\/mark> <\/strong>dans les semaines qui viennent.<\/p>\n\n\n\n<p><strong><mark style=\"background-color:rgba(0, 0, 0, 0)\" class=\"has-inline-color has-ast-global-color-1-color\">Une occasion de se rencontrer&nbsp;?<\/mark><\/strong><\/p>\n\n\n\n<figure class=\"wp-block-image size-large\"><img decoding=\"async\" width=\"1024\" height=\"540\" src=\"https:\/\/www.studio.eklozia.fr\/bocauxco\/wp-content\/uploads\/2022\/05\/evenements-1024x540.png\" alt=\"\" class=\"wp-image-31615\" srcset=\"https:\/\/www.studio.eklozia.fr\/bocauxco\/wp-content\/uploads\/2022\/05\/evenements-980x516.png 980w, https:\/\/www.studio.eklozia.fr\/bocauxco\/wp-content\/uploads\/2022\/05\/evenements-480x253.png 480w\" sizes=\"(min-width: 0px) and (max-width: 480px) 480px, (min-width: 481px) and (max-width: 980px) 980px, (min-width: 981px) 1024px, 100vw\" \/><\/figure>\n\n\n\n\n\n\n","protected":false},"excerpt":{"rendered":"<p>Les citoyen.ne.s sont de plus en plus g\u00e9n\u00e9reux pour apporter leurs bocaux vides. Ce stock nous permet maintenant de d\u00e9velopper la vente aupr\u00e8s des citoyens et des professionnels qui ont besoin de bocaux : les commandes arrivent (d\u00e9j\u00e0 7 professionnels de la conserverie nous font confiance) et les partenariats se nouent pour trouver ensemble des solutions pour favoriser le r\u00e9emploi ; )<\/p>\n","protected":false},"author":1,"featured_media":31613,"comment_status":"closed","ping_status":"open","sticky":false,"template":"","format":"standard","meta":{"_et_pb_use_builder":"on","_et_pb_old_content":"","_et_gb_content_width":"","footnotes":""},"categories":[36],"tags":[],"class_list":["post-31611","post","type-post","status-publish","format-standard","has-post-thumbnail","hentry","category-infolettre"],"_links":{"self":[{"href":"https:\/\/www.studio.eklozia.fr\/bocauxco\/wp-json\/wp\/v2\/posts\/31611","targetHints":{"allow":["GET"]}}],"collection":[{"href":"https:\/\/www.studio.eklozia.fr\/bocauxco\/wp-json\/wp\/v2\/posts"}],"about":[{"href":"https:\/\/www.studio.eklozia.fr\/bocauxco\/wp-json\/wp\/v2\/types\/post"}],"author":[{"embeddable":true,"href":"https:\/\/www.studio.eklozia.fr\/bocauxco\/wp-json\/wp\/v2\/users\/1"}],"replies":[{"embeddable":true,"href":"https:\/\/www.studio.eklozia.fr\/bocauxco\/wp-json\/wp\/v2\/comments?post=31611"}],"version-history":[{"count":0,"href":"https:\/\/www.studio.eklozia.fr\/bocauxco\/wp-json\/wp\/v2\/posts\/31611\/revisions"}],"wp:featuredmedia":[{"embeddable":true,"href":"https:\/\/www.studio.eklozia.fr\/bocauxco\/wp-json\/wp\/v2\/media\/31613"}],"wp:attachment":[{"href":"https:\/\/www.studio.eklozia.fr\/bocauxco\/wp-json\/wp\/v2\/media?parent=31611"}],"wp:term":[{"taxonomy":"category","embeddable":true,"href":"https:\/\/www.studio.eklozia.fr\/bocauxco\/wp-json\/wp\/v2\/categories?post=31611"},{"taxonomy":"post_tag","embeddable":true,"href":"https:\/\/www.studio.eklozia.fr\/bocauxco\/wp-json\/wp\/v2\/tags?post=31611"}],"curies":[{"name":"wp","href":"https:\/\/api.w.org\/{rel}","templated":true}]}}