{"id":31675,"date":"2022-06-05T09:15:04","date_gmt":"2022-06-05T07:15:04","guid":{"rendered":"https:\/\/bocaux-and-co.fr\/?p=31675"},"modified":"2022-06-05T09:15:04","modified_gmt":"2022-06-05T07:15:04","slug":"evenement-fete-du-port-du-canal-les-04-05-juin-2022","status":"publish","type":"post","link":"https:\/\/www.studio.eklozia.fr\/bocauxco\/evenement-fete-du-port-du-canal-les-04-05-juin-2022\/","title":{"rendered":"[ Ev\u00e9nement ]  f\u00eate du port du Canal les 04 &#8211; 05  juin 2022."},"content":{"rendered":"\n<h2 class=\"wp-block-heading\"><a href=\"https:\/\/www.gazettebourgogne.fr\/article\/dijon-inauguration-de-bocaux-co-un-nouveau-projet-d-economie-circulaire\" target=\"_blank\" rel=\"noreferrer noopener nofollow\">La 35\u00e8me <strong>f\u00eate du port du Canal<\/strong> organis\u00e9e par les Associations amies <strong>port du Canal Dijon<\/strong><\/a><\/h2>\n\n\n\n<p><strong>bocaux&amp;co <\/strong>a particip\u00e9 \u00e0 la f\u00eate du port du canal. Et, pour la premi\u00e8re fois (et sans doute pas la derni\u00e8re), nous avons organis\u00e9 un <strong>Marathon de d\u00e9shabillage des bocaux <\/strong>\ud83d\ude42<\/p>\n\n\n\n<p>Le but est simple : enlever les \u00e9tiquettes d&rsquo;un maximum de bocaux (pour leur permettre d&rsquo;\u00eatre r\u00e9employ\u00e9s) tout en \u00e9changeant sur le r\u00e9emploi et les diff\u00e9rents usages du bocal. <\/p>\n\n\n\n<p><strong><mark style=\"background-color:rgba(0, 0, 0, 0)\" class=\"has-inline-color has-ast-global-color-2-color\">A l&rsquo;issue de ces deux jours, 354 bocaux d\u00e9shabill\u00e9s pour ce premier maratho<\/mark><\/strong><mark style=\"background-color:rgba(0, 0, 0, 0)\" class=\"has-inline-color has-ast-global-color-2-color\"><strong>n \ud83d\ude00 !<\/strong><\/mark><\/p>\n\n\n\n<p><strong>Merci \u00e0 tous les petits et grands<\/strong> qui ont jou\u00e9 le jeu, souvent avec obstination (il en faut pour venir \u00e0 bout des \u00e9tiquettes r\u00e9calcitrantes) et toujours avec enthousiame. <\/p>\n\n\n\n<p><strong>Merci aux associations amies du Port du canal<\/strong> pour l&rsquo;organisation de ces 2 journ\u00e9es de f\u00eate \ud83d\ude42<\/p>\n\n\n","protected":false},"excerpt":{"rendered":"<p>bocaux&#038;co a particip\u00e9 \u00e0 la f\u00eate du port du canal. Et, pour la premi\u00e8re fois (et sans doute pas la derni\u00e8re), nous avons organis\u00e9 un Marathon de d\u00e9shabillage des bocaux \ud83d\ude42<\/p>\n","protected":false},"author":1,"featured_media":31676,"comment_status":"open","ping_status":"open","sticky":false,"template":"","format":"standard","meta":{"_et_pb_use_builder":"","_et_pb_old_content":"","_et_gb_content_width":"","footnotes":""},"categories":[38],"tags":[],"class_list":["post-31675","post","type-post","status-publish","format-standard","has-post-thumbnail","hentry","category-evenements"],"_links":{"self":[{"href":"https:\/\/www.studio.eklozia.fr\/bocauxco\/wp-json\/wp\/v2\/posts\/31675","targetHints":{"allow":["GET"]}}],"collection":[{"href":"https:\/\/www.studio.eklozia.fr\/bocauxco\/wp-json\/wp\/v2\/posts"}],"about":[{"href":"https:\/\/www.studio.eklozia.fr\/bocauxco\/wp-json\/wp\/v2\/types\/post"}],"author":[{"embeddable":true,"href":"https:\/\/www.studio.eklozia.fr\/bocauxco\/wp-json\/wp\/v2\/users\/1"}],"replies":[{"embeddable":true,"href":"https:\/\/www.studio.eklozia.fr\/bocauxco\/wp-json\/wp\/v2\/comments?post=31675"}],"version-history":[{"count":0,"href":"https:\/\/www.studio.eklozia.fr\/bocauxco\/wp-json\/wp\/v2\/posts\/31675\/revisions"}],"wp:featuredmedia":[{"embeddable":true,"href":"https:\/\/www.studio.eklozia.fr\/bocauxco\/wp-json\/wp\/v2\/media\/31676"}],"wp:attachment":[{"href":"https:\/\/www.studio.eklozia.fr\/bocauxco\/wp-json\/wp\/v2\/media?parent=31675"}],"wp:term":[{"taxonomy":"category","embeddable":true,"href":"https:\/\/www.studio.eklozia.fr\/bocauxco\/wp-json\/wp\/v2\/categories?post=31675"},{"taxonomy":"post_tag","embeddable":true,"href":"https:\/\/www.studio.eklozia.fr\/bocauxco\/wp-json\/wp\/v2\/tags?post=31675"}],"curies":[{"name":"wp","href":"https:\/\/api.w.org\/{rel}","templated":true}]}}