{"id":31680,"date":"2022-06-05T09:52:06","date_gmt":"2022-06-05T07:52:06","guid":{"rendered":"https:\/\/bocaux-and-co.fr\/?p=31680"},"modified":"2022-06-05T09:52:06","modified_gmt":"2022-06-05T07:52:06","slug":"evenement-vyv-festival-les-11-et-12-juin","status":"publish","type":"post","link":"https:\/\/www.studio.eklozia.fr\/bocauxco\/evenement-vyv-festival-les-11-et-12-juin\/","title":{"rendered":"[ Ev\u00e9nement ]  VYV Festival les 11 et 12 juin"},"content":{"rendered":"\n<h2 class=\"wp-block-heading\">Venez participer aux beaux jours solidaires 2022 : <\/h2>\n\n\n\n<p>les beaux jours solidaires c&rsquo;est la rencontre avec plus de 30 initiatives qui oeuvrent pour le mieux vivre, le mieux accompagner, le mieux manger&#8230; elles s&rsquo;inscrivent dans une dimension sociale, soci\u00e9tale, environnementale&#8230; et solidaire. <\/p>\n\n\n\n<p><strong><mark style=\"background-color:rgba(0, 0, 0, 0)\" class=\"has-inline-color has-ast-global-color-1-color\">Nous serons pr\u00e9sents sur le Stand Z\u00e9ro D\u00e9chet <\/mark><\/strong>aux cot\u00e9s de <a href=\"https:\/\/jaimemesbouteilles.fr\/\" rel=\"nofollow noopener\" target=\"_blank\"> J&rsquo;aime mes bouteille<\/a>s et <a href=\"https:\/\/reseauvrac.org\/\" rel=\"nofollow noopener\" target=\"_blank\">du r\u00e9seau Vrac<\/a> pour vous parler de r\u00e9emploi des contenants en verre et de consigne pour la vente \u00e0 emporter.<\/p>\n\n\n\n<p><\/p>\n\n\n\n<figure class=\"wp-block-image size-full\"><img decoding=\"async\" width=\"940\" height=\"788\" src=\"https:\/\/www.studio.eklozia.fr\/bocauxco\/wp-content\/uploads\/2022\/06\/vf-visuels-vyv-bocaux-and-co.png\" alt=\"\" class=\"wp-image-31683\" srcset=\"https:\/\/www.studio.eklozia.fr\/bocauxco\/wp-content\/uploads\/2022\/06\/vf-visuels-vyv-bocaux-and-co.png 940w, https:\/\/www.studio.eklozia.fr\/bocauxco\/wp-content\/uploads\/2022\/06\/vf-visuels-vyv-bocaux-and-co-480x402.png 480w\" sizes=\"(min-width: 0px) and (max-width: 480px) 480px, (min-width: 481px) 940px, 100vw\" \/><figcaption><a href=\"https:\/\/vyvfestival.org\/\" target=\"_blank\" rel=\"noreferrer noopener nofollow\">https:\/\/vyvfestival.org\/<\/a><\/figcaption><\/figure>\n\n\n\n<h2 class=\"wp-block-heading\"><mark style=\"background-color:rgba(0, 0, 0, 0)\" class=\"has-inline-color has-ast-global-color-2-color\"><\/mark><\/h2>\n\n\n","protected":false},"excerpt":{"rendered":"<p>les beaux jours solidaires c&rsquo;est la rencontre avec plus de 30 initiatives qui oeuvrent pour le mieux vivre, le mieux accompagner, le mieux manger&#8230; elles s&rsquo;inscrivent dans une dimension sociale, soci\u00e9tale, environnementale&#8230; et solidaire. <\/p>\n","protected":false},"author":1,"featured_media":31682,"comment_status":"open","ping_status":"open","sticky":false,"template":"","format":"standard","meta":{"_et_pb_use_builder":"","_et_pb_old_content":"","_et_gb_content_width":"","footnotes":""},"categories":[38],"tags":[],"class_list":["post-31680","post","type-post","status-publish","format-standard","has-post-thumbnail","hentry","category-evenements"],"_links":{"self":[{"href":"https:\/\/www.studio.eklozia.fr\/bocauxco\/wp-json\/wp\/v2\/posts\/31680","targetHints":{"allow":["GET"]}}],"collection":[{"href":"https:\/\/www.studio.eklozia.fr\/bocauxco\/wp-json\/wp\/v2\/posts"}],"about":[{"href":"https:\/\/www.studio.eklozia.fr\/bocauxco\/wp-json\/wp\/v2\/types\/post"}],"author":[{"embeddable":true,"href":"https:\/\/www.studio.eklozia.fr\/bocauxco\/wp-json\/wp\/v2\/users\/1"}],"replies":[{"embeddable":true,"href":"https:\/\/www.studio.eklozia.fr\/bocauxco\/wp-json\/wp\/v2\/comments?post=31680"}],"version-history":[{"count":0,"href":"https:\/\/www.studio.eklozia.fr\/bocauxco\/wp-json\/wp\/v2\/posts\/31680\/revisions"}],"wp:featuredmedia":[{"embeddable":true,"href":"https:\/\/www.studio.eklozia.fr\/bocauxco\/wp-json\/wp\/v2\/media\/31682"}],"wp:attachment":[{"href":"https:\/\/www.studio.eklozia.fr\/bocauxco\/wp-json\/wp\/v2\/media?parent=31680"}],"wp:term":[{"taxonomy":"category","embeddable":true,"href":"https:\/\/www.studio.eklozia.fr\/bocauxco\/wp-json\/wp\/v2\/categories?post=31680"},{"taxonomy":"post_tag","embeddable":true,"href":"https:\/\/www.studio.eklozia.fr\/bocauxco\/wp-json\/wp\/v2\/tags?post=31680"}],"curies":[{"name":"wp","href":"https:\/\/api.w.org\/{rel}","templated":true}]}}