{"id":31688,"date":"2022-06-20T12:02:46","date_gmt":"2022-06-20T10:02:46","guid":{"rendered":"https:\/\/bocaux-and-co.fr\/?p=31688"},"modified":"2022-06-20T12:02:46","modified_gmt":"2022-06-20T10:02:46","slug":"animations-programme-dateliers-pratiques","status":"publish","type":"post","link":"https:\/\/www.studio.eklozia.fr\/bocauxco\/animations-programme-dateliers-pratiques\/","title":{"rendered":"[ Animations ] Programme d&rsquo;ateliers pratiques"},"content":{"rendered":"\n<h4 class=\"wp-block-heading\"><mark style=\"background-color:rgba(0, 0, 0, 0)\" class=\"has-inline-color has-ast-global-color-1-color\"><strong>composer un bouquet champ\u00eatre<\/strong> :<\/mark> <mark style=\"background-color:rgba(0, 0, 0, 0)\" class=\"has-inline-color has-ast-global-color-7-color\">jeudi 30 juin (17h00\/19h00) et jeudi 7 juillet 2022 (14h00\/16h00)<\/mark><\/h4>\n\n\n\n<h4 class=\"wp-block-heading\"><mark style=\"background-color:rgba(0, 0, 0, 0)\" class=\"has-inline-color has-ast-global-color-1-color\"><strong>atelier de lactofermentation<\/strong><\/mark> <mark style=\"background-color:rgba(0, 0, 0, 0)\" class=\"has-inline-color has-ast-global-color-7-color\">: lundi 27 juin et samedi 2 juillet . <\/mark><\/h4>\n\n\n\n<h4 class=\"wp-block-heading\"><mark style=\"background-color:rgba(0, 0, 0, 0)\" class=\"has-inline-color has-ast-global-color-1-color\"><strong>r\u00e9aliser une lampe <\/strong><\/mark><strong><mark style=\"background-color:rgba(0, 0, 0, 0)\" class=\"has-inline-color has-ast-global-color-1-color\">bocal<\/mark><\/strong> <mark style=\"background-color:rgba(0, 0, 0, 0)\" class=\"has-inline-color has-ast-global-color-7-color\">: mercredi 22 juin et samedi 6 juillet . <\/mark><\/h4>\n\n\n\n<h2 class=\"wp-block-heading\"><strong><mark style=\"background-color:rgba(0, 0, 0, 0)\" class=\"has-inline-color has-ast-global-color-2-color\">Composer votre bouquet champ\u00eatre :<\/mark><\/strong><\/h2>\n\n\n\n<figure class=\"wp-block-image size-full\"><img decoding=\"async\" width=\"387\" height=\"558\" src=\"https:\/\/www.studio.eklozia.fr\/bocauxco\/wp-content\/uploads\/2022\/06\/bouquet-champetre.jpg\" alt=\"\" class=\"wp-image-31695\" srcset=\"https:\/\/www.studio.eklozia.fr\/bocauxco\/wp-content\/uploads\/2022\/06\/bouquet-champetre.jpg 387w, https:\/\/www.studio.eklozia.fr\/bocauxco\/wp-content\/uploads\/2022\/06\/bouquet-champetre-208x300.jpg 208w\" sizes=\"(max-width: 387px) 100vw, 387px\" \/><\/figure>\n\n\n\n<p class=\"has-medium-font-size\">bocaux&amp;co vous propose au travers d\u2019un <strong><mark style=\"background-color:rgba(0, 0, 0, 0)\" class=\"has-inline-color has-ast-global-color-1-color\">atelier anim\u00e9 et cr\u00e9\u00e9 par Calice et Cie<\/mark>, <\/strong>d\u2019apprendre \u00e0 r\u00e9aliser un bouquet champ\u00eatre et des compositions assorties dans nos bocaux en verre r\u00e9employ\u00e9s \ud83d\ude0a<\/p>\n\n\n\n<p>Cet atelier est l\u2019occasion d\u2019enrichir vos connaissances botaniques.<\/p>\n\n\n\n<p>L\u2019espace de quelques heures, vous aurez la possibilit\u00e9 de vous mettre dans la peau d\u2019un vrai fleuriste et d\u2019apprendre les techniques utilis\u00e9es.<\/p>\n\n\n\n<p>Votre cr\u00e9ativit\u00e9 et votre talent de d\u00e9corateur d\u2019int\u00e9rieur vont \u00eatre sollicit\u00e9s\u00a0!<\/p>\n\n\n\n<h3 class=\"wp-block-heading\">informations pratiques<\/h3>\n\n\n\n<p><strong>Dur\u00e9e de l\u2019atelier :<\/strong> 02H00\u00a0<\/p>\n\n\n\n<p><strong><u>Lieu de l\u2019atelier :<\/u><\/strong><strong> <\/strong>boutique-atelier bocaux&amp;co &#8211; 9 rue Maurice Ravel \u00e0 Dijon<\/p>\n\n\n\n<p><strong><u>Tarifs :<\/u> <\/strong>30 \u20ac pour les adh\u00e9rent(e)s\/ 40 \u20ac pour les non-adh\u00e9rent(e)s<\/p>\n\n\n\n<p><strong>\u00a0Programme :<\/strong><\/p>\n\n\n\n<ul class=\"wp-block-list\"><li>R\u00e9alisation d\u2019un bouquet champ\u00eatre<\/li><li>Explications et informations sur le cycle des plantes \/ l\u2019entretien d\u2019un bouquet<\/li><li>Utilisation de la technique de la vrille \/ assemblage selon le style \u00ab\u00a0champ\u00eatre\u00a0\u00bb<\/li><li>Sensibilisation aux fleurs de saison et au r\u00e9emploi de contenants d\u00e9tourn\u00e9s<\/li><\/ul>\n\n\n\n<p><strong>\u00a0Dates :<\/strong><\/p>\n\n\n\n<ul class=\"wp-block-list\"><li>jeudi 30 juin \u2013 17h\/19h<\/li><li>jeudi 7 juillet \u2013 14h\/16h<\/li><\/ul>\n\n\n\n<p><strong><mark style=\"background-color:rgba(0, 0, 0, 0)\" class=\"has-inline-color has-ast-global-color-1-color\">vous souhaitez vous inscrire : <\/mark><a href=\"https:\/\/framadate.org\/ozyyavkbfcUQNEFY\" rel=\"nofollow noopener\" target=\"_blank\">c&rsquo;est ici <\/a><\/strong>ou contacter nous par mail <strong>animation@bocaux-and-co.fr <\/strong><\/p>\n\n\n\n<h2 class=\"wp-block-heading\"><strong>d\u00e9couvrir la lactofermentation<mark style=\"background-color:rgba(0, 0, 0, 0)\" class=\"has-inline-color has-ast-global-color-2-color\"><\/mark><\/strong><\/h2>\n\n\n\n<figure class=\"wp-block-image size-large\"><img decoding=\"async\" width=\"1024\" height=\"261\" src=\"https:\/\/www.studio.eklozia.fr\/bocauxco\/wp-content\/uploads\/2022\/06\/lactofermentation-1-1024x261.jpg\" alt=\"\" class=\"wp-image-31697\" srcset=\"https:\/\/www.studio.eklozia.fr\/bocauxco\/wp-content\/uploads\/2022\/06\/lactofermentation-1-1024x261.jpg 1024w, https:\/\/www.studio.eklozia.fr\/bocauxco\/wp-content\/uploads\/2022\/06\/lactofermentation-1-980x250.jpg 980w, https:\/\/www.studio.eklozia.fr\/bocauxco\/wp-content\/uploads\/2022\/06\/lactofermentation-1-480x122.jpg 480w\" sizes=\"(min-width: 0px) and (max-width: 480px) 480px, (min-width: 481px) and (max-width: 980px) 980px, (min-width: 981px) 1024px, 100vw\" \/><\/figure>\n\n\n\n<p class=\"has-medium-font-size\">Conserver des l\u00e9gumes pendant des mois, sans apport d&rsquo;\u00e9nergie ext\u00e9rieure (cuisson, cong\u00e9lation&#8230;) et sans aucun agent de conservation ; le tout, en gardant intactes la fra\u00eecheur et les vitamines, voire am\u00e9liorer la qualit\u00e9 nutritive des l\u00e9gumes, <strong>voici donc le miracle de la lactofermentation.<\/strong><\/p>\n\n\n\n<p>Aujourd\u2019hui peu pratiqu\u00e9e, la lactofermentation existe pourtant depuis des si\u00e8cles. Elle est un vrai atout pour la valorisation des bocaux en verre, c\u2019est donc en toute logique que &nbsp;&nbsp;bocaux&amp;co souhaite mettre en avant cette m\u00e9thode de conservation !<\/p>\n\n\n\n<p>A la suite de cet atelier, vous serez capable de r\u00e9aliser en toute autonomie vos propres bocaux de produits lactoferment\u00e9s&nbsp;\ud83d\ude0a<\/p>\n\n\n\n<h3 class=\"wp-block-heading\">informations pratiques<\/h3>\n\n\n\n<p><strong>Dur\u00e9e de l\u2019atelier <\/strong>: 02H00&nbsp;<\/p>\n\n\n\n<p><strong><u>Lieu de l\u2019atelier :<\/u><\/strong><strong> <\/strong>boutique-atelier bocaux&amp;co &#8211; 9 rue Maurice Ravel \u00e0 Dijon<\/p>\n\n\n\n<p><strong><u>Tarifs<\/u> : <\/strong>20 \u20ac pour les adh\u00e9rent(e)s\/ 30 \u20ac pour les non-adh\u00e9rent(e)s<\/p>\n\n\n\n<p><strong>Programme :<\/strong><\/p>\n\n\n\n<ul class=\"wp-block-list\"><li>Qu\u2019est-ce que la lactofermentation ?<\/li><li>Les m\u00e9thodes de lactofermentation<\/li><li>Les avantages et bienfaits de la lactofermentation<\/li><li>R\u00e9alisation de bocaux avec des produits lactoferment\u00e9s<\/li><\/ul>\n\n\n\n<p><strong>Dates : <\/strong><\/p>\n\n\n\n<p><strong>lundi 27 juin<\/strong> \u2013 17h\/19h<\/p>\n\n\n\n<p><strong>samedi 2 juillet <\/strong>\u2013 10h\/12h<\/p>\n\n\n\n<p><strong><mark style=\"background-color:rgba(0, 0, 0, 0)\" class=\"has-inline-color has-ast-global-color-1-color\">vous souhaitez vous inscrire : <\/mark><\/strong><a href=\"https:\/\/framadate.org\/pSRpVPKT2DRO6UUv\" rel=\"nofollow noopener\" target=\"_blank\"><strong>c&rsquo;est ici <\/strong><\/a>ou contacter nous par mail <strong>animation@bocaux-and-co.fr <\/strong><\/p>\n\n\n\n<h2 class=\"wp-block-heading\"><strong>r\u00e9aliser une lampe bocal<\/strong><\/h2>\n\n\n\n<figure class=\"wp-block-image size-full\"><img decoding=\"async\" width=\"565\" height=\"427\" src=\"https:\/\/www.studio.eklozia.fr\/bocauxco\/wp-content\/uploads\/2022\/06\/lampe-bocal.jpg\" alt=\"\" class=\"wp-image-31699\" srcset=\"https:\/\/www.studio.eklozia.fr\/bocauxco\/wp-content\/uploads\/2022\/06\/lampe-bocal.jpg 565w, https:\/\/www.studio.eklozia.fr\/bocauxco\/wp-content\/uploads\/2022\/06\/lampe-bocal-480x363.jpg 480w\" sizes=\"(min-width: 0px) and (max-width: 480px) 480px, (min-width: 481px) 565px, 100vw\" \/><\/figure>\n\n\n\n<p class=\"has-medium-font-size\">bocaux&amp;co vous propose durant cet atelier<strong>, <\/strong>d\u2019apprendre \u00e0 r\u00e9aliser une lampe \u00e0 l\u2019aide d\u2019un bocal r\u00e9employ\u00e9.<\/p>\n\n\n\n<p>D\u00e9tourner les objets est une des voies \u00e0 explorer pour leur donner une autre vie, c\u2019est donc en toute logique que bocaux&amp;co souhaite mettre en avant l\u2019un des usages d\u00e9tourn\u00e9s du bocal.<\/p>\n\n\n\n<p>A la fin de l\u2019atelier, vous repartirez avec votre lampe et d\u2019autres id\u00e9es pour illuminer votre lieu de vie \ud83d\ude0a<\/p>\n\n\n\n<p><strong>\u00a0Dur\u00e9e de l\u2019atelier <\/strong>: 01H00<\/p>\n\n\n\n<p><strong>Lieu de l&rsquo;atelier <\/strong>: <strong> <\/strong>boutique-atelier bocaux&amp;co &#8211; 9 rue Maurice Ravel \u00e0 Dijon<\/p>\n\n\n\n<p><strong>Tarifs : <\/strong>30 \u20ac pour les adh\u00e9rent(e)s \/\u00a040 \u20ac pour les non-adh\u00e9rent(e)s<\/p>\n\n\n\n<p><strong>\u00a0Programme :<\/strong><\/p>\n\n\n\n<ul class=\"wp-block-list\"><li>choix d\u2019un bocal r\u00e9employ\u00e9\u00a0; le r\u00e9emploi<\/li><li>montage \u00e9lectrique\u00a0: les bases<\/li><li>assemblage et test<\/li><\/ul>\n\n\n\n<p><strong>Dates :<\/strong><\/p>\n\n\n\n<ul class=\"wp-block-list\"><li>mercredi 22 juin \u2013 15h\/16h ou 16h\/17h<\/li><li>samedi 16 juillet \u2013 10h\/11h ou 11h\/12h<\/li><\/ul>\n\n\n\n<p><strong><mark>vous souhaitez vous inscrire : <\/mark><a href=\"https:\/\/framadate.org\/xJbGlvHHsGVZUYKz\" rel=\"nofollow noopener\" target=\"_blank\">c&rsquo;est <\/a><\/strong><a href=\"https:\/\/framadate.org\/pSRpVPKT2DRO6UUv\" rel=\"nofollow noopener\" target=\"_blank\"><strong>ici <\/strong><\/a>ou contacter nous par mail <strong>animation@bocaux-and<\/strong><\/p>\n\n\n","protected":false},"excerpt":{"rendered":"<p>composer un bouquet champ\u00eatre : jeudi 30 juin (17h00\/19h00) et jeudi 7 juillet 2022 (14h00\/16h00) atelier de lactofermentation : lundi 27 juin et samedi 2 juillet . r\u00e9aliser une lampe bocal : mercredi 22 juin et samedi 6 juillet . Composer votre bouquet champ\u00eatre : bocaux&amp;co vous propose au travers d\u2019un atelier anim\u00e9 et cr\u00e9\u00e9 [&hellip;]<\/p>\n","protected":false},"author":1,"featured_media":31701,"comment_status":"open","ping_status":"open","sticky":false,"template":"","format":"standard","meta":{"_et_pb_use_builder":"","_et_pb_old_content":"","_et_gb_content_width":"","footnotes":""},"categories":[38],"tags":[],"class_list":["post-31688","post","type-post","status-publish","format-standard","has-post-thumbnail","hentry","category-evenements"],"_links":{"self":[{"href":"https:\/\/www.studio.eklozia.fr\/bocauxco\/wp-json\/wp\/v2\/posts\/31688","targetHints":{"allow":["GET"]}}],"collection":[{"href":"https:\/\/www.studio.eklozia.fr\/bocauxco\/wp-json\/wp\/v2\/posts"}],"about":[{"href":"https:\/\/www.studio.eklozia.fr\/bocauxco\/wp-json\/wp\/v2\/types\/post"}],"author":[{"embeddable":true,"href":"https:\/\/www.studio.eklozia.fr\/bocauxco\/wp-json\/wp\/v2\/users\/1"}],"replies":[{"embeddable":true,"href":"https:\/\/www.studio.eklozia.fr\/bocauxco\/wp-json\/wp\/v2\/comments?post=31688"}],"version-history":[{"count":0,"href":"https:\/\/www.studio.eklozia.fr\/bocauxco\/wp-json\/wp\/v2\/posts\/31688\/revisions"}],"wp:featuredmedia":[{"embeddable":true,"href":"https:\/\/www.studio.eklozia.fr\/bocauxco\/wp-json\/wp\/v2\/media\/31701"}],"wp:attachment":[{"href":"https:\/\/www.studio.eklozia.fr\/bocauxco\/wp-json\/wp\/v2\/media?parent=31688"}],"wp:term":[{"taxonomy":"category","embeddable":true,"href":"https:\/\/www.studio.eklozia.fr\/bocauxco\/wp-json\/wp\/v2\/categories?post=31688"},{"taxonomy":"post_tag","embeddable":true,"href":"https:\/\/www.studio.eklozia.fr\/bocauxco\/wp-json\/wp\/v2\/tags?post=31688"}],"curies":[{"name":"wp","href":"https:\/\/api.w.org\/{rel}","templated":true}]}}