{"id":31705,"date":"2022-05-23T12:18:20","date_gmt":"2022-05-23T10:18:20","guid":{"rendered":"https:\/\/bocaux-and-co.fr\/?p=31705"},"modified":"2022-05-23T12:18:20","modified_gmt":"2022-05-23T10:18:20","slug":"article-france-bleu-bourgogne-social-club-chez-bocaux-co-lundi-23-mai-2022","status":"publish","type":"post","link":"https:\/\/www.studio.eklozia.fr\/bocauxco\/article-france-bleu-bourgogne-social-club-chez-bocaux-co-lundi-23-mai-2022\/","title":{"rendered":"[ article ] \u2013 France Bleu Bourgogne Social Club chez Bocaux &#038; Co &#8211; Lundi 23 mai 2022"},"content":{"rendered":"\n<h2 class=\"wp-block-heading\">Vous avez  envie de vous lancer dans la conservation d&rsquo;aliments en bocaux ? Vous voulez quelques conseils ? France Bleu Bourgogne vous guide chez Bocaux &amp; Co, une association dijonnaise \u00e0 l&rsquo;\u00e9conomie circulaire !<\/h2>\n\n\n\n<p><a href=\"https:\/\/bocaux-and-co.fr\/\" target=\"_blank\" rel=\"noreferrer noopener nofollow\"><strong>Bocaux&amp;co<\/strong><\/a> est une association cr\u00e9\u00e9e fin mars 2021 par Catherine et Nadeige Ruppli, deux porteuses enthousiastes et motiv\u00e9es. \u00a0L&rsquo;association s\u2019articule autour de 3 activit\u00e9s\u00a0: le r\u00e9emploi, pour mettre en place un circuit de r\u00e9emploi des bocaux, la transformation, pour d\u00e9velopper la pratique de la conservation en bocal et la formation, pour former et sensibiliser aux techniques de conservation en bocal. La visite guid\u00e9e, c&rsquo;est par ici !<\/p>\n\n\n\n<p><strong>Retrouver l&rsquo;article complet et les interviews sur le site de France Bleu : <\/strong><a href=\"https:\/\/www.francebleu.fr\/vie-quotidienne\/pratique\/france-bleu-bourgogne-social-club-chez-bocaux-co-a-dijon-1651653632\" rel=\"nofollow noopener\" target=\"_blank\"><strong>c&rsquo;est ici ! <\/strong><\/a><\/p>\n\n\n\n<div class=\"wp-block-buttons is-layout-flex wp-block-buttons-is-layout-flex\"><\/div>\n","protected":false},"excerpt":{"rendered":"<p>Nadeige et Catherine Ruppli ont cr\u00e9e bocaux&#038;co. Plus qu&rsquo;une association, ce projet citoyen \u00ab\u00a0tente de changer le monde \u00e0 notre \u00e9chelle\u00a0\u00bb.<\/p>\n","protected":false},"author":1,"featured_media":31708,"comment_status":"open","ping_status":"open","sticky":false,"template":"","format":"standard","meta":{"_et_pb_use_builder":"","_et_pb_old_content":"","_et_gb_content_width":"","footnotes":""},"categories":[37],"tags":[],"class_list":["post-31705","post","type-post","status-publish","format-standard","has-post-thumbnail","hentry","category-medias"],"_links":{"self":[{"href":"https:\/\/www.studio.eklozia.fr\/bocauxco\/wp-json\/wp\/v2\/posts\/31705","targetHints":{"allow":["GET"]}}],"collection":[{"href":"https:\/\/www.studio.eklozia.fr\/bocauxco\/wp-json\/wp\/v2\/posts"}],"about":[{"href":"https:\/\/www.studio.eklozia.fr\/bocauxco\/wp-json\/wp\/v2\/types\/post"}],"author":[{"embeddable":true,"href":"https:\/\/www.studio.eklozia.fr\/bocauxco\/wp-json\/wp\/v2\/users\/1"}],"replies":[{"embeddable":true,"href":"https:\/\/www.studio.eklozia.fr\/bocauxco\/wp-json\/wp\/v2\/comments?post=31705"}],"version-history":[{"count":0,"href":"https:\/\/www.studio.eklozia.fr\/bocauxco\/wp-json\/wp\/v2\/posts\/31705\/revisions"}],"wp:featuredmedia":[{"embeddable":true,"href":"https:\/\/www.studio.eklozia.fr\/bocauxco\/wp-json\/wp\/v2\/media\/31708"}],"wp:attachment":[{"href":"https:\/\/www.studio.eklozia.fr\/bocauxco\/wp-json\/wp\/v2\/media?parent=31705"}],"wp:term":[{"taxonomy":"category","embeddable":true,"href":"https:\/\/www.studio.eklozia.fr\/bocauxco\/wp-json\/wp\/v2\/categories?post=31705"},{"taxonomy":"post_tag","embeddable":true,"href":"https:\/\/www.studio.eklozia.fr\/bocauxco\/wp-json\/wp\/v2\/tags?post=31705"}],"curies":[{"name":"wp","href":"https:\/\/api.w.org\/{rel}","templated":true}]}}