{"id":31711,"date":"2022-06-15T12:31:06","date_gmt":"2022-06-15T10:31:06","guid":{"rendered":"https:\/\/bocaux-and-co.fr\/?p=31711"},"modified":"2022-06-15T12:31:06","modified_gmt":"2022-06-15T10:31:06","slug":"infolettre-n11-15-juin-2022","status":"publish","type":"post","link":"https:\/\/www.studio.eklozia.fr\/bocauxco\/infolettre-n11-15-juin-2022\/","title":{"rendered":"Infolettre n\u00b011 &#8211; 15 juin 2022"},"content":{"rendered":"\n<h2 class=\"wp-block-heading\"><strong><strong>Le chemin parcouru depuis 9 mois nous permet d&rsquo;y voir plus clair :<\/strong><\/strong><\/h2>\n\n\n\n<p class=\"has-medium-font-size\">l\u2019objectif de bocaux&amp;co est clairement d\u2019accompagner professionnels et citoyens vers le r\u00e9emploi des contenants en verre,<\/p>\n\n\n\n<p class=\"has-medium-font-size\">bocaux&amp;co propose donc 3 offres&nbsp;: la&nbsp;<strong><mark style=\"background-color:rgba(0, 0, 0, 0)\" class=\"has-inline-color has-ast-global-color-1-color\">vente<\/mark><\/strong>&nbsp;(de bocaux r\u00e9employ\u00e9s), la<mark style=\"background-color:rgba(0, 0, 0, 0)\" class=\"has-inline-color has-ast-global-color-1-color\">&nbsp;<strong>consigne<\/strong><\/mark>&nbsp;(pour la vente \u00e0 emporter) et <mark style=\"background-color:rgba(0, 0, 0, 0)\" class=\"has-inline-color has-ast-global-color-1-color\">l\u2019<strong>animation<\/strong><\/mark>&nbsp;(avec des ateliers).<\/p>\n\n\n\n<h2 class=\"wp-block-heading\"><strong><strong>La vente,&nbsp;\u00e7a progresse&nbsp;!<\/strong><\/strong><\/h2>\n\n\n\n<p>Au 1<sup>er<\/sup>&nbsp;juin plus de&nbsp;<strong><mark style=\"background-color:rgba(0, 0, 0, 0)\" class=\"has-inline-color has-ast-global-color-1-color\">6 000 bocaux r\u00e9\u00e9mploy\u00e9s vendus&nbsp;<\/mark><\/strong>&nbsp;!<\/p>\n\n\n\n<p>Derni\u00e8rement, de nouveaux pros ont rejoint l\u2019aventure bocaux&amp;co pour passer au r\u00e9emploi :&nbsp;<mark style=\"background-color:rgba(0, 0, 0, 0)\" class=\"has-inline-color has-ast-global-color-1-color\"><strong>Les Diableries, Les biscuits cont\u00e9s, Coline Faugerolle et ses brebis.<\/strong><\/mark>&nbsp;Merci \u00e0 eux \ud83d\ude42<\/p>\n\n\n\n<p>Bocaux&amp;co c&rsquo;est aussi la vente&nbsp;<strong><mark style=\"background-color:rgba(0, 0, 0, 0)\" class=\"has-inline-color has-ast-global-color-1-color\">aux particuliers<\/mark><\/strong>&nbsp;dans notre boutique-atelier.&nbsp;<\/p>\n\n\n\n<p><strong>N\u2019h\u00e9sitez \u00e0 en parler autour de vous et faire de la pub pour les bocaux r\u00e9employ\u00e9s.&nbsp;<\/strong><strong>Vous savez, le r\u00e9emploi, c\u2019est moins d\u2019impact environnemental et plus d\u2019emploi local \ud83d\ude09<\/strong>&nbsp;<\/p>\n\n\n\n<h2 class=\"wp-block-heading\"><strong>La consigne,&nbsp;\u00e7a se pr\u00e9pare !<\/strong><\/h2>\n\n\n\n<figure class=\"wp-block-image\"><img decoding=\"async\" src=\"https:\/\/storage-master.infomaniak.ch\/newsletter\/images\/2022-06-15\/62a991a56da4e.PNG\" alt=\"\"\/><\/figure>\n\n\n\n<p>C\u2019est parti pour une nouvelle aventure :&nbsp;<strong><mark style=\"background-color:rgba(0, 0, 0, 0)\" class=\"has-inline-color has-ast-global-color-2-color\">\u00ab\u00a0ramenez-moi\u00a0\u00bb, la consigne des contenants en verre pour la vente \u00e0 emporter.<\/mark><\/strong><\/p>\n\n\n\n<p>\u00c0 partir de d\u00e9but juillet,&nbsp;<strong><mark style=\"background-color:rgba(0, 0, 0, 0)\" class=\"has-inline-color has-ast-global-color-1-color\">4 restaurateurs\/traiteurs<\/mark><\/strong>&nbsp;de Dijon initient&nbsp;<strong><mark style=\"background-color:rgba(0, 0, 0, 0)\" class=\"has-inline-color has-ast-global-color-1-color\">un circuit mutualis\u00e9 de consigne \u00e0 Dijon <\/mark>.<\/strong>&nbsp;bocaux&amp;co coordonne ce projet en proposant des contenants (dont des bocaux) et en s\u2019appuyant sur une web appli permettant de g\u00e9rer simplement la consigne\u2026<\/p>\n\n\n\n<p><strong>Pour en savoir plus, n\u2019h\u00e9sitez pas \u00e0 rendre visite aux restaurateurs\/traiteurs partenaires&nbsp;<\/strong><\/p>\n\n\n\n<h2 class=\"wp-block-heading\"><strong>L&rsquo;animation,&nbsp;\u00e7a se structure !<\/strong><\/h2>\n\n\n\n<p>On vous l\u2019annon\u00e7ait dans notre pr\u00e9c\u00e9dente infolettre&nbsp;: <strong><mark style=\"background-color:rgba(0, 0, 0, 0)\" class=\"has-inline-color has-ast-global-color-1-color\">voici le 1<sup>er<\/sup>&nbsp;programme d\u2019ateliers bocaux&amp;co<\/mark><\/strong>, une proposition de 3 th\u00e9matiques sur 7 dates entre mi-juin et mi-juillet&nbsp;:<\/p>\n\n\n\n<figure class=\"wp-block-image\"><img decoding=\"async\" src=\"https:\/\/storage-master.infomaniak.ch\/newsletter\/images\/2022-06-14\/62a884176666a.jpg\" alt=\"\"\/><\/figure>\n\n\n\n<ul class=\"wp-block-list\"><li><strong>samedi 18 juin<\/strong>&nbsp;14h\/15h :&nbsp;<a href=\"https:\/\/bocauxandco.statslive.info\/c\/6091689644\/eyJpdiI6IllFU2FLQlZpYlFTdkh3Zm8wUWpNblwvam01UjBJK1loZ3pNcks0bGFxVFlnPSIsInZhbHVlIjoiYXgrNGRKUmswTW1DM1N2QmxXczBLOGgzeE9TY3ZUZUwwUnNGYmxnXC9DTjQ9IiwibWFjIjoiY2VhYTQ3Y2EzOTE0YzNlMWJkYzk1NzcwNWI1YmE3YjdlMTc1NGM4NjA5NjQ5MDVkOTAxYmRlY2EyYTJmZmE3NiJ9\" rel=\"nofollow noopener\" target=\"_blank\">La lactofermentation : atelier pratique<\/a>&nbsp;(Village Z\u00e9ro D\u00e9chet \/ D\u00e9partement de C\u00f4te d&rsquo;Or)<\/li><li><strong>mercredi 22 juin<\/strong>&nbsp;15h\/16h et 16h\/17h :&nbsp;<a href=\"https:\/\/bocauxandco.statslive.info\/c\/6091689645\/eyJpdiI6Ik0wWXJBTXhXRzVcL2Vtd0ZKTTExaXhhWWNjekVDYkxcL0ZXUjN4cHh3MDhXYz0iLCJ2YWx1ZSI6IlZwZ1VZXC8rdk9oNEVYNnJlcWNPcGhvSjNkcFwvK0duRGZsYkNcL1VFS2lzazg9IiwibWFjIjoiM2RhZTZjYzViMTJjZGEwYjYwNDkxMDllNTRlMzg4MDM0ZGI0NjA3MzQ5MDNlZDdjZGM4MzE5NzRkNjVkZjE0ZiJ9\" rel=\"nofollow noopener\" target=\"_blank\">R\u00e9aliser une lampe bocal<\/a>&nbsp;(boutique-atelier bocaux&amp;co)<\/li><li><strong>lundi 27 juin<\/strong>&nbsp;17h\/19h :&nbsp;<a href=\"https:\/\/bocauxandco.statslive.info\/c\/6091689646\/eyJpdiI6IndJN25qZkpNdldwcVIxTlBtMjhSa25PdWQwK3poOVg3dml5a0tGd0xHUlE9IiwidmFsdWUiOiJpaHRGTmQyRXgreU03XC8yMWxVM3RWSVNhWm54MEpUNzhuMGdVam85TXFPRT0iLCJtYWMiOiJkN2U5NDJhNWFiMGZlY2YzOGQ4MGM1NTMzZTkxMGE3ZWYzZDE0ZTkwNzY0ODA4MWYxZDVmYjNhYjNiMzY5NGI5In0=\" rel=\"nofollow noopener\" target=\"_blank\">D\u00e9couvrir la lactofermentation<\/a>&nbsp;(boutique-atelier bocaux&amp;co)<\/li><li><strong>jeudi 30 juin<\/strong>&nbsp;17h\/19h :&nbsp;<a href=\"https:\/\/bocauxandco.statslive.info\/c\/6091689647\/eyJpdiI6IlBTYzNpYTRybGZ1OWJvblVSRERleW1mOGpzRXZnRHp3aFBTTm52RDdMcFk9IiwidmFsdWUiOiJWRjhkeXNBTmhDTUhnQnBPbWliMm9zREJPb3pFNUthQlJYWTdEK3NhWU4wPSIsIm1hYyI6ImYzNzEwMjJjOGMwZjEzM2RmMzhmZDk3MjkxMmE1MTY1YTgzY2MwMWExOTNmYzY1ZWZlMmI2ZGYzYTdjNTYwOTEifQ==\" rel=\"nofollow noopener\" target=\"_blank\">Composer un bouquet dans un bocal<\/a>&nbsp;(boutique-atelier bocaux&amp;co \/ Calice et Cie)<\/li><li><strong>samedi 2 juillet<\/strong>&nbsp;10h\/12h :&nbsp;<a href=\"https:\/\/bocauxandco.statslive.info\/c\/6091689648\/eyJpdiI6IjdGYVwvN1BRT3lzbkR0MlZZRklXM2VHNE1DT1lCOCtOXC9Ga0xGVWljVEJTcz0iLCJ2YWx1ZSI6IlljeU4wclRqRVwvaVQ5dXlXN1JlRkNFSW5hT2lGMmNpMDhRdnpaQ1loeDlZPSIsIm1hYyI6IjNkMDRiOTA1OWI2YTVlZjJmZDdiM2VmZTM0ZTRhYTNhODk0MTkxOTJiNjVhNTY0YmY3NDFkZjA3NjllYTk2ZTMifQ==\" rel=\"nofollow noopener\" target=\"_blank\">D\u00e9couvrir la lactofermentation<\/a>&nbsp;(boutique-atelier bocaux&amp;co)<\/li><li><strong>jeudi 7 juillet<\/strong>&nbsp;14h\/16h :&nbsp;<a href=\"https:\/\/bocauxandco.statslive.info\/c\/6091689649\/eyJpdiI6ImlvTGxFRWp4SnRFQ1JBU3BaWVRXaWRtSmpCTGJQOGZ1VThsWTNxTVpyMkE9IiwidmFsdWUiOiJraVVQajFxVkFZNERmdWFBNkhJVEdBZDZDR0x6TithcG9SRDJGa2ZUaHl3PSIsIm1hYyI6ImE2MjFjNjBiNWQ0MmMyZTQ2NGZhMzk5N2M0ODQ5YzM5ZjYzNGMyMDM3ODA3MTFhNjEwMzdlYmFjN2QwMDgxZmEifQ==\" rel=\"nofollow noopener\" target=\"_blank\">Composer un bouquet dans un bocal<\/a>&nbsp;(boutique-atelier bocaux&amp;co \/ Calice et Cie)<\/li><li><strong>samedi 16 juillet<\/strong>&nbsp;10h\/11h et 11h\/12h :&nbsp;<a href=\"https:\/\/bocauxandco.statslive.info\/c\/6091689650\/eyJpdiI6IkxBUFNWQms2bk85WmZZRnVrOWFqZzc0SWJpQTRTU2pJZWY1UUxZYWZsZmM9IiwidmFsdWUiOiI5OGFiaUxYZjZuYTByNzkrckNwUWNWY0lMeEJ5R2hzSG1CXC9SZmFvbTYrYz0iLCJtYWMiOiIzYjE0ZTg3Y2JjYmY4MTg5YTAyZmUzODk1YzgxODBjZWE1YzljZThmNDg2ZDEyNGVhZjFlMDVjZWEwN2MzOGIxIn0=\" rel=\"nofollow noopener\" target=\"_blank\">R\u00e9aliser une lampe bocal<\/a>&nbsp;(boutique-atelier bocaux&amp;co)<\/li><\/ul>\n\n\n\n<p class=\"has-medium-font-size\"><strong><mark style=\"background-color:rgba(0, 0, 0, 0)\" class=\"has-inline-color has-ast-global-color-1-color\">L&rsquo;un de ces ateliers vous int\u00e9resse ?&nbsp;<\/mark><\/strong><\/p>\n\n\n\n<p>En cliquant sur le titre, vous acc\u00e9derez \u00e0 la pr\u00e9sentation de l&rsquo;atelier et au lien pour s&rsquo;inscrire.<\/p>\n\n\n\n<p><mark style=\"background-color:rgba(0, 0, 0, 0)\" class=\"has-inline-color has-ast-global-color-1-color\"><strong>Vous avez des remarques\/suggestions ?<\/strong>&#8230;<\/mark><\/p>\n\n\n\n<p>Ce 1<sup>er<\/sup>&nbsp;programme d\u2019ateliers nous permet d\u2019exp\u00e9rimenter les outils\/canaux pour favoriser le r\u00e9emploi des contenants en verre par les citoyens.<\/p>\n\n\n\n<p><strong>N&rsquo;h\u00e9sitez pas \u00e0 nous contacter par retour de m\u00e9l pour nous dire ce que vous en pensez.<\/strong><\/p>\n\n\n\n<p><strong>Au plaisir de vous lire\/entendre\/voir<\/strong><\/p>\n\n\n\n\n\n\n","protected":false},"excerpt":{"rendered":"<p>Le chemin parcouru depuis 9 mois nous permet d&rsquo;y voir plus clair : l\u2019objectif de bocaux&amp;co est clairement d\u2019accompagner professionnels et citoyens vers le r\u00e9emploi des contenants en verre, bocaux&amp;co propose donc 3 offres&nbsp;: la&nbsp;vente&nbsp;(de bocaux r\u00e9employ\u00e9s), la&nbsp;consigne&nbsp;(pour la vente \u00e0 emporter) et l\u2019animation&nbsp;(avec des ateliers). La vente,&nbsp;\u00e7a progresse&nbsp;! Au 1er&nbsp;juin plus de&nbsp;6 000 bocaux r\u00e9\u00e9mploy\u00e9s vendus&nbsp;&nbsp;! Derni\u00e8rement, de nouveaux pros ont rejoint l\u2019aventure bocaux&amp;co pour passer au r\u00e9emploi :&nbsp;Les Diableries, Les biscuits cont\u00e9s, Coline Faugerolle et ses brebis.&nbsp;Merci \u00e0 eux \ud83d\ude42 Bocaux&amp;co c&rsquo;est aussi la vente&nbsp;aux particuliers&nbsp;dans notre boutique-atelier.&nbsp; N\u2019h\u00e9sitez \u00e0 en parler autour de vous et faire de la pub pour les bocaux r\u00e9employ\u00e9s.&nbsp;Vous savez, le r\u00e9emploi, c\u2019est moins d\u2019impact environnemental et plus d\u2019emploi local \ud83d\ude09&nbsp; La consigne,&nbsp;\u00e7a se pr\u00e9pare ! C\u2019est parti pour une nouvelle aventure :&nbsp;\u00ab\u00a0ramenez-moi\u00a0\u00bb, la consigne des contenants en verre pour la vente \u00e0 emporter. \u00c0 partir de d\u00e9but juillet,&nbsp;4 restaurateurs\/traiteurs&nbsp;de Dijon initient&nbsp;un circuit mutualis\u00e9 de consigne \u00e0 Dijon .&nbsp;bocaux&amp;co coordonne ce projet en proposant des contenants (dont des bocaux) et en s\u2019appuyant sur une web appli permettant de g\u00e9rer simplement la consigne\u2026 Pour en savoir plus, n\u2019h\u00e9sitez pas \u00e0 rendre visite aux restaurateurs\/traiteurs partenaires&nbsp; L&rsquo;animation,&nbsp;\u00e7a se structure ! On vous l\u2019annon\u00e7ait dans notre [&hellip;]<\/p>\n","protected":false},"author":1,"featured_media":31719,"comment_status":"closed","ping_status":"open","sticky":false,"template":"","format":"standard","meta":{"_et_pb_use_builder":"on","_et_pb_old_content":"","_et_gb_content_width":"","footnotes":""},"categories":[36],"tags":[],"class_list":["post-31711","post","type-post","status-publish","format-standard","has-post-thumbnail","hentry","category-infolettre"],"_links":{"self":[{"href":"https:\/\/www.studio.eklozia.fr\/bocauxco\/wp-json\/wp\/v2\/posts\/31711","targetHints":{"allow":["GET"]}}],"collection":[{"href":"https:\/\/www.studio.eklozia.fr\/bocauxco\/wp-json\/wp\/v2\/posts"}],"about":[{"href":"https:\/\/www.studio.eklozia.fr\/bocauxco\/wp-json\/wp\/v2\/types\/post"}],"author":[{"embeddable":true,"href":"https:\/\/www.studio.eklozia.fr\/bocauxco\/wp-json\/wp\/v2\/users\/1"}],"replies":[{"embeddable":true,"href":"https:\/\/www.studio.eklozia.fr\/bocauxco\/wp-json\/wp\/v2\/comments?post=31711"}],"version-history":[{"count":0,"href":"https:\/\/www.studio.eklozia.fr\/bocauxco\/wp-json\/wp\/v2\/posts\/31711\/revisions"}],"wp:featuredmedia":[{"embeddable":true,"href":"https:\/\/www.studio.eklozia.fr\/bocauxco\/wp-json\/wp\/v2\/media\/31719"}],"wp:attachment":[{"href":"https:\/\/www.studio.eklozia.fr\/bocauxco\/wp-json\/wp\/v2\/media?parent=31711"}],"wp:term":[{"taxonomy":"category","embeddable":true,"href":"https:\/\/www.studio.eklozia.fr\/bocauxco\/wp-json\/wp\/v2\/categories?post=31711"},{"taxonomy":"post_tag","embeddable":true,"href":"https:\/\/www.studio.eklozia.fr\/bocauxco\/wp-json\/wp\/v2\/tags?post=31711"}],"curies":[{"name":"wp","href":"https:\/\/api.w.org\/{rel}","templated":true}]}}