{"id":31727,"date":"2022-07-28T13:41:03","date_gmt":"2022-07-28T11:41:03","guid":{"rendered":"https:\/\/bocaux-and-co.fr\/?p=31727"},"modified":"2022-07-28T13:41:03","modified_gmt":"2022-07-28T11:41:03","slug":"infolettre-n12-28-juillet-2022","status":"publish","type":"post","link":"https:\/\/www.studio.eklozia.fr\/bocauxco\/infolettre-n12-28-juillet-2022\/","title":{"rendered":"Infolettre n\u00b012 &#8211; 28 juillet 2022"},"content":{"rendered":"\n<h2 class=\"is-style-paragraph-special-1 wp-block-heading\"><strong>Un mois de juillet actif\u2026<\/strong> <strong>bocaux&amp;co poursuit ses activit\u00e9s :<\/strong><\/h2>\n\n\n\n<ul class=\"wp-block-list\"><li>plus de<strong><mark style=\"background-color:rgba(0, 0, 0, 0)\" class=\"has-inline-color has-ast-global-color-1-color\"> <\/mark><\/strong><mark style=\"background-color:rgba(0, 0, 0, 0)\" class=\"has-inline-color has-ast-global-color-1-color\"><strong>34 000 bocaux collect\u00e9s et bient\u00f4t 10 000 valoris\u00e9s<\/strong><\/mark>, c\u2019est-\u00e0-dire vendus pour \u00eatre utilis\u00e9s \u00e0 nouveau :D. C\u2019est le temps <strong><mark style=\"background-color:rgba(0, 0, 0, 0)\" class=\"has-inline-color has-ast-global-color-1-color\">des conserves et les professionnels nous contactent<\/mark>\u00a0<\/strong>: \u00e0 chaque fois, c\u2019est une aventure humaine et un d\u00e9fi pour faire co\u00efncider au mieux leurs besoins et nos possibilit\u00e9s pour trouver ensemble la solution juste et op\u00e9rationnelle\u2026<\/li><li>une premi\u00e8re\u00a0le 7 juillet : <strong><mark style=\"background-color:rgba(0, 0, 0, 0)\" class=\"has-inline-color has-ast-global-color-1-color\">la location de verrines<\/mark> <\/strong>pour un buffet, mitonn\u00e9 par la <a href=\"https:\/\/lamenuiseriedijon.fr\/\" target=\"_blank\" rel=\"noreferrer noopener nofollow\">Menuiserie <\/a>pour un \u00e9v\u00e9nement du Conseil r\u00e9gional Bourgogne Franche Comt\u00e9. C\u2019\u00e9tait un (petit) d\u00e9fi, que l\u2019on a relev\u00e9 ensemble avec La Menuiserie, et qui ouvre de nouveaux horizons pour valoriser les contenants collect\u00e9s, \u00e0 c\u00f4t\u00e9 de la vente et de la consigne !<\/li><\/ul>\n\n\n\n<ul class=\"wp-block-list\"><li>apr\u00e8s un mois de juin bien actif (f\u00eate du Port du Canal, VYV festival, village 0 d\u00e9chet du D\u00e9partement), animation le 6 juillet d\u2019une journ\u00e9e de coh\u00e9sion d\u2019\u00e9quipe pour des salari\u00e9s (motiv\u00e9s \ud83d\ude09 de <a href=\"https:\/\/www.citeo.com\/\" target=\"_blank\" rel=\"noreferrer noopener nofollow\">Cit\u00e9o<\/a>, entreprise \u00e0 mission pour r\u00e9duire les emballages de la grande distribution en partenariat avec <a href=\"https:\/\/www.uniscite.fr\/antenne\/bourgogne\" target=\"_blank\" rel=\"noreferrer noopener nofollow\">Unis-cit\u00e9<\/a>. Une journ\u00e9e gaie, productive (238 bocaux d\u00e9shabill\u00e9s), anim\u00e9e et des supers \u00e9changes (merci \u00e0 Valentin de <a href=\"https:\/\/ciboulette-dijon.fr\/\" rel=\"nofollow noopener\" target=\"_blank\">Ciboulette<\/a> et Jean-Philippe de <a href=\"https:\/\/www.facebook.com\/lanoteducolibri\" target=\"_blank\" rel=\"noreferrer noopener nofollow\">La note du colibri<\/a> pour leurs t\u00e9moignages)<\/li><\/ul>\n\n\n\n<figure class=\"wp-block-image size-large\"><img decoding=\"async\" width=\"1024\" height=\"457\" src=\"https:\/\/www.studio.eklozia.fr\/bocauxco\/wp-content\/uploads\/2022\/09\/animations-1024x457.png\" alt=\"\" class=\"wp-image-31730\" srcset=\"https:\/\/www.studio.eklozia.fr\/bocauxco\/wp-content\/uploads\/2022\/09\/animations-980x438.png 980w, https:\/\/www.studio.eklozia.fr\/bocauxco\/wp-content\/uploads\/2022\/09\/animations-480x214.png 480w\" sizes=\"(min-width: 0px) and (max-width: 480px) 480px, (min-width: 481px) and (max-width: 980px) 980px, (min-width: 981px) 1024px, 100vw\" \/><\/figure>\n\n\n\n<ul class=\"wp-block-list\"><li>animations et ateliers autour des usages du bocal, riches d&rsquo;\u00e9changes et de moments partag\u00e9s. Merci \u00e0 Camille de <a href=\"https:\/\/www.facebook.com\/calice.et.cie\/\" target=\"_blank\" rel=\"noreferrer noopener nofollow\">Calice@cie<\/a> qui a partag\u00e9 son amour des fleurs et son savoir faire de fleuriste.<\/li><\/ul>\n\n\n\n<figure class=\"wp-block-image size-large\"><img decoding=\"async\" width=\"1024\" height=\"509\" src=\"https:\/\/www.studio.eklozia.fr\/bocauxco\/wp-content\/uploads\/2022\/09\/animation-2-1024x509.png\" alt=\"\" class=\"wp-image-31731\" srcset=\"https:\/\/www.studio.eklozia.fr\/bocauxco\/wp-content\/uploads\/2022\/09\/animation-2-980x487.png 980w, https:\/\/www.studio.eklozia.fr\/bocauxco\/wp-content\/uploads\/2022\/09\/animation-2-480x239.png 480w\" sizes=\"(min-width: 0px) and (max-width: 480px) 480px, (min-width: 481px) and (max-width: 980px) 980px, (min-width: 981px) 1024px, 100vw\" \/><\/figure>\n\n\n\n<p>L\u2019exp\u00e9rimentation arrivera \u00e0 son terme fin ao\u00fbt. Cela permettra ensuite d\u2019analyser les donn\u00e9es collect\u00e9es pour construire la suite. Cette phase de r\u00e9flexion, orient\u00e9e vers l\u2019\u00e9conomie de la fonctionnalit\u00e9 et de la coop\u00e9ration, n\u00e9cessite de prendre de la distance. C\u2019est pourquoi, <mark style=\"background-color:rgba(0, 0, 0, 0)\" class=\"has-inline-color has-ast-global-color-1-color\"><strong>bocaux&amp;co s\u2019octroie une pause estivale du 1<sup>er<\/sup> au 15 ao\u00fbt.<\/strong> &nbsp; <\/mark><\/p>\n\n\n\n<p><\/p>\n\n\n\n<p><strong>Merci \u00e0 tou.te.s celles et ceux qui rendent cette aventure possible et au plaisir de la poursuivre ensemble \u00e0 partir du<\/strong> <strong>16 ao\u00fbt \ud83d\ude42<\/strong><\/p>\n\n\n\n<div class=\"wp-block-columns is-layout-flex wp-container-core-columns-is-layout-9d6595d7 wp-block-columns-is-layout-flex\">\n<div class=\"wp-block-column is-layout-flow wp-block-column-is-layout-flow\" style=\"flex-basis:100%\">\n<p><\/p>\n<\/div>\n<\/div>\n\n\n\n\n\n\n","protected":false},"excerpt":{"rendered":"<p>Un mois de juillet actif\u2026 bocaux&amp;co poursuit ses activit\u00e9s : plus de 34 000 bocaux collect\u00e9s et bient\u00f4t 10 000 valoris\u00e9s, c\u2019est-\u00e0-dire vendus pour \u00eatre utilis\u00e9s \u00e0 nouveau :D. C\u2019est le temps des conserves et les professionnels nous contactent\u00a0: \u00e0 chaque fois, c\u2019est une aventure humaine et un d\u00e9fi pour faire co\u00efncider au mieux leurs besoins et nos possibilit\u00e9s pour trouver ensemble la solution juste et op\u00e9rationnelle\u2026une premi\u00e8re\u00a0le 7 juillet : la location de verrines pour un buffet, mitonn\u00e9 par la Menuiserie pour un \u00e9v\u00e9nement du Conseil r\u00e9gional Bourgogne Franche Comt\u00e9. C\u2019\u00e9tait un (petit) d\u00e9fi, que l\u2019on a relev\u00e9 ensemble avec La Menuiserie, et qui ouvre de nouveaux horizons pour valoriser les contenants collect\u00e9s, \u00e0 c\u00f4t\u00e9 de la vente et de la consigne ! apr\u00e8s un mois de juin bien actif (f\u00eate du Port du Canal, VYV festival, village 0 d\u00e9chet du D\u00e9partement), animation le 6 juillet d\u2019une journ\u00e9e de coh\u00e9sion d\u2019\u00e9quipe pour des salari\u00e9s (motiv\u00e9s \ud83d\ude09 de Cit\u00e9o, entreprise \u00e0 mission pour r\u00e9duire les emballages de la grande distribution en partenariat avec Unis-cit\u00e9. Une journ\u00e9e gaie, productive (238 bocaux d\u00e9shabill\u00e9s), anim\u00e9e et des supers \u00e9changes (merci \u00e0 Valentin de Ciboulette et Jean-Philippe de La note du colibri pour leurs [&hellip;]<\/p>\n","protected":false},"author":1,"featured_media":31729,"comment_status":"closed","ping_status":"open","sticky":false,"template":"","format":"standard","meta":{"_et_pb_use_builder":"on","_et_pb_old_content":"","_et_gb_content_width":"","footnotes":""},"categories":[36],"tags":[],"class_list":["post-31727","post","type-post","status-publish","format-standard","has-post-thumbnail","hentry","category-infolettre"],"_links":{"self":[{"href":"https:\/\/www.studio.eklozia.fr\/bocauxco\/wp-json\/wp\/v2\/posts\/31727","targetHints":{"allow":["GET"]}}],"collection":[{"href":"https:\/\/www.studio.eklozia.fr\/bocauxco\/wp-json\/wp\/v2\/posts"}],"about":[{"href":"https:\/\/www.studio.eklozia.fr\/bocauxco\/wp-json\/wp\/v2\/types\/post"}],"author":[{"embeddable":true,"href":"https:\/\/www.studio.eklozia.fr\/bocauxco\/wp-json\/wp\/v2\/users\/1"}],"replies":[{"embeddable":true,"href":"https:\/\/www.studio.eklozia.fr\/bocauxco\/wp-json\/wp\/v2\/comments?post=31727"}],"version-history":[{"count":0,"href":"https:\/\/www.studio.eklozia.fr\/bocauxco\/wp-json\/wp\/v2\/posts\/31727\/revisions"}],"wp:featuredmedia":[{"embeddable":true,"href":"https:\/\/www.studio.eklozia.fr\/bocauxco\/wp-json\/wp\/v2\/media\/31729"}],"wp:attachment":[{"href":"https:\/\/www.studio.eklozia.fr\/bocauxco\/wp-json\/wp\/v2\/media?parent=31727"}],"wp:term":[{"taxonomy":"category","embeddable":true,"href":"https:\/\/www.studio.eklozia.fr\/bocauxco\/wp-json\/wp\/v2\/categories?post=31727"},{"taxonomy":"post_tag","embeddable":true,"href":"https:\/\/www.studio.eklozia.fr\/bocauxco\/wp-json\/wp\/v2\/tags?post=31727"}],"curies":[{"name":"wp","href":"https:\/\/api.w.org\/{rel}","templated":true}]}}