{"id":31737,"date":"2022-09-09T14:17:08","date_gmt":"2022-09-09T12:17:08","guid":{"rendered":"https:\/\/bocaux-and-co.fr\/?p=31737"},"modified":"2022-09-09T14:17:08","modified_gmt":"2022-09-09T12:17:08","slug":"infolettre-n13-09-septembre-2022","status":"publish","type":"post","link":"https:\/\/www.studio.eklozia.fr\/bocauxco\/infolettre-n13-09-septembre-2022\/","title":{"rendered":"Infolettre n\u00b013 &#8211; 09 septembre 2022"},"content":{"rendered":"\n<h2 class=\"is-style-paragraph-special-1 wp-block-heading\"><strong>Le projet bocaux&amp;co entre dans une nouvelle phase<\/strong><\/h2>\n\n\n\n<h3 class=\"wp-block-heading\"><strong>l&rsquo;exp\u00e9rimentation est termin\u00e9e :<\/strong><\/h3>\n\n\n\n<p><strong>bocaux&amp;co a achev\u00e9 son exp\u00e9rimentation d\u2019un an le 31 ao\u00fbt : le premier bilan est plus que positif \ud83d\ude00 <\/strong><\/p>\n\n\n\n<ul class=\"wp-block-list\"><li><strong><mark style=\"background-color:rgba(0, 0, 0, 0)\" class=\"has-inline-color has-ast-global-color-1-color\">35 237 bocaux collect\u00e9s<\/mark> <\/strong>(pr\u00e8s de 8 tonnes) gr\u00e2ce \u00e0 nos 10 points de collecte et \u00e0 te.s les citoyen.ne.s qui sont venus y d\u00e9poser leurs contenants&nbsp;; <\/li><li>et surtout <strong><mark style=\"background-color:rgba(0, 0, 0, 0)\" class=\"has-inline-color has-ast-global-color-1-color\">11 114 bocaux r\u00e9employ\u00e9s<\/mark><\/strong>, soit plus de 2 tonnes&nbsp;!!! Ces bocaux ont trouv\u00e9 acqu\u00e9reurs aupr\u00e8s de citoyen.ne.s dans notre boutique, mais aussi et majoritairement aupr\u00e8s de 29 professionnel.le.s qui se sont lanc\u00e9 avec nous dans l\u2019aventure du r\u00e9emploi (en achetant, en louant ou en nous confiant le lavage de leurs contenants). <\/li><\/ul>\n\n\n\n<p><\/p>\n\n\n\n<p><strong>L\u2019\u00e9t\u00e9 a vu se multiplier les contacts avec les professionnels<\/strong>&nbsp;: c\u2019est bien s\u00fbr la saison de production massive de fruits et l\u00e9gumes mais aussi de miel dans notre r\u00e9gion. Et le contexte est favorable au r\u00e9emploi, h\u00e9las pour des raisons de p\u00e9nuries de contenants neufs (mati\u00e8res premi\u00e8res et \u00e9nergie qui se rar\u00e9fient). <\/p>\n\n\n\n<p><strong>C\u2019est donc une fin d\u2019exp\u00e9rimentation tr\u00e8s active o\u00f9 bocaux&amp;co a poursuivi l\u2019ensemble de ses activit\u00e9s dont voici quelques images<\/strong> : l\u2019\u00e9picerie paysanne de Beaune nous a rejoint, nous avons fait des tests de lavage chez l\u2019Entreprise Serge Cheveau \u00e0 Ladoix-Serrigny, et anim\u00e9 un atelier de lactofermentation pour les enseignants de l\u2019Ecole Jeanne d\u2019Arc \u00e0 Is-sur-Tille.<\/p>\n\n\n\n<figure class=\"wp-block-image size-large\"><img decoding=\"async\" width=\"1024\" height=\"560\" src=\"https:\/\/www.studio.eklozia.fr\/bocauxco\/wp-content\/uploads\/2022\/09\/partenaires-1-1024x560.png\" alt=\"\" class=\"wp-image-31754\" srcset=\"https:\/\/www.studio.eklozia.fr\/bocauxco\/wp-content\/uploads\/2022\/09\/partenaires-1-980x536.png 980w, https:\/\/www.studio.eklozia.fr\/bocauxco\/wp-content\/uploads\/2022\/09\/partenaires-1-480x262.png 480w\" sizes=\"(min-width: 0px) and (max-width: 480px) 480px, (min-width: 481px) and (max-width: 980px) 980px, (min-width: 981px) 1024px, 100vw\" \/><\/figure>\n\n\n\n<p><strong>Merci \u00e0 toutes les personnes et structures qui ont contribu\u00e9 \u00e0 la r\u00e9ussite de cette exp\u00e9rimentation, durant laquelle bocaux&amp;co a quantifi\u00e9 un certain nombre d\u2019indicateurs\/donn\u00e9es dont l\u2019analyse d\u00e9bute maintenant, pour imaginer la suite.<\/strong><\/p>\n\n\n\n<h3 class=\"wp-block-heading\"><strong>bocaux&amp;co \u00e9crit la suite de l&rsquo;aventure&#8230;<\/strong><\/h3>\n\n\n\n<p><strong>Apr\u00e8s l\u2019exp\u00e9rimentation, bocaux&amp;co poursuit bien s\u00fbr ses activit\u00e9s&nbsp;: vente\/location de contenants en verre \u2013 consigne \u2013 animation.<\/strong><\/p>\n\n\n\n<p><\/p>\n\n\n\n<p>Autant d\u2019occasions de continuer \u00e0 explorer des pistes de <strong>coop\u00e9ration<\/strong>, fa\u00e7on de travailler au centre du projet&nbsp;: <\/p>\n\n\n\n<p>bocaux&amp;co co-construit avec des partenaires, d\u00e9j\u00e0 impliqu\u00e9s dans le projet ou motiv\u00e9s pour \u00eatre acteurs du r\u00e9emploi, des solutions et des fa\u00e7ons de \u00ab&nbsp;faire&nbsp;ensemble\u00bb sur les diff\u00e9rents activit\u00e9s. Des \u00e9changes sont en cours notamment avec&nbsp;:<\/p>\n\n\n\n<ul class=\"wp-block-list\"><li> l\u2019Acod\u00e8ge, Envie, Id\u2019\u00e9es 21 sur le process de traitement des contenants (collecte, lavage)&nbsp;; <\/li><\/ul>\n\n\n\n<ul class=\"wp-block-list\"><li>Episourire, Epimut, Dijon M\u00e9tropole et le Conseil d\u00e9partemental de C\u00f4te d\u2019Or pour les activit\u00e9s d\u2019animation&nbsp;; <\/li><\/ul>\n\n\n\n<ul class=\"wp-block-list\"><li>une r\u00e9flexion de fond est accompagn\u00e9e durant 2 mois par un groupe qui r\u00e9unit autour de bocaux&amp;co diff\u00e9rents partenaires institutionnels; ce groupe explore l\u2019\u00e9conomie de la fonctionnalit\u00e9 et de la coop\u00e9ration (<a href=\"https:\/\/www.ieefc.eu\/ressource\/lefc-comment-ca-marche\/\" rel=\"nofollow noopener\" target=\"_blank\">https:\/\/www.ieefc.eu\/ressource\/lefc-comment-ca-marche\/<\/a>) pour aider bocaux&amp;co \u00e0 imaginer sa feuille de route pour les ann\u00e9es \u00e0 venir.<\/li><\/ul>\n\n\n\n<h3 class=\"wp-block-heading\"><strong>&#8230; et vous ?<\/strong><\/h3>\n\n\n\n<p><strong>bocaux&amp;co fait le pari qu\u2019ensemble, citoyens \u2013 professionnels \u2013 collectivit\u00e9s, le r\u00e9emploi des contenants en verre est un projet de bon sens, r\u00e9aliste et structurant pour notre territoire. <\/strong><\/p>\n\n\n\n<p>L\u2019implication des citoyen.ne.s est un moteur essentiel : don de contenants bien s\u00fbr mais aussi et surtout participation, sous diff\u00e9rentes formes et temporalit\u00e9s, \u00e0 la vie du projet. <\/p>\n\n\n\n<p><strong><mark style=\"background-color:rgba(0, 0, 0, 0)\" class=\"has-inline-color has-ast-global-color-1-color\">Vous voulez contribuer concr\u00e8tement au projet, en rejoignant l&rsquo;\u00e9quipe de b\u00e9n\u00e9voles, en apportant des comp\u00e9tences, id\u00e9es\u2026 ? N\u2019h\u00e9sitez pas \u00e0 nous le dire en nous faisant un petit retour par mail ou par t\u00e9l\u00e9phone.<\/mark><\/strong><\/p>\n\n\n\n<p><mark style=\"background-color:rgba(0, 0, 0, 0)\" class=\"has-inline-color has-ast-global-color-2-color\">mobile\u00a0: 07 49 83 35 84 e-mail\u00a0:<\/mark><mark style=\"background-color:rgba(0, 0, 0, 0)\" class=\"has-inline-color has-ast-global-color-1-color\"><a href=\"mailto:contact@bocaux-and-co.fr\"> <\/a><\/mark><a href=\"mailto:contact@bocaux-and-co.fr\">contact@bocaux-and-co.fr<\/a><\/p>\n\n\n\n\n","protected":false},"excerpt":{"rendered":"<p>Le projet bocaux&amp;co entre dans une nouvelle phase l&rsquo;exp\u00e9rimentation est termin\u00e9e : bocaux&amp;co a achev\u00e9 son exp\u00e9rimentation d\u2019un an le 31 ao\u00fbt : le premier bilan est plus que positif \ud83d\ude00 35 237 bocaux collect\u00e9s (pr\u00e8s de 8 tonnes) gr\u00e2ce \u00e0 nos 10 points de collecte et \u00e0 te.s les citoyen.ne.s qui sont venus y d\u00e9poser leurs contenants&nbsp;; et surtout 11 114 bocaux r\u00e9employ\u00e9s, soit plus de 2 tonnes&nbsp;!!! Ces bocaux ont trouv\u00e9 acqu\u00e9reurs aupr\u00e8s de citoyen.ne.s dans notre boutique, mais aussi et majoritairement aupr\u00e8s de 29 professionnel.le.s qui se sont lanc\u00e9 avec nous dans l\u2019aventure du r\u00e9emploi (en achetant, en louant ou en nous confiant le lavage de leurs contenants). L\u2019\u00e9t\u00e9 a vu se multiplier les contacts avec les professionnels&nbsp;: c\u2019est bien s\u00fbr la saison de production massive de fruits et l\u00e9gumes mais aussi de miel dans notre r\u00e9gion. Et le contexte est favorable au r\u00e9emploi, h\u00e9las pour des raisons de p\u00e9nuries de contenants neufs (mati\u00e8res premi\u00e8res et \u00e9nergie qui se rar\u00e9fient). C\u2019est donc une fin d\u2019exp\u00e9rimentation tr\u00e8s active o\u00f9 bocaux&amp;co a poursuivi l\u2019ensemble de ses activit\u00e9s dont voici quelques images : l\u2019\u00e9picerie paysanne de Beaune nous a rejoint, nous avons fait des tests de lavage chez l\u2019Entreprise Serge [&hellip;]<\/p>\n","protected":false},"author":1,"featured_media":31739,"comment_status":"closed","ping_status":"open","sticky":false,"template":"","format":"standard","meta":{"_et_pb_use_builder":"on","_et_pb_old_content":"","_et_gb_content_width":"","footnotes":""},"categories":[36],"tags":[],"class_list":["post-31737","post","type-post","status-publish","format-standard","has-post-thumbnail","hentry","category-infolettre"],"_links":{"self":[{"href":"https:\/\/www.studio.eklozia.fr\/bocauxco\/wp-json\/wp\/v2\/posts\/31737","targetHints":{"allow":["GET"]}}],"collection":[{"href":"https:\/\/www.studio.eklozia.fr\/bocauxco\/wp-json\/wp\/v2\/posts"}],"about":[{"href":"https:\/\/www.studio.eklozia.fr\/bocauxco\/wp-json\/wp\/v2\/types\/post"}],"author":[{"embeddable":true,"href":"https:\/\/www.studio.eklozia.fr\/bocauxco\/wp-json\/wp\/v2\/users\/1"}],"replies":[{"embeddable":true,"href":"https:\/\/www.studio.eklozia.fr\/bocauxco\/wp-json\/wp\/v2\/comments?post=31737"}],"version-history":[{"count":0,"href":"https:\/\/www.studio.eklozia.fr\/bocauxco\/wp-json\/wp\/v2\/posts\/31737\/revisions"}],"wp:featuredmedia":[{"embeddable":true,"href":"https:\/\/www.studio.eklozia.fr\/bocauxco\/wp-json\/wp\/v2\/media\/31739"}],"wp:attachment":[{"href":"https:\/\/www.studio.eklozia.fr\/bocauxco\/wp-json\/wp\/v2\/media?parent=31737"}],"wp:term":[{"taxonomy":"category","embeddable":true,"href":"https:\/\/www.studio.eklozia.fr\/bocauxco\/wp-json\/wp\/v2\/categories?post=31737"},{"taxonomy":"post_tag","embeddable":true,"href":"https:\/\/www.studio.eklozia.fr\/bocauxco\/wp-json\/wp\/v2\/tags?post=31737"}],"curies":[{"name":"wp","href":"https:\/\/api.w.org\/{rel}","templated":true}]}}