{"id":32037,"date":"2022-12-23T14:03:06","date_gmt":"2022-12-23T13:03:06","guid":{"rendered":"https:\/\/bocaux-and-co.fr\/?p=32037"},"modified":"2022-12-23T14:03:06","modified_gmt":"2022-12-23T13:03:06","slug":"infolettre-n14-23-decembre-2022","status":"publish","type":"post","link":"https:\/\/www.studio.eklozia.fr\/bocauxco\/infolettre-n14-23-decembre-2022\/","title":{"rendered":"Infolettre n\u00b014 &#8211; 23 d\u00e9cembre 2022"},"content":{"rendered":"\n<h2 class=\"is-style-paragraph-special-1 wp-block-heading\"><strong>L&rsquo;ann\u00e9e 2022 se termine.<\/strong><\/h2>\n\n\n\n<p><strong>bocaux&amp;co a peu communiqu\u00e9 depuis septembre mais n\u2019a pas ch\u00f4m\u00e9 pour autant \ud83d\ude09<\/strong><\/p>\n\n\n\n<p>L\u2019association a continu\u00e9 \u00e0 assurer le circuit de r\u00e9emploi tel qu\u2019initi\u00e9 dans la phase d\u2019exp\u00e9rimentation&nbsp;: en cette fin d\u2019ann\u00e9e, nous d\u00e9passons les <strong>10 tonnes de bocaux collect\u00e9s<\/strong> (soit plus de 45 000 bocaux). Une goutte d\u2019eau bien s\u00fbr par rapport au gisement existant sur la m\u00e9tropole dijonnaise (estim\u00e9 \u00e0 3 000 tonnes par an) mais qui apporte expertise et cr\u00e9dibilit\u00e9 au projet et ouvre des horizons enthousiasmants pour la suite.<\/p>\n\n\n\n<h3 class=\"wp-block-heading\"><strong>bocaux&amp;co a poursuivi et intensifi\u00e9 ses activit\u00e9s :<\/strong><\/h3>\n\n\n\n<ul class=\"wp-block-list\">\n<li>vente\/location&nbsp;: au total, plus de <strong>15&nbsp;000 bocaux<\/strong> ont pu \u00eatre r\u00e9employ\u00e9s, tr\u00e8s majoritairement par des professionnels locaux qui font de la transformation et\/ou des conserves.<\/li>\n\n\n\n<li>consigne pour la vente \u00e0 emporter : un circuit mutualis\u00e9 de consigne pour les <strong>plats \u00e0 emporter et les livraisons \u00e0 domicile en 0 d\u00e9chet <\/strong>a \u00e9t\u00e9 mis en \u0153uvre \u00e0 partir d\u2019octobre, en partenariat avec la Menuiserie, Ciboulette, la Vie Saine et A2Roo.<\/li>\n\n\n\n<li>animation&nbsp;: <strong>l\u2019offre d\u2019ateliers autour de l\u2019usage des bocaux s\u2019est d\u00e9velopp\u00e9e<\/strong>, en direction de publics diff\u00e9rents (enfants, personnes en pr\u00e9carit\u00e9s, grand public\u2026).<\/li>\n<\/ul>\n\n\n\n<figure class=\"wp-block-image size-large\"><img decoding=\"async\" width=\"1024\" height=\"341\" src=\"https:\/\/www.studio.eklozia.fr\/bocauxco\/wp-content\/uploads\/2022\/12\/activites-1024x341.png\" alt=\"\" class=\"wp-image-32038\" srcset=\"https:\/\/www.studio.eklozia.fr\/bocauxco\/wp-content\/uploads\/2022\/12\/activites-980x327.png 980w, https:\/\/www.studio.eklozia.fr\/bocauxco\/wp-content\/uploads\/2022\/12\/activites-480x160.png 480w\" sizes=\"(min-width: 0px) and (max-width: 480px) 480px, (min-width: 481px) and (max-width: 980px) 980px, (min-width: 981px) 1024px, 100vw\" \/><\/figure>\n\n\n\n<p>En parall\u00e8le, bocaux&amp;co a compil\u00e9 et analys\u00e9 les donn\u00e9es issues de l\u2019observation de la phase exp\u00e9rimentale (septembre 2021-ao\u00fbt 2022).<\/p>\n\n\n\n<p><strong>Dans les conditions artisanales du circuit de r\u00e9emploi mis en \u0153uvre, l\u2019\u00e9tude pose quelques rep\u00e8res&nbsp;:<\/strong><\/p>\n\n\n\n<ul class=\"wp-block-list\">\n<li>taux de r\u00e9emploi : 28 % (bocaux collect\u00e9s \/ bocaux r\u00e9employ\u00e9s)<\/li>\n\n\n\n<li>faisabilit\u00e9 du r\u00e9emploi&nbsp;: possible sans investissements lourds<\/li>\n\n\n\n<li>impact environnemental&nbsp;: 17 fois moins d\u2019impact environnemental que le neuf (hors phase de recyclage)<\/li>\n\n\n\n<li>impact soci\u00e9tal&nbsp;: le r\u00e9emploi favorise le geste de tri et contribue \u00e0 la r\u00e9duction des d\u00e9penses li\u00e9es \u00e0 la gestion des d\u00e9chets<\/li>\n\n\n\n<li>co\u00fbt du process&nbsp;: 0,79 \u20ac \/ bocal r\u00e9employ\u00e9<\/li>\n<\/ul>\n\n\n\n<h3 class=\"wp-block-heading\"><strong>&#8230; et 2023 s&rsquo;annonce riche et dense<\/strong><\/h3>\n\n\n\n<p>L\u2019enjeu de cette nouvelle ann\u00e9e est bien s\u00fbr&nbsp;<strong>la p\u00e9rennit\u00e9 du projet,<\/strong>&nbsp;li\u00e9e au d\u00e9veloppement \u00e0 plus grande \u00e9chelle sur la m\u00e9tropole dijonnaise et \u00e0 la d\u00e9finition&nbsp;<strong>d\u2019un mod\u00e8le \u00e9conomique durable.<\/strong><\/p>\n\n\n\n<p>Gr\u00e2ce au soutien&nbsp;<strong>d\u2019acteurs institutionnels<\/strong>, bocaux&amp;co va explorer d\u2019autres modalit\u00e9s pour penser autrement le r\u00e9emploi, afin de gagner en efficacit\u00e9 (augmenter le taux de r\u00e9emploi via une collecte plus s\u00e9lective et une professionnalisation du process) mais aussi et surtout en reconsid\u00e9rant la valeur du r\u00e9emploi et toutes ses cons\u00e9quences positives&nbsp;:&nbsp;<strong>bocaux&amp;co n\u2019est pas un vendeur de bocaux comme les autres puisque son activit\u00e9 r\u00e9duit notre impact environnemental et cr\u00e9e de la richesse locale.<\/strong><\/p>\n\n\n\n<p>C\u2019est en adoptant une&nbsp;<strong>trajectoire d\u2019\u00e9conomie de la fonctionnalit\u00e9 et de la coop\u00e9ration<\/strong>&nbsp;que 2023 va permettre de trouver les cl\u00e9s pour p\u00e9renniser bocaux&amp;co, avec l\u2019ensemble des acteurs&nbsp;: citoyens, professionnels, collectivit\u00e9s.<\/p>\n\n\n\n<p>Un projet, c\u2019est un \u00e9cosyst\u00e8me, compos\u00e9 de personnes. Catherine &amp; Nadeige,&nbsp;<strong>les 2 porteuses de projet bocaux&amp;co, tiennent \u00e0 remercier celles et ceux sans qui rien ne serait possible<\/strong>, avec un signe particulier \u00e0 Ahmed, Antoine, Anselm, Carole, C\u00e9cile, Christine, Dani\u00e8le, Dominique, Emilie, Eva, Fr\u00e9d\u00e9ric, Fr\u00e9d\u00e9rique, Fran\u00e7oise, Genevi\u00e8ve, Gonzague, Jean-Philippe, Lauriane, Marie-Odile, Mathilde, Matthias, Olivier, Patricia, St\u00e9phane, Thibault, Valentin, Xavier, Yamna\u2026 et bien d\u2019autres.<\/p>\n\n\n\n<p><strong>bocaux&amp;co prend quelques jours de repos avant de red\u00e9marrer son activit\u00e9 \u00e0 partir du 3 janvier, avec un enthousiasme intact.<\/strong><\/p>\n\n\n\n<p><strong>belle fin d\u2019ann\u00e9es \u00e0 tou.te.s et au plaisir de poursuivre l\u2019aventure ensemble&nbsp;!<\/strong><\/p>\n\n\n\n\n","protected":false},"excerpt":{"rendered":"<p>L&rsquo;ann\u00e9e 2022 se termine. bocaux&amp;co a peu communiqu\u00e9 depuis septembre mais n\u2019a pas ch\u00f4m\u00e9 pour autant \ud83d\ude09 L\u2019association a continu\u00e9 \u00e0 assurer le circuit de r\u00e9emploi tel qu\u2019initi\u00e9 dans la phase d\u2019exp\u00e9rimentation&nbsp;: en cette fin d\u2019ann\u00e9e, nous d\u00e9passons les 10 tonnes de bocaux collect\u00e9s (soit plus de 45 000 bocaux). Une goutte d\u2019eau bien s\u00fbr par rapport au gisement existant sur la m\u00e9tropole dijonnaise (estim\u00e9 \u00e0 3 000 tonnes par an) mais qui apporte expertise et cr\u00e9dibilit\u00e9 au projet et ouvre des horizons enthousiasmants pour la suite. bocaux&amp;co a poursuivi et intensifi\u00e9 ses activit\u00e9s : vente\/location&nbsp;: au total, plus de 15&nbsp;000 bocaux ont pu \u00eatre r\u00e9employ\u00e9s, tr\u00e8s majoritairement par des professionnels locaux qui font de la transformation et\/ou des conserves. consigne pour la vente \u00e0 emporter : un circuit mutualis\u00e9 de consigne pour les plats \u00e0 emporter et les livraisons \u00e0 domicile en 0 d\u00e9chet a \u00e9t\u00e9 mis en \u0153uvre \u00e0 partir d\u2019octobre, en partenariat avec la Menuiserie, Ciboulette, la Vie Saine et A2Roo. animation&nbsp;: l\u2019offre d\u2019ateliers autour de l\u2019usage des bocaux s\u2019est d\u00e9velopp\u00e9e, en direction de publics diff\u00e9rents (enfants, personnes en pr\u00e9carit\u00e9s, grand public\u2026). En parall\u00e8le, bocaux&amp;co a compil\u00e9 et analys\u00e9 les donn\u00e9es issues de l\u2019observation de la phase [&hellip;]<\/p>\n","protected":false},"author":1,"featured_media":32040,"comment_status":"closed","ping_status":"open","sticky":false,"template":"","format":"standard","meta":{"_et_pb_use_builder":"on","_et_pb_old_content":"","_et_gb_content_width":"","footnotes":""},"categories":[36],"tags":[],"class_list":["post-32037","post","type-post","status-publish","format-standard","has-post-thumbnail","hentry","category-infolettre"],"_links":{"self":[{"href":"https:\/\/www.studio.eklozia.fr\/bocauxco\/wp-json\/wp\/v2\/posts\/32037","targetHints":{"allow":["GET"]}}],"collection":[{"href":"https:\/\/www.studio.eklozia.fr\/bocauxco\/wp-json\/wp\/v2\/posts"}],"about":[{"href":"https:\/\/www.studio.eklozia.fr\/bocauxco\/wp-json\/wp\/v2\/types\/post"}],"author":[{"embeddable":true,"href":"https:\/\/www.studio.eklozia.fr\/bocauxco\/wp-json\/wp\/v2\/users\/1"}],"replies":[{"embeddable":true,"href":"https:\/\/www.studio.eklozia.fr\/bocauxco\/wp-json\/wp\/v2\/comments?post=32037"}],"version-history":[{"count":0,"href":"https:\/\/www.studio.eklozia.fr\/bocauxco\/wp-json\/wp\/v2\/posts\/32037\/revisions"}],"wp:featuredmedia":[{"embeddable":true,"href":"https:\/\/www.studio.eklozia.fr\/bocauxco\/wp-json\/wp\/v2\/media\/32040"}],"wp:attachment":[{"href":"https:\/\/www.studio.eklozia.fr\/bocauxco\/wp-json\/wp\/v2\/media?parent=32037"}],"wp:term":[{"taxonomy":"category","embeddable":true,"href":"https:\/\/www.studio.eklozia.fr\/bocauxco\/wp-json\/wp\/v2\/categories?post=32037"},{"taxonomy":"post_tag","embeddable":true,"href":"https:\/\/www.studio.eklozia.fr\/bocauxco\/wp-json\/wp\/v2\/tags?post=32037"}],"curies":[{"name":"wp","href":"https:\/\/api.w.org\/{rel}","templated":true}]}}