{"id":32104,"date":"2022-10-15T10:00:08","date_gmt":"2022-10-15T08:00:08","guid":{"rendered":"https:\/\/bocaux-and-co.fr\/?p=32104"},"modified":"2022-10-15T10:00:08","modified_gmt":"2022-10-15T08:00:08","slug":"evenement-ramene-ta-pomme-samedi-15-octobre-2022","status":"publish","type":"post","link":"https:\/\/www.studio.eklozia.fr\/bocauxco\/evenement-ramene-ta-pomme-samedi-15-octobre-2022\/","title":{"rendered":"[ Ev\u00e9nement ] Ram\u00e8ne ta pomme &#8211; samedi 15 octobre 2022"},"content":{"rendered":"\n<h2 class=\"has-vivid-purple-color has-text-color wp-block-heading\"><mark style=\"background-color:rgba(0, 0, 0, 0)\" class=\"has-inline-color has-ast-global-color-2-color\">bocaux&amp;co a particip\u00e9 \u00e0 la 5\u00e8me \u00e9dition de l&rsquo;\u00e9v\u00e9nement \u00ab\u00a0Ram\u00e8ne ta pomme\u00a0\u00bb<\/mark><\/h2>\n\n\n\n<p>Le Centre Permanent d&rsquo;Initiatives pour l&rsquo;Environnement (CPIE) Pays de Bourgogne organisait le 15 octobre \u00ab\u00a0Ram\u00e8ne ta pomme\u00a0\u00bb : un pressoir mobile \u00e9tait accueillie pour la journ\u00e9e, permettant aux citoyens d&rsquo;apporter leurs pommes et repartir avec\u2026 du jus de pomme ! <\/p>\n\n\n\n<p>A cette occasion de nombreuses activit\u00e9s ont \u00e9t\u00e9 organis\u00e9es telles que accrobranche, cin\u00e9 d\u00e9bat et bien d&rsquo;autres encore\u2026 <strong>bocaux&amp;co<\/strong> a \u00e9t\u00e9 heureux d&rsquo;animer un <strong>atelier bocaux cr\u00e9atifs<\/strong> et vous avez \u00e9t\u00e9 nombreux \u00e0 r\u00e9pondre \u00e0 l&rsquo;invitation !<\/p>\n\n\n\n<p><strong>Un grand <mark style=\"background-color:rgba(0, 0, 0, 0)\" class=\"has-inline-color has-ast-global-color-2-color\">merci<\/mark><mark style=\"background-color:rgba(0, 0, 0, 0)\" class=\"has-inline-color has-ast-global-color-0-color\"> <\/mark><\/strong>\u00e0 tous les participants pour avoir jou\u00e9 le jeu et cr\u00e9\u00e9 de magnifiques bocaux \ud83d\ude00<\/p>\n\n\n\n<p><strong>Merci <\/strong>au CPIE Pays de Bourgogne pour l&rsquo;organisation de cet \u00e9v\u00e9nement sensationnel \ud83c\udf4e<\/p>\n\n\n\n<div class=\"wp-block-uagb-container uagb-block-69624c96 alignfull uagb-is-root-container\"><div class=\"uagb-container-inner-blocks-wrap\">\n<div class=\"wp-block-media-text alignwide is-stacked-on-mobile\"><figure class=\"wp-block-media-text__media\"><video controls src=\"https:\/\/www.studio.eklozia.fr\/bocauxco\/wp-content\/uploads\/2022\/10\/vid-20230315-wa0010.mp4\"><\/video><\/figure><div class=\"wp-block-media-text__content\">\n<p><\/p>\n<\/div><\/div>\n<\/div><\/div>\n\n\n","protected":false},"excerpt":{"rendered":"<p>bocaux&amp;co a particip\u00e9 \u00e0 la 5\u00e8me \u00e9dition de l&rsquo;\u00e9v\u00e9nement \u00ab\u00a0Ram\u00e8ne ta pomme\u00a0\u00bb Le Centre Permanent d&rsquo;Initiatives pour l&rsquo;Environnement (CPIE) Pays de Bourgogne organisait le 15 octobre \u00ab\u00a0Ram\u00e8ne ta pomme\u00a0\u00bb : un pressoir mobile \u00e9tait accueillie pour la journ\u00e9e, permettant aux citoyens d&rsquo;apporter leurs pommes et repartir avec\u2026 du jus de pomme ! A cette occasion [&hellip;]<\/p>\n","protected":false},"author":1,"featured_media":32305,"comment_status":"open","ping_status":"open","sticky":false,"template":"","format":"standard","meta":{"_et_pb_use_builder":"","_et_pb_old_content":"","_et_gb_content_width":"","footnotes":""},"categories":[38],"tags":[],"class_list":["post-32104","post","type-post","status-publish","format-standard","has-post-thumbnail","hentry","category-evenements"],"_links":{"self":[{"href":"https:\/\/www.studio.eklozia.fr\/bocauxco\/wp-json\/wp\/v2\/posts\/32104","targetHints":{"allow":["GET"]}}],"collection":[{"href":"https:\/\/www.studio.eklozia.fr\/bocauxco\/wp-json\/wp\/v2\/posts"}],"about":[{"href":"https:\/\/www.studio.eklozia.fr\/bocauxco\/wp-json\/wp\/v2\/types\/post"}],"author":[{"embeddable":true,"href":"https:\/\/www.studio.eklozia.fr\/bocauxco\/wp-json\/wp\/v2\/users\/1"}],"replies":[{"embeddable":true,"href":"https:\/\/www.studio.eklozia.fr\/bocauxco\/wp-json\/wp\/v2\/comments?post=32104"}],"version-history":[{"count":0,"href":"https:\/\/www.studio.eklozia.fr\/bocauxco\/wp-json\/wp\/v2\/posts\/32104\/revisions"}],"wp:featuredmedia":[{"embeddable":true,"href":"https:\/\/www.studio.eklozia.fr\/bocauxco\/wp-json\/wp\/v2\/media\/32305"}],"wp:attachment":[{"href":"https:\/\/www.studio.eklozia.fr\/bocauxco\/wp-json\/wp\/v2\/media?parent=32104"}],"wp:term":[{"taxonomy":"category","embeddable":true,"href":"https:\/\/www.studio.eklozia.fr\/bocauxco\/wp-json\/wp\/v2\/categories?post=32104"},{"taxonomy":"post_tag","embeddable":true,"href":"https:\/\/www.studio.eklozia.fr\/bocauxco\/wp-json\/wp\/v2\/tags?post=32104"}],"curies":[{"name":"wp","href":"https:\/\/api.w.org\/{rel}","templated":true}]}}