{"id":32132,"date":"2022-09-17T11:19:56","date_gmt":"2022-09-17T09:19:56","guid":{"rendered":"https:\/\/bocaux-and-co.fr\/?p=32132"},"modified":"2022-09-17T11:19:56","modified_gmt":"2022-09-17T09:19:56","slug":"evenement-grand-marche-bio-de-quetigny-samedi-17-septembre-2022","status":"publish","type":"post","link":"https:\/\/www.studio.eklozia.fr\/bocauxco\/evenement-grand-marche-bio-de-quetigny-samedi-17-septembre-2022\/","title":{"rendered":"[ Ev\u00e9nement ] Grand march\u00e9 bio de Qu\u00e9tigny &#8211; samedi 17 septembre 2022"},"content":{"rendered":"\n<h2 class=\"has-ast-global-color-2-color has-text-color wp-block-heading\">Deuxi\u00e8me participation de bocaux&amp;co au Grand march\u00e9 bio de Quetigny<\/h2>\n\n\n\n<p>C&rsquo;est \u00e0 la place Centrale Roger R\u00e9mond de Quetigny que la septi\u00e8me \u00e9dition du <strong><mark style=\"background-color:rgba(0, 0, 0, 0)\" class=\"has-inline-color has-ast-global-color-1-color\">Grand March\u00e9 bio <\/mark><\/strong>\ud83e\uddfa s&rsquo;est d\u00e9roul\u00e9e. Pr\u00e8s de 90 exposants, commer\u00e7ants labellis\u00e9s ou associations \u00e0 vocation environnementale ou sociale, ont eu le plaisir de vous accueillir. Une occasion parfaite pour d\u00e9couvrir exposants bio et projets engag\u00e9s.<\/p>\n\n\n\n<p><strong>bocaux&amp;co<\/strong> a tenu un stand pour la 2\u00e8me ann\u00e9e : une belle occasion pour faire le point sur l&rsquo;\u00e9volution de notre association, \u00e9changer et d\u00e9couvrir de nouvelles initiatives. Nous avons eu la joie de retrouver 4 des <strong>29<\/strong> pros qui ont d\u00e9j\u00e0 embarqu\u00e9 dans l&rsquo;aventure du r\u00e9emploi : Ciboulette, Bocaux d&rsquo;amour, La Note du Colibri et la Vie Saine \ud83d\ude01<\/p>\n\n\n","protected":false},"excerpt":{"rendered":"<p>Deuxi\u00e8me participation de bocaux&amp;co au Grand march\u00e9 bio de Quetigny C&rsquo;est \u00e0 la place Centrale Roger R\u00e9mond de Quetigny que la septi\u00e8me \u00e9dition du Grand March\u00e9 bio \ud83e\uddfa s&rsquo;est d\u00e9roul\u00e9e. Pr\u00e8s de 90 exposants, commer\u00e7ants labellis\u00e9s ou associations \u00e0 vocation environnementale ou sociale, ont eu le plaisir de vous accueillir. Une occasion parfaite pour d\u00e9couvrir [&hellip;]<\/p>\n","protected":false},"author":1,"featured_media":32138,"comment_status":"open","ping_status":"open","sticky":false,"template":"","format":"standard","meta":{"_et_pb_use_builder":"","_et_pb_old_content":"","_et_gb_content_width":"","footnotes":""},"categories":[38],"tags":[],"class_list":["post-32132","post","type-post","status-publish","format-standard","has-post-thumbnail","hentry","category-evenements"],"_links":{"self":[{"href":"https:\/\/www.studio.eklozia.fr\/bocauxco\/wp-json\/wp\/v2\/posts\/32132","targetHints":{"allow":["GET"]}}],"collection":[{"href":"https:\/\/www.studio.eklozia.fr\/bocauxco\/wp-json\/wp\/v2\/posts"}],"about":[{"href":"https:\/\/www.studio.eklozia.fr\/bocauxco\/wp-json\/wp\/v2\/types\/post"}],"author":[{"embeddable":true,"href":"https:\/\/www.studio.eklozia.fr\/bocauxco\/wp-json\/wp\/v2\/users\/1"}],"replies":[{"embeddable":true,"href":"https:\/\/www.studio.eklozia.fr\/bocauxco\/wp-json\/wp\/v2\/comments?post=32132"}],"version-history":[{"count":0,"href":"https:\/\/www.studio.eklozia.fr\/bocauxco\/wp-json\/wp\/v2\/posts\/32132\/revisions"}],"wp:featuredmedia":[{"embeddable":true,"href":"https:\/\/www.studio.eklozia.fr\/bocauxco\/wp-json\/wp\/v2\/media\/32138"}],"wp:attachment":[{"href":"https:\/\/www.studio.eklozia.fr\/bocauxco\/wp-json\/wp\/v2\/media?parent=32132"}],"wp:term":[{"taxonomy":"category","embeddable":true,"href":"https:\/\/www.studio.eklozia.fr\/bocauxco\/wp-json\/wp\/v2\/categories?post=32132"},{"taxonomy":"post_tag","embeddable":true,"href":"https:\/\/www.studio.eklozia.fr\/bocauxco\/wp-json\/wp\/v2\/tags?post=32132"}],"curies":[{"name":"wp","href":"https:\/\/api.w.org\/{rel}","templated":true}]}}