{"id":32143,"date":"2022-10-01T10:00:46","date_gmt":"2022-10-01T08:00:46","guid":{"rendered":"https:\/\/bocaux-and-co.fr\/?p=32143"},"modified":"2022-10-01T10:00:46","modified_gmt":"2022-10-01T08:00:46","slug":"evenement-court-circuit-21-a-fete-ses-3-ans-%f0%9f%8e%82-samedi-1er-octobre-2022","status":"publish","type":"post","link":"https:\/\/www.studio.eklozia.fr\/bocauxco\/evenement-court-circuit-21-a-fete-ses-3-ans-%f0%9f%8e%82-samedi-1er-octobre-2022\/","title":{"rendered":"[ Ev\u00e9nement ] Court Circuit 21 \u00e0 f\u00eat\u00e9 ses 3 ans ! \ud83c\udf82 &#8211;  samedi 1er octobre 2022"},"content":{"rendered":"\n<h2 class=\"has-vivid-purple-color has-text-color wp-block-heading\"><mark style=\"background-color:rgba(0, 0, 0, 0)\" class=\"has-inline-color has-ast-global-color-2-color\">Journ\u00e9es portes ouvertes de Court Circuit 21<\/mark><\/h2>\n\n\n\n<p>La premi\u00e8re <mark style=\"background-color:rgba(0, 0, 0, 0)\" class=\"has-inline-color has-ast-global-color-1-color\"><strong>\u00e9picerie collaborative<\/strong><\/mark> de l&rsquo;agglom\u00e9ration dijonnaise a d\u00e9j\u00e0 <strong>3<\/strong> ans !<\/p>\n\n\n\n<p>Partenaire de <strong>bocaux&amp;co<\/strong> depuis son lancement, <strong>Court Circuit 21<\/strong> c\u00e9l\u00e9brait cet anniversaire ce 1er octobre. Un moment parfait pour \u00e9changer sur nos sujets de pr\u00e9dilection : les <strong>circuits courts et le r\u00e9emploi des contenants en verre<\/strong> <img decoding=\"async\" width=\"16\" height=\"16\" src=\"https:\/\/static.xx.fbcdn.net\/images\/emoji.php\/v9\/t4f\/1\/16\/1f601.png\" alt=\"\ud83d\ude01\"><\/p>\n\n\n\n<p>Au 23 rue de la Justice \u00e0 Chen\u00f4ve, les \u00e9changes ont \u00e9t\u00e9 enrichissants, dans une ambiance festive, ludique, culinaire et musicale. Le premier <mark>magasin participatif <\/mark>de l&rsquo;agglom\u00e9ration Dijonnaise nous a propos\u00e9 ce beau programme en mettant \u00e0 l&rsquo;honneur des produits <strong>frais, locaux et majoritairement bio.<\/strong><\/p>\n\n\n\n<p>Alors un joyeux troisi\u00e8me anniversaire \u00e0 Court Circuit 21 qui nous permet de nous r\u00e9-approprier nos choix de consommation <img decoding=\"async\" width=\"16\" height=\"16\" src=\"https:\/\/static.xx.fbcdn.net\/images\/emoji.php\/v9\/t7f\/1\/16\/1f60a.png\" alt=\"\ud83d\ude0a\"><\/p>\n\n\n\n<p class=\"has-text-align-center\">N&rsquo;h\u00e9sitez pas \u00e0 aller visiter leur site internet<\/p>\n\n\n\n<div class=\"wp-block-uagb-buttons uagb-buttons__outer-wrap uagb-btn__default-btn uagb-btn-tablet__default-btn uagb-btn-mobile__default-btn uagb-block-6b3766b1\"><div class=\"uagb-buttons__wrap uagb-buttons-layout-wrap\">\n<div class=\"wp-block-uagb-buttons-child uagb-buttons__outer-wrap uagb-block-5b6ffdf2 wp-block-button\"><div class=\"uagb-button__wrapper\"><a class=\"uagb-buttons-repeater wp-block-button__link\" href=\"http:\/\/courtcircuit21.org\/\" onclick=\"return true;\" rel=\"follow noopener nofollow\" target=\"_self\"><div class=\"uagb-button__link\">circuit court 21<\/div><\/a><\/div><\/div>\n<\/div><\/div>\n\n\n\n<p><\/p>\n\n\n\n<figure class=\"wp-block-image size-large\"><img decoding=\"async\" width=\"819\" height=\"1024\" src=\"https:\/\/www.studio.eklozia.fr\/bocauxco\/wp-content\/uploads\/2023\/03\/court-circuit-819x1024.jpg\" alt=\"\" class=\"wp-image-32145\"\/><\/figure>\n\n\n","protected":false},"excerpt":{"rendered":"<p>Journ\u00e9es portes ouvertes de Court Circuit 21 La premi\u00e8re \u00e9picerie collaborative de l&rsquo;agglom\u00e9ration dijonnaise a d\u00e9j\u00e0 3 ans ! Partenaire de bocaux&amp;co depuis son lancement, Court Circuit 21 c\u00e9l\u00e9brait cet anniversaire ce 1er octobre. Un moment parfait pour \u00e9changer sur nos sujets de pr\u00e9dilection : les circuits courts et le r\u00e9emploi des contenants en verre [&hellip;]<\/p>\n","protected":false},"author":1,"featured_media":32295,"comment_status":"open","ping_status":"open","sticky":false,"template":"","format":"standard","meta":{"_et_pb_use_builder":"","_et_pb_old_content":"","_et_gb_content_width":"","footnotes":""},"categories":[38],"tags":[],"class_list":["post-32143","post","type-post","status-publish","format-standard","has-post-thumbnail","hentry","category-evenements"],"_links":{"self":[{"href":"https:\/\/www.studio.eklozia.fr\/bocauxco\/wp-json\/wp\/v2\/posts\/32143","targetHints":{"allow":["GET"]}}],"collection":[{"href":"https:\/\/www.studio.eklozia.fr\/bocauxco\/wp-json\/wp\/v2\/posts"}],"about":[{"href":"https:\/\/www.studio.eklozia.fr\/bocauxco\/wp-json\/wp\/v2\/types\/post"}],"author":[{"embeddable":true,"href":"https:\/\/www.studio.eklozia.fr\/bocauxco\/wp-json\/wp\/v2\/users\/1"}],"replies":[{"embeddable":true,"href":"https:\/\/www.studio.eklozia.fr\/bocauxco\/wp-json\/wp\/v2\/comments?post=32143"}],"version-history":[{"count":0,"href":"https:\/\/www.studio.eklozia.fr\/bocauxco\/wp-json\/wp\/v2\/posts\/32143\/revisions"}],"wp:featuredmedia":[{"embeddable":true,"href":"https:\/\/www.studio.eklozia.fr\/bocauxco\/wp-json\/wp\/v2\/media\/32295"}],"wp:attachment":[{"href":"https:\/\/www.studio.eklozia.fr\/bocauxco\/wp-json\/wp\/v2\/media?parent=32143"}],"wp:term":[{"taxonomy":"category","embeddable":true,"href":"https:\/\/www.studio.eklozia.fr\/bocauxco\/wp-json\/wp\/v2\/categories?post=32143"},{"taxonomy":"post_tag","embeddable":true,"href":"https:\/\/www.studio.eklozia.fr\/bocauxco\/wp-json\/wp\/v2\/tags?post=32143"}],"curies":[{"name":"wp","href":"https:\/\/api.w.org\/{rel}","templated":true}]}}