{"id":32154,"date":"2022-10-05T10:00:28","date_gmt":"2022-10-05T08:00:28","guid":{"rendered":"https:\/\/bocaux-and-co.fr\/?p=32154"},"modified":"2022-10-05T10:00:28","modified_gmt":"2022-10-05T08:00:28","slug":"evenement-participation-de-bocauxco-au-salon-agrilocal21-mercredi-5-octobre-2022","status":"publish","type":"post","link":"https:\/\/www.studio.eklozia.fr\/bocauxco\/evenement-participation-de-bocauxco-au-salon-agrilocal21-mercredi-5-octobre-2022\/","title":{"rendered":"[ Ev\u00e9nement ] Participation de bocaux&#038;co au salon Agrilocal21 &#8211; mercredi 5 octobre 2022"},"content":{"rendered":"\n<h2 class=\"has-ast-global-color-2-color has-text-color wp-block-heading\">Une opportunit\u00e9 unique pour r\u00e9fl\u00e9chir au mieux produire, au mieux consommer et au r\u00e9emploi.<\/h2>\n\n\n\n<p>Dans le cadre de sa politique de valorisation des fili\u00e8res locales, le Conseil d\u00e9partemental de C\u00f4te-d&rsquo;Or organisait le 5 octobre le salon Agrilocal21, lieu de rencontre entre professionnels de la restauration collective et producteurs locaux. Nous y avons particip\u00e9 dans le but d&rsquo;\u00e9changer et r\u00e9fl\u00e9chir \u00e0 la fa\u00e7on d&rsquo;introduire des contenants r\u00e9utilisables au sein des restaurations collectives\u2026 <\/p>\n\n\n\n<p>Encore une belle opportunit\u00e9 saisie par <strong>bocaux&amp;co<\/strong> pour parler de r\u00e9emploi avec les professionnels de la restauration et les producteurs locaux \ud83d\ude0a<\/p>\n\n\n\n<p>L&rsquo;objectif d&rsquo;Agrilocal21 est de maintenir l\u2019emploi local, l\u2019activit\u00e9 en milieu rural, les exploitations tout en d\u00e9veloppant les liens producteurs-consommateurs. autant de valeurs et d&rsquo;envies que nous partageons !<\/p>\n\n\n\n<figure class=\"wp-block-image size-medium\"><img decoding=\"async\" width=\"300\" height=\"75\" src=\"https:\/\/www.studio.eklozia.fr\/bocauxco\/wp-content\/uploads\/2023\/03\/agrilocal21_logo-300x75.jpg\" alt=\"\" class=\"wp-image-32160\"\/><\/figure>\n\n\n","protected":false},"excerpt":{"rendered":"<p>Une opportunit\u00e9 unique pour r\u00e9fl\u00e9chir au mieux produire, au mieux consommer et au r\u00e9emploi. Dans le cadre de sa politique de valorisation des fili\u00e8res locales, le Conseil d\u00e9partemental de C\u00f4te-d&rsquo;Or organisait le 5 octobre le salon Agrilocal21, lieu de rencontre entre professionnels de la restauration collective et producteurs locaux. Nous y avons particip\u00e9 dans le [&hellip;]<\/p>\n","protected":false},"author":1,"featured_media":32296,"comment_status":"open","ping_status":"open","sticky":false,"template":"","format":"standard","meta":{"_et_pb_use_builder":"","_et_pb_old_content":"","_et_gb_content_width":"","footnotes":""},"categories":[38],"tags":[],"class_list":["post-32154","post","type-post","status-publish","format-standard","has-post-thumbnail","hentry","category-evenements"],"_links":{"self":[{"href":"https:\/\/www.studio.eklozia.fr\/bocauxco\/wp-json\/wp\/v2\/posts\/32154","targetHints":{"allow":["GET"]}}],"collection":[{"href":"https:\/\/www.studio.eklozia.fr\/bocauxco\/wp-json\/wp\/v2\/posts"}],"about":[{"href":"https:\/\/www.studio.eklozia.fr\/bocauxco\/wp-json\/wp\/v2\/types\/post"}],"author":[{"embeddable":true,"href":"https:\/\/www.studio.eklozia.fr\/bocauxco\/wp-json\/wp\/v2\/users\/1"}],"replies":[{"embeddable":true,"href":"https:\/\/www.studio.eklozia.fr\/bocauxco\/wp-json\/wp\/v2\/comments?post=32154"}],"version-history":[{"count":0,"href":"https:\/\/www.studio.eklozia.fr\/bocauxco\/wp-json\/wp\/v2\/posts\/32154\/revisions"}],"wp:featuredmedia":[{"embeddable":true,"href":"https:\/\/www.studio.eklozia.fr\/bocauxco\/wp-json\/wp\/v2\/media\/32296"}],"wp:attachment":[{"href":"https:\/\/www.studio.eklozia.fr\/bocauxco\/wp-json\/wp\/v2\/media?parent=32154"}],"wp:term":[{"taxonomy":"category","embeddable":true,"href":"https:\/\/www.studio.eklozia.fr\/bocauxco\/wp-json\/wp\/v2\/categories?post=32154"},{"taxonomy":"post_tag","embeddable":true,"href":"https:\/\/www.studio.eklozia.fr\/bocauxco\/wp-json\/wp\/v2\/tags?post=32154"}],"curies":[{"name":"wp","href":"https:\/\/api.w.org\/{rel}","templated":true}]}}