{"id":32171,"date":"2023-01-21T15:13:25","date_gmt":"2023-01-21T14:13:25","guid":{"rendered":"https:\/\/bocaux-and-co.fr\/?p=32171"},"modified":"2023-01-21T15:13:25","modified_gmt":"2023-01-21T14:13:25","slug":"evenement-la-fresque-du-climat-dans-notre-boutique-atelier-samedi-21-janvier-2023","status":"publish","type":"post","link":"https:\/\/www.studio.eklozia.fr\/bocauxco\/evenement-la-fresque-du-climat-dans-notre-boutique-atelier-samedi-21-janvier-2023\/","title":{"rendered":"[ Ev\u00e9nement ] La Fresque du Climat dans notre boutique-atelier &#8211; samedi 21 janvier 2023"},"content":{"rendered":"\n<p>La<strong><mark style=\"background-color:rgba(0, 0, 0, 0)\" class=\"has-inline-color has-ast-global-color-1-color\"> fresque du climat Dijon<\/mark><\/strong> s&rsquo;est install\u00e9e ce 21 janvier dans notre boutique-atelier pour r\u00e9fl\u00e9chir ensemble \u00e0 l&rsquo;impact d&rsquo;une action locale  dans un contexte global. Une opportunit\u00e9 unique pour <strong>comprendre les grands enjeux climatiques<\/strong> avant de se questionner sur son mode de consommation. <\/p>\n\n\n\n<p>Merci \u00e0 nos b\u00e9n\u00e9voles <strong>Thibault<\/strong>, \u00ab\u00a0fresqueur\u00a0\u00bb et <strong>Fr\u00e9d\u00e9rique <\/strong>notre r\u00e9f\u00e9rente b\u00e9n\u00e9voles\ud83d\ude03\ud83d\ude03<\/p>\n\n\n\n<div class=\"wp-block-uagb-container uagb-block-8853e401 alignfull uagb-is-root-container\"><div class=\"uagb-container-inner-blocks-wrap\">\n<div class=\"wp-block-uagb-container uagb-block-924aca2e\">\n<figure class=\"wp-block-image size-large\"><img decoding=\"async\" width=\"768\" height=\"1024\" src=\"https:\/\/www.studio.eklozia.fr\/bocauxco\/wp-content\/uploads\/2023\/03\/img-20230315-wa0008-768x1024.jpg\" alt=\"\" class=\"wp-image-32396\"\/><\/figure>\n<\/div>\n\n\n\n<div class=\"wp-block-uagb-container uagb-block-5bf44c7b\">\n<figure class=\"wp-block-image size-large\"><img decoding=\"async\" width=\"768\" height=\"1024\" src=\"https:\/\/www.studio.eklozia.fr\/bocauxco\/wp-content\/uploads\/2023\/03\/fresque-du-climat1-2-768x1024.jpg\" alt=\"\" class=\"wp-image-32319\"\/><\/figure>\n<\/div>\n<\/div><\/div>\n\n\n","protected":false},"excerpt":{"rendered":"<p>La fresque du climat Dijon s&rsquo;est install\u00e9e ce 21 janvier dans notre boutique-atelier pour r\u00e9fl\u00e9chir ensemble \u00e0 l&rsquo;impact d&rsquo;une action locale dans un contexte global. Une opportunit\u00e9 unique pour comprendre les grands enjeux climatiques avant de se questionner sur son mode de consommation. Merci \u00e0 nos b\u00e9n\u00e9voles Thibault, \u00ab\u00a0fresqueur\u00a0\u00bb et Fr\u00e9d\u00e9rique notre r\u00e9f\u00e9rente b\u00e9n\u00e9voles\ud83d\ude03\ud83d\ude03<\/p>\n","protected":false},"author":1,"featured_media":32173,"comment_status":"open","ping_status":"open","sticky":false,"template":"","format":"standard","meta":{"_et_pb_use_builder":"","_et_pb_old_content":"","_et_gb_content_width":"","footnotes":""},"categories":[38],"tags":[],"class_list":["post-32171","post","type-post","status-publish","format-standard","has-post-thumbnail","hentry","category-evenements"],"_links":{"self":[{"href":"https:\/\/www.studio.eklozia.fr\/bocauxco\/wp-json\/wp\/v2\/posts\/32171","targetHints":{"allow":["GET"]}}],"collection":[{"href":"https:\/\/www.studio.eklozia.fr\/bocauxco\/wp-json\/wp\/v2\/posts"}],"about":[{"href":"https:\/\/www.studio.eklozia.fr\/bocauxco\/wp-json\/wp\/v2\/types\/post"}],"author":[{"embeddable":true,"href":"https:\/\/www.studio.eklozia.fr\/bocauxco\/wp-json\/wp\/v2\/users\/1"}],"replies":[{"embeddable":true,"href":"https:\/\/www.studio.eklozia.fr\/bocauxco\/wp-json\/wp\/v2\/comments?post=32171"}],"version-history":[{"count":0,"href":"https:\/\/www.studio.eklozia.fr\/bocauxco\/wp-json\/wp\/v2\/posts\/32171\/revisions"}],"wp:featuredmedia":[{"embeddable":true,"href":"https:\/\/www.studio.eklozia.fr\/bocauxco\/wp-json\/wp\/v2\/media\/32173"}],"wp:attachment":[{"href":"https:\/\/www.studio.eklozia.fr\/bocauxco\/wp-json\/wp\/v2\/media?parent=32171"}],"wp:term":[{"taxonomy":"category","embeddable":true,"href":"https:\/\/www.studio.eklozia.fr\/bocauxco\/wp-json\/wp\/v2\/categories?post=32171"},{"taxonomy":"post_tag","embeddable":true,"href":"https:\/\/www.studio.eklozia.fr\/bocauxco\/wp-json\/wp\/v2\/tags?post=32171"}],"curies":[{"name":"wp","href":"https:\/\/api.w.org\/{rel}","templated":true}]}}