{"id":32200,"date":"2023-03-14T10:19:56","date_gmt":"2023-03-14T09:19:56","guid":{"rendered":"https:\/\/bocaux-and-co.fr\/?p=32200"},"modified":"2023-03-14T10:19:56","modified_gmt":"2023-03-14T09:19:56","slug":"evenement-vyv-festival-les-9-10-et-11-juin-2023","status":"publish","type":"post","link":"https:\/\/www.studio.eklozia.fr\/bocauxco\/evenement-vyv-festival-les-9-10-et-11-juin-2023\/","title":{"rendered":"[ Ev\u00e9nement ] VYV festival les 9, 10 et 11 juin 2023"},"content":{"rendered":"\n<p>Pour la seconde ann\u00e9e, nous participons aux <strong>beaux jours solidaires<\/strong>\ud83d\ude04. Au c\u0153ur du parc naturel de la Combe \u00e0 la serpent se m\u00ealeront concerts avec tous types de musiques et exposition d&rsquo;initiatives sociales et solidaires.<\/p>\n\n\n\n<p>Les beaux jours solidaires c&rsquo;est l&rsquo;opportunit\u00e9 pour rencontrer plus de <strong>30 initiatives<\/strong> qui \u0153uvrent pour le mieux vivre, le mieux accompagner, le mieux manger\u2026 elles s\u2019inscrivent dans une dimension sociale, soci\u00e9tale, environnementale\u2026 et solidaire.<\/p>\n\n\n\n<p>Le temps d&rsquo;un week-end, venez faire le plein d&rsquo;exp\u00e9riences, de rencontres sociales et solidaires.<\/p>\n\n\n\n<p>Retrouvez nous au<mark style=\"background-color:rgba(0, 0, 0, 0)\" class=\"has-inline-color has-ast-global-color-2-color\"> <strong>Stand Z\u00e9ro D\u00e9chet<\/strong><\/mark> aux c\u00f4t\u00e9s <strong>d&rsquo;Imagin\u00e9on <\/strong>pour vous parler du r\u00e9emploi des contenants en verre et de la consigne \u00ab\u00a0ramenez-moi\u00a0\u00bb (syst\u00e8me de consigne pour la vente \u00e0 emporter d\u00e9ploy\u00e9e sur l&rsquo;agglom\u00e9ration dijonnaise).<\/p>\n\n\n\n<p><\/p>\n\n\n\n<figure class=\"wp-block-image aligncenter size-large is-resized\"><img decoding=\"async\" src=\"https:\/\/www.studio.eklozia.fr\/bocauxco\/wp-content\/uploads\/2023\/03\/20230110-affiche-a3-5b-_1_-724x1024.png\" alt=\"\" class=\"wp-image-32430\" width=\"362\" height=\"512\"\/><\/figure>\n\n\n","protected":false},"excerpt":{"rendered":"<p>Pour la seconde ann\u00e9e, nous participons aux beaux jours solidaires\ud83d\ude04. Au c\u0153ur du parc naturel de la Combe \u00e0 la serpent se m\u00ealeront concerts avec tous types de musiques et exposition d&rsquo;initiatives sociales et solidaires. Les beaux jours solidaires c&rsquo;est l&rsquo;opportunit\u00e9 pour rencontrer plus de 30 initiatives qui \u0153uvrent pour le mieux vivre, le mieux [&hellip;]<\/p>\n","protected":false},"author":1,"featured_media":32202,"comment_status":"open","ping_status":"open","sticky":false,"template":"","format":"standard","meta":{"_et_pb_use_builder":"","_et_pb_old_content":"","_et_gb_content_width":"","footnotes":""},"categories":[38],"tags":[],"class_list":["post-32200","post","type-post","status-publish","format-standard","has-post-thumbnail","hentry","category-evenements"],"_links":{"self":[{"href":"https:\/\/www.studio.eklozia.fr\/bocauxco\/wp-json\/wp\/v2\/posts\/32200","targetHints":{"allow":["GET"]}}],"collection":[{"href":"https:\/\/www.studio.eklozia.fr\/bocauxco\/wp-json\/wp\/v2\/posts"}],"about":[{"href":"https:\/\/www.studio.eklozia.fr\/bocauxco\/wp-json\/wp\/v2\/types\/post"}],"author":[{"embeddable":true,"href":"https:\/\/www.studio.eklozia.fr\/bocauxco\/wp-json\/wp\/v2\/users\/1"}],"replies":[{"embeddable":true,"href":"https:\/\/www.studio.eklozia.fr\/bocauxco\/wp-json\/wp\/v2\/comments?post=32200"}],"version-history":[{"count":0,"href":"https:\/\/www.studio.eklozia.fr\/bocauxco\/wp-json\/wp\/v2\/posts\/32200\/revisions"}],"wp:featuredmedia":[{"embeddable":true,"href":"https:\/\/www.studio.eklozia.fr\/bocauxco\/wp-json\/wp\/v2\/media\/32202"}],"wp:attachment":[{"href":"https:\/\/www.studio.eklozia.fr\/bocauxco\/wp-json\/wp\/v2\/media?parent=32200"}],"wp:term":[{"taxonomy":"category","embeddable":true,"href":"https:\/\/www.studio.eklozia.fr\/bocauxco\/wp-json\/wp\/v2\/categories?post=32200"},{"taxonomy":"post_tag","embeddable":true,"href":"https:\/\/www.studio.eklozia.fr\/bocauxco\/wp-json\/wp\/v2\/tags?post=32200"}],"curies":[{"name":"wp","href":"https:\/\/api.w.org\/{rel}","templated":true}]}}