{"id":32440,"date":"2023-03-16T09:30:23","date_gmt":"2023-03-16T08:30:23","guid":{"rendered":"https:\/\/bocaux-and-co.fr\/?p=32440"},"modified":"2023-03-16T09:30:23","modified_gmt":"2023-03-16T08:30:23","slug":"infolettre-n15-16-mars-2023","status":"publish","type":"post","link":"https:\/\/www.studio.eklozia.fr\/bocauxco\/infolettre-n15-16-mars-2023\/","title":{"rendered":"Infolettre n\u00b015 &#8211; 16 mars 2023"},"content":{"rendered":"\n<h2 class=\"is-style-paragraph-special-1 wp-block-heading\"><strong>depuis janvier \u2026<\/strong><\/h2>\n\n\n\n<p>Notre infolettre de d\u00e9cembre l\u2019annon\u00e7ait&nbsp;: l\u2019enjeu de 2023 est&nbsp;<strong>la p\u00e9rennit\u00e9 du projet,<\/strong>&nbsp;li\u00e9e au d\u00e9veloppement \u00e0 plus grande \u00e9chelle sur la m\u00e9tropole dijonnaise et \u00e0 la d\u00e9finition&nbsp;d\u2019un&nbsp;<strong>mod\u00e8le \u00e9conomique durable.<\/strong><\/p>\n\n\n\n<p>Aussi, ce d\u00e9but d\u2019ann\u00e9e a \u00e9t\u00e9 mis \u00e0 profit pour&nbsp;<strong>renforcer l\u2019organisation et les outils de travail de bocaux&amp;co<\/strong>, dans une optique de professionnalisation accrue&nbsp;: strat\u00e9gie, gestion financi\u00e8re, organisation salari\u00e9s\/b\u00e9n\u00e9voles\u2026<\/p>\n\n\n\n<div class=\"wp-block-columns is-layout-flex wp-container-core-columns-is-layout-9d6595d7 wp-block-columns-is-layout-flex\">\n<div class=\"wp-block-column is-layout-flow wp-block-column-is-layout-flow\">\n<figure class=\"wp-block-image size-large\"><img decoding=\"async\" width=\"724\" height=\"1024\" src=\"https:\/\/www.studio.eklozia.fr\/bocauxco\/wp-content\/uploads\/2023\/03\/visuels-3-724x1024.webp\" alt=\"\" class=\"wp-image-32528\"\/><\/figure>\n<\/div>\n\n\n\n<div class=\"wp-block-column is-layout-flow wp-block-column-is-layout-flow\">\n<p>Il a \u00e9galement permis de finaliser<strong><mark style=\"background-color:rgba(0, 0, 0, 0)\" class=\"has-inline-color has-ast-global-color-1-color\">&nbsp;l\u2019\u00e9tude sur le circuit exp\u00e9rimental de r\u00e9emploi des bocaux<\/mark>&nbsp;<\/strong>initi\u00e9 en 2021\/2022 par bocaux&amp;co. N\u2019h\u00e9sitez pas \u00e0 la lire la&nbsp;<strong>synth\u00e8se en 4 pages<\/strong>&nbsp;disponible&nbsp;<strong><a href=\"https:\/\/bocauxandco.statslive.info\/c\/6095226355\/eyJpdiI6Im9waVNLaTFcL0d2Rkc2V2I4cmswa3ZtaFZ5QjZUSVFwRlhEMmowZ0ZpS25RPSIsInZhbHVlIjoiODlaQ3R6aUNpN3d1aFh3dkhMc0tESWJyWDg3TnFZRXJ4NHlLd01VOTJtaz0iLCJtYWMiOiI3NTI2MTNjNjljMzhkZDQ1NDNmNTFlY2YxOTk5NWY2NDlmZjE4Y2Q4MzAyZWYzNmYxOTk1MjI1MTg3NGFiYWI2In0=\" target=\"_blank\" rel=\"noreferrer noopener nofollow\"><mark style=\"background-color:var(--ast-global-color-1)\" class=\"has-inline-color has-ast-global-color-4-color\">ici<\/mark><\/a><\/strong>. Cette \u00e9tude permet notamment de souligner que&nbsp;97,5 % des acheteurs de bocaux r\u00e9employ\u00e9s sont des professionnels (essentiellement conserveurs\/transformateurs), avec une douzaine de mod\u00e8les de pots prioritairement recherch\u00e9s. Des \u00e9l\u00e9ments qui vont permettre de&nbsp;<strong>modifier prochainement les modalit\u00e9s et le r\u00e9seau de collecte<\/strong>&nbsp;pour une plus grande efficience du circuit de r\u00e9emploi.<\/p>\n\n\n\n<figure class=\"wp-block-image size-large\"><img decoding=\"async\" src=\"https:\/\/bocaux-and-co.fr\/wp-content\/uploads\/2023\/03\/podium-1-1024x210.gif\" alt=\"\" class=\"wp-image-32519\"\/><\/figure>\n<\/div>\n<\/div>\n\n\n\n<p><\/p>\n\n\n\n<h3 class=\"wp-block-heading\"><strong><strong>bocaux&amp;co poursuit son activit\u00e9<\/strong><\/strong><\/h3>\n\n\n\n<p>L\u2019activit\u00e9 de valorisation se d\u00e9cline en 3 offres&nbsp;:<mark style=\"background-color:rgba(0, 0, 0, 0)\" class=\"has-inline-color has-ast-global-color-1-color\">&nbsp;<strong>vente\/location, consigne, animation.&nbsp;<\/strong><\/mark>Elle se d\u00e9veloppe au gr\u00e9 des rencontres qui permettent d\u2019identifier et conscientiser ce que produit bocaux&amp;co, en plus de bocaux r\u00e9employ\u00e9s.<\/p>\n\n\n\n<p>Elle s\u2019appuie sur le circuit de r\u00e9emploi. bocaux&amp;co continue donc \u00e0 collecter et trier (en partenariat avec Envie depuis plus d\u20191 an), traiter et conditionner (gr\u00e2ce notamment \u00e0 la participation enthousiaste et efficace de nos b\u00e9n\u00e9voles). Et l\u2019\u00e9cosyst\u00e8me de bocaux&amp;co se d\u00e9veloppe sur la m\u00e9tropole dijonnaise et au-del\u00e0&nbsp;: conserveurs\/traiteurs, distributeurs, partenaires\u2026&nbsp;<\/p>\n\n\n\n<p>Au 28&nbsp;<strong>f\u00e9vrier, bocaux&amp;co totalisait&nbsp; 51 143 bocaux collect\u00e9s soit 11.5 tonnes et 16 773 bocaux valoris\u00e9s soit 3.1 tonnes<\/strong>.<\/p>\n\n\n\n<figure class=\"wp-block-image size-large\"><img decoding=\"async\" width=\"1794\" height=\"475\" src=\"https:\/\/www.studio.eklozia.fr\/bocauxco\/wp-content\/uploads\/2023\/03\/1-1024x271.png\" alt=\"\" class=\"wp-image-32450\" srcset=\"https:\/\/www.studio.eklozia.fr\/bocauxco\/wp-content\/uploads\/2023\/03\/1-1024x271.png 1794w, https:\/\/www.studio.eklozia.fr\/bocauxco\/wp-content\/uploads\/2023\/03\/1-1280x339.png 1280w, https:\/\/www.studio.eklozia.fr\/bocauxco\/wp-content\/uploads\/2023\/03\/1-980x259.png 980w, https:\/\/www.studio.eklozia.fr\/bocauxco\/wp-content\/uploads\/2023\/03\/1-480x127.png 480w\" sizes=\"(min-width: 0px) and (max-width: 480px) 480px, (min-width: 481px) and (max-width: 980px) 980px, (min-width: 981px) and (max-width: 1280px) 1280px, (min-width: 1281px) 1794px, 100vw\" \/><\/figure>\n\n\n\n<p>bocaux&amp;co poursuit le d\u00e9veloppement de<strong><mark style=\"background-color:rgba(0, 0, 0, 0)\" class=\"has-inline-color has-ast-global-color-1-color\">&nbsp;\u00ab&nbsp;ramenez-moi&nbsp;\u00bb, consigne mutualis\u00e9e des contenants pour la vente \u00e0 emporter\/livrer<\/mark><\/strong>&nbsp;qui r\u00e9unit plusieurs restaurateurs\/traiteurs engag\u00e9s, L\u2019occasion notamment pour bocaux&amp;co de venir rencontrer les clients des acteurs d\u00e9j\u00e0 engag\u00e9s pour expliquer la d\u00e9marche.<\/p>\n\n\n\n<p><strong><mark style=\"background-color:rgba(0, 0, 0, 0)\" class=\"has-inline-color has-ast-global-color-1-color\">Autres occasions d\u2019\u00e9changes et de rencontres :&nbsp;<\/mark><\/strong>les animations propos\u00e9es sous diff\u00e9rentes formes pour des publics diff\u00e9rents. Plusieurs ateliers ont \u00e9t\u00e9 propos\u00e9s aux b\u00e9n\u00e9ficiaires d\u2019Episourire et Epimut, une fresque du climat a \u00e9t\u00e9 organis\u00e9e pour les adh\u00e9rent.e.s de bocaux&amp;co. Et plusieurs animations ont \u00e9t\u00e9 propos\u00e9es aux \u00e9l\u00e8ves des \u00e9coles du sud dijonnais autour du Miel de la Dijon M\u00e9tropole, dont la r\u00e9colte 2022 du quartier des Valendons a \u00e9t\u00e9 mise en pots\u2026 r\u00e9employ\u00e9s<\/p>\n\n\n\n<h3 class=\"wp-block-heading\"><strong><strong>rendez-vous fin mars pour un double temps fort<\/strong><\/strong><\/h3>\n\n\n\n<p><mark style=\"background-color:rgba(0, 0, 0, 0)\" class=\"has-inline-color has-ast-global-color-1-color\"><strong><span style=\"text-decoration: underline;\">Le 25 mars prochain<\/span>,\u00a0l\u2019association bocaux&amp;co soufflera ses 2 bougies. L\u2019occasion d\u2019organiser deux assembl\u00e9es g\u00e9n\u00e9rales<\/strong>\u00a0:<\/mark><\/p>\n\n\n\n<ul class=\"wp-block-list\">\n<li>l\u2019une \u00ab&nbsp;ordinaire&nbsp;\u00bb pour partager le chemin parcouru et envisager ensemble les perspectives,<\/li>\n\n\n\n<li>l\u2019autre \u00ab&nbsp;extraordinaire&nbsp;\u00bb pour toiletter les statuts de l\u2019association, \u00e9crits en mars 2021 en imaginant un projet l\u00e9g\u00e8rement diff\u00e9rent de ce qu\u2019il est aujourd\u2019hui.<\/li>\n<\/ul>\n\n\n\n<p>Les membres du conseil d\u2019administration et les salari\u00e9es seront heureux de partager avec les adh\u00e9rent.e.s de bocaux&amp;co ce moment certes un peu formel, mais surtout informatif, &nbsp;enthousiaste et bien s\u00fbr convivial.<\/p>\n\n\n\n<p><strong>Vous \u00eates adh\u00e9rent.e de bocaux&amp;co&nbsp;?&nbsp;<\/strong>Vous avez \u00e9t\u00e9 invit\u00e9.e le 7 mars par m\u00e9l \u00e0 participer \u00e0 ce temps fort. Si ce n\u2019est pas le cas, merci de nous le signaler&nbsp;:&nbsp;<a href=\"mailto:contact@bocaux-and-co.fr\" target=\"_blank\" rel=\"noreferrer noopener\"><strong><mark style=\"background-color:rgba(0, 0, 0, 0)\" class=\"has-inline-color has-ast-global-color-1-color\">contact@bocaux-and-co.fr<\/mark><\/strong><\/a><\/p>\n\n\n\n<p><strong>Vous n\u2019\u00eates pas encore adh\u00e9rent.e de bocaux&amp;co&nbsp;?&nbsp;<\/strong>N\u2019h\u00e9sitez pas \u00e0 franchir le pas, pour formaliser votre soutien \u00e0 bocaux&amp;co et contribuer au d\u00e9veloppement d\u2019une fili\u00e8re de r\u00e9emploi des contenants en verre \u00e0 Dijon et alentours&nbsp;:&nbsp;&nbsp;<a href=\"https:\/\/bocauxandco.statslive.info\/c\/6095225159\/eyJpdiI6IjlpZXdYbTlZeklwdU9GTCtrdzVCMFl4VDRpNHo4OFJzbXZESDNEMmxCZFk9IiwidmFsdWUiOiJ0emdHaXRmd2ZVYWR0c1pxOUtJekJVYktWTkJZSXZKOWxKQys1MnBYU25BPSIsIm1hYyI6IjFiMzUyYmIwMzAwMDRhNjYwZjA3NDE4YWE1ZDlhMDdhYmRjMmZjNmNhZTlhOWNiY2MyMmEwMTk5YWM5ODU3MGMifQ==\" target=\"_blank\" rel=\"noreferrer noopener nofollow\"><strong><mark style=\"background-color:rgba(0, 0, 0, 0)\" class=\"has-inline-color has-ast-global-color-1-color\">adh\u00e9sion 2023<\/mark><\/strong><\/a><\/p>\n\n\n\n<p><strong>Au plaisir de poursuivre l\u2019aventure ensemble&nbsp;!<\/strong><\/p>\n\n\n\n\n","protected":false},"excerpt":{"rendered":"<p>Notre infolettre de d\u00e9cembre l\u2019annon\u00e7ait : l\u2019enjeu de 2023 est la p\u00e9rennit\u00e9 du projet, li\u00e9e au d\u00e9veloppement \u00e0 plus grande \u00e9chelle sur la m\u00e9tropole dijonnaise et \u00e0 la d\u00e9finition d\u2019un mod\u00e8le \u00e9conomique durable.<\/p>\n<p>Aussi, ce d\u00e9but d\u2019ann\u00e9e a \u00e9t\u00e9 mis \u00e0 profit pour\u00a0renforcer l\u2019organisation et les outils de travail de bocaux&#038;co, dans une optique de professionnalisation accrue\u00a0: strat\u00e9gie, gestion financi\u00e8re, organisation salari\u00e9s\/b\u00e9n\u00e9voles\u2026<\/p>\n","protected":false},"author":1,"featured_media":32451,"comment_status":"closed","ping_status":"open","sticky":false,"template":"","format":"standard","meta":{"_et_pb_use_builder":"on","_et_pb_old_content":"","_et_gb_content_width":"","footnotes":""},"categories":[36],"tags":[],"class_list":["post-32440","post","type-post","status-publish","format-standard","has-post-thumbnail","hentry","category-infolettre"],"_links":{"self":[{"href":"https:\/\/www.studio.eklozia.fr\/bocauxco\/wp-json\/wp\/v2\/posts\/32440","targetHints":{"allow":["GET"]}}],"collection":[{"href":"https:\/\/www.studio.eklozia.fr\/bocauxco\/wp-json\/wp\/v2\/posts"}],"about":[{"href":"https:\/\/www.studio.eklozia.fr\/bocauxco\/wp-json\/wp\/v2\/types\/post"}],"author":[{"embeddable":true,"href":"https:\/\/www.studio.eklozia.fr\/bocauxco\/wp-json\/wp\/v2\/users\/1"}],"replies":[{"embeddable":true,"href":"https:\/\/www.studio.eklozia.fr\/bocauxco\/wp-json\/wp\/v2\/comments?post=32440"}],"version-history":[{"count":0,"href":"https:\/\/www.studio.eklozia.fr\/bocauxco\/wp-json\/wp\/v2\/posts\/32440\/revisions"}],"wp:featuredmedia":[{"embeddable":true,"href":"https:\/\/www.studio.eklozia.fr\/bocauxco\/wp-json\/wp\/v2\/media\/32451"}],"wp:attachment":[{"href":"https:\/\/www.studio.eklozia.fr\/bocauxco\/wp-json\/wp\/v2\/media?parent=32440"}],"wp:term":[{"taxonomy":"category","embeddable":true,"href":"https:\/\/www.studio.eklozia.fr\/bocauxco\/wp-json\/wp\/v2\/categories?post=32440"},{"taxonomy":"post_tag","embeddable":true,"href":"https:\/\/www.studio.eklozia.fr\/bocauxco\/wp-json\/wp\/v2\/tags?post=32440"}],"curies":[{"name":"wp","href":"https:\/\/api.w.org\/{rel}","templated":true}]}}