{"id":32533,"date":"2023-03-31T11:06:02","date_gmt":"2023-03-31T09:06:02","guid":{"rendered":"https:\/\/bocaux-and-co.fr\/?p=32533"},"modified":"2023-03-31T11:06:02","modified_gmt":"2023-03-31T09:06:02","slug":"article-le-journal-du-centre-31-mars-2023","status":"publish","type":"post","link":"https:\/\/www.studio.eklozia.fr\/bocauxco\/article-le-journal-du-centre-31-mars-2023\/","title":{"rendered":"[ article ] Le Journal du Centre &#8211; 31 mars 2023"},"content":{"rendered":"\n<p>bocaux&amp;co est mentionn\u00e9 dans <em>Le Journal du Centre<\/em> du 31 mars 2023 ! <\/p>\n\n\n\n<p>L&rsquo;article \u00ab\u00a0Recycler les contenants en verre\u00a0\u00bb parle d&rsquo;Amandine Goujon, \u00e9leveuse de brebis laiti\u00e8res \u00e0 Fragny et productrice de fromages : <em><mark style=\"background-color:rgba(0, 0, 0, 0)\" class=\"has-inline-color has-ast-global-color-2-color\">Les B\u00ea\u00ealles morvandelles<\/mark><\/em>. Elle r\u00e9emploie ses contenants en partie gr\u00e2ce \u00e0 <strong>bocaux&amp;co<\/strong>.<\/p>\n\n\n\n<p>L&rsquo;article complet est <a href=\"https:\/\/www.lejdc.fr\/villapourcon-58370\/actualites\/recycler-les-contenants-en-verre_14286878\/\" target=\"_blank\" rel=\"noreferrer noopener nofollow\"><mark style=\"background-color:rgba(0, 0, 0, 0)\" class=\"has-inline-color has-ast-global-color-2-color\">ici<\/mark><\/a>.<\/p>\n\n\n\n<figure class=\"wp-block-image size-full\"><img decoding=\"async\" width=\"684\" height=\"220\" src=\"https:\/\/www.studio.eklozia.fr\/bocauxco\/wp-content\/uploads\/2023\/04\/amandine_goujon-img1-1.png\" alt=\"\" class=\"wp-image-32538\" srcset=\"https:\/\/www.studio.eklozia.fr\/bocauxco\/wp-content\/uploads\/2023\/04\/amandine_goujon-img1-1.png 684w, https:\/\/www.studio.eklozia.fr\/bocauxco\/wp-content\/uploads\/2023\/04\/amandine_goujon-img1-1-480x154.png 480w\" sizes=\"(min-width: 0px) and (max-width: 480px) 480px, (min-width: 481px) 684px, 100vw\" \/><\/figure>\n\n\n\n<figure class=\"wp-block-image size-full is-resized\"><img decoding=\"async\" src=\"https:\/\/www.studio.eklozia.fr\/bocauxco\/wp-content\/uploads\/2023\/04\/amandine_goujon-img2.png\" alt=\"\" class=\"wp-image-32539\" width=\"677\" height=\"444\" srcset=\"https:\/\/www.studio.eklozia.fr\/bocauxco\/wp-content\/uploads\/2023\/04\/amandine_goujon-img2.png 677w, https:\/\/www.studio.eklozia.fr\/bocauxco\/wp-content\/uploads\/2023\/04\/amandine_goujon-img2-480x315.png 480w\" sizes=\"(min-width: 0px) and (max-width: 480px) 480px, (min-width: 481px) 677px, 100vw\" \/><\/figure>\n\n\n","protected":false},"excerpt":{"rendered":"<p>bocaux&amp;co est mentionn\u00e9 dans Le Journal du Centre du 31 mars 2023 ! L&rsquo;article \u00ab\u00a0Recycler les contenants en verre\u00a0\u00bb parle d&rsquo;Amandine Goujon, \u00e9leveuse de brebis laiti\u00e8res \u00e0 Fragny et productrice de fromages : Les B\u00ea\u00ealles morvandelles. Elle r\u00e9emploie ses contenants en partie gr\u00e2ce \u00e0 bocaux&amp;co. L&rsquo;article complet est ici.<\/p>\n","protected":false},"author":1,"featured_media":32535,"comment_status":"open","ping_status":"open","sticky":false,"template":"","format":"standard","meta":{"_et_pb_use_builder":"","_et_pb_old_content":"","_et_gb_content_width":"","footnotes":""},"categories":[37],"tags":[],"class_list":["post-32533","post","type-post","status-publish","format-standard","has-post-thumbnail","hentry","category-medias"],"_links":{"self":[{"href":"https:\/\/www.studio.eklozia.fr\/bocauxco\/wp-json\/wp\/v2\/posts\/32533","targetHints":{"allow":["GET"]}}],"collection":[{"href":"https:\/\/www.studio.eklozia.fr\/bocauxco\/wp-json\/wp\/v2\/posts"}],"about":[{"href":"https:\/\/www.studio.eklozia.fr\/bocauxco\/wp-json\/wp\/v2\/types\/post"}],"author":[{"embeddable":true,"href":"https:\/\/www.studio.eklozia.fr\/bocauxco\/wp-json\/wp\/v2\/users\/1"}],"replies":[{"embeddable":true,"href":"https:\/\/www.studio.eklozia.fr\/bocauxco\/wp-json\/wp\/v2\/comments?post=32533"}],"version-history":[{"count":0,"href":"https:\/\/www.studio.eklozia.fr\/bocauxco\/wp-json\/wp\/v2\/posts\/32533\/revisions"}],"wp:featuredmedia":[{"embeddable":true,"href":"https:\/\/www.studio.eklozia.fr\/bocauxco\/wp-json\/wp\/v2\/media\/32535"}],"wp:attachment":[{"href":"https:\/\/www.studio.eklozia.fr\/bocauxco\/wp-json\/wp\/v2\/media?parent=32533"}],"wp:term":[{"taxonomy":"category","embeddable":true,"href":"https:\/\/www.studio.eklozia.fr\/bocauxco\/wp-json\/wp\/v2\/categories?post=32533"},{"taxonomy":"post_tag","embeddable":true,"href":"https:\/\/www.studio.eklozia.fr\/bocauxco\/wp-json\/wp\/v2\/tags?post=32533"}],"curies":[{"name":"wp","href":"https:\/\/api.w.org\/{rel}","templated":true}]}}