{"id":32630,"date":"2023-05-11T10:11:05","date_gmt":"2023-05-11T08:11:05","guid":{"rendered":"https:\/\/bocaux-and-co.fr\/?p=32630"},"modified":"2023-05-11T10:11:05","modified_gmt":"2023-05-11T08:11:05","slug":"evenement-marche-de-printemps-100-cote-dor-12-et-13-mai-2023","status":"publish","type":"post","link":"https:\/\/www.studio.eklozia.fr\/bocauxco\/evenement-marche-de-printemps-100-cote-dor-12-et-13-mai-2023\/","title":{"rendered":"[ Ev\u00e9nement ] March\u00e9 de Printemps 100% C\u00f4te d&rsquo;Or &#8211; 12 et 13 mai 2023"},"content":{"rendered":"\n<p><mark style=\"background-color:rgba(0, 0, 0, 0)\" class=\"has-inline-color has-ast-global-color-2-color\"> Bocaux&amp;co<\/mark> tiendra un stand au March\u00e9 de Printemps 100% C\u00f4te d&rsquo;Or (Jardins du D\u00e9partement, 23 Boulevard de la Tr\u00e9mouille, Dijon) les <strong>12 et 13 mai 2023<\/strong>. Nous animerons des ateliers pour les enfants ainsi que <strong>trois<\/strong> ateliers <strong><mark style=\"background-color:rgba(0, 0, 0, 0)\" class=\"has-inline-color has-ast-global-color-1-color\">lactofermentation<\/mark><\/strong> (en partenariat avec le d\u00e9partement de la C\u00f4te d&rsquo;Or).<\/p>\n\n\n\n<p><a href=\"https:\/\/my.weezevent.com\/atelier-bocaux-and-co-marche-de-printemps\" rel=\"nofollow noopener\" target=\"_blank\"><strong><mark style=\"background-color:rgba(0, 0, 0, 0)\" class=\"has-inline-color has-ast-global-color-2-color\">Inscrivez-vous<\/mark><\/strong><\/a> pour participer \u00e0 nos ateliers <strong><mark style=\"background-color:rgba(0, 0, 0, 0)\" class=\"has-inline-color has-ast-global-color-1-color\">lactofermentation <\/mark><\/strong>:<\/p>\n\n\n\n<ul class=\"wp-block-list\">\n<li>12 mai 2023 <mark style=\"background-color:rgba(0, 0, 0, 0)\" class=\"has-inline-color has-ast-global-color-1-color\">11h<\/mark> \u00e0 <mark style=\"background-color:rgba(0, 0, 0, 0)\" class=\"has-inline-color has-ast-global-color-1-color\">12h30<\/mark><\/li>\n\n\n\n<li>13 mai 2023 <mark style=\"background-color:rgba(0, 0, 0, 0)\" class=\"has-inline-color has-ast-global-color-1-color\">10h30<\/mark> \u00e0 <mark style=\"background-color:rgba(0, 0, 0, 0)\" class=\"has-inline-color has-ast-global-color-1-color\">12h<\/mark><\/li>\n\n\n\n<li>13 mai <mark style=\"background-color:rgba(0, 0, 0, 0)\" class=\"has-inline-color has-ast-global-color-1-color\">14h<\/mark> \u00e0 <mark style=\"background-color:rgba(0, 0, 0, 0)\" class=\"has-inline-color has-ast-global-color-1-color\">15h30<\/mark><\/li>\n<\/ul>\n\n\n\n<h5 class=\"wp-block-heading\">La lactofermentation qu&rsquo;est-ce que c&rsquo;est ?<\/h5>\n\n\n\n<p>C&rsquo;est une technique de conservation des aliments, sans alt\u00e9rer leurs go\u00fbts ou leurs qualit\u00e9s nutritionnelles, le tout sans apport d&rsquo;\u00e9nergie ext\u00e9rieure.<\/p>\n\n\n\n<p>On esp\u00e8re vous y retrouver nombreux \ud83d\ude04<\/p>\n\n\n\n<figure class=\"wp-block-image size-large\"><img decoding=\"async\" width=\"1024\" height=\"683\" src=\"https:\/\/www.studio.eklozia.fr\/bocauxco\/wp-content\/uploads\/2023\/05\/marche_de_printemps-inauguration-10-1024x683.jpg\" alt=\"\" class=\"wp-image-32697\" srcset=\"https:\/\/www.studio.eklozia.fr\/bocauxco\/wp-content\/uploads\/2023\/05\/marche_de_printemps-inauguration-10-1024x683.jpg 1024w, https:\/\/www.studio.eklozia.fr\/bocauxco\/wp-content\/uploads\/2023\/05\/marche_de_printemps-inauguration-10-980x653.jpg 980w, https:\/\/www.studio.eklozia.fr\/bocauxco\/wp-content\/uploads\/2023\/05\/marche_de_printemps-inauguration-10-480x320.jpg 480w\" sizes=\"(min-width: 0px) and (max-width: 480px) 480px, (min-width: 481px) and (max-width: 980px) 980px, (min-width: 981px) 1024px, 100vw\" \/><\/figure>\n\n\n\n<p>Image du site https:\/\/www.cotedor.fr\/agenda\/marche-de-printemps-100-cote-dor-0, image\u00a0t\u00e9l\u00e9charg\u00e9e le 11\/05\/2023<\/p>\n\n\n","protected":false},"excerpt":{"rendered":"<p>Bocaux&amp;co tiendra un stand au March\u00e9 de Printemps 100% C\u00f4te d&rsquo;Or (Jardins du D\u00e9partement, 23 Boulevard de la Tr\u00e9mouille, Dijon) les 12 et 13 mai 2023. Nous animerons des ateliers pour les enfants ainsi que trois ateliers lactofermentation (en partenariat avec le d\u00e9partement de la C\u00f4te d&rsquo;Or). Inscrivez-vous pour participer \u00e0 nos ateliers lactofermentation : [&hellip;]<\/p>\n","protected":false},"author":1,"featured_media":32659,"comment_status":"open","ping_status":"open","sticky":false,"template":"","format":"standard","meta":{"_et_pb_use_builder":"","_et_pb_old_content":"","_et_gb_content_width":"","footnotes":""},"categories":[38],"tags":[],"class_list":["post-32630","post","type-post","status-publish","format-standard","has-post-thumbnail","hentry","category-evenements"],"_links":{"self":[{"href":"https:\/\/www.studio.eklozia.fr\/bocauxco\/wp-json\/wp\/v2\/posts\/32630","targetHints":{"allow":["GET"]}}],"collection":[{"href":"https:\/\/www.studio.eklozia.fr\/bocauxco\/wp-json\/wp\/v2\/posts"}],"about":[{"href":"https:\/\/www.studio.eklozia.fr\/bocauxco\/wp-json\/wp\/v2\/types\/post"}],"author":[{"embeddable":true,"href":"https:\/\/www.studio.eklozia.fr\/bocauxco\/wp-json\/wp\/v2\/users\/1"}],"replies":[{"embeddable":true,"href":"https:\/\/www.studio.eklozia.fr\/bocauxco\/wp-json\/wp\/v2\/comments?post=32630"}],"version-history":[{"count":0,"href":"https:\/\/www.studio.eklozia.fr\/bocauxco\/wp-json\/wp\/v2\/posts\/32630\/revisions"}],"wp:featuredmedia":[{"embeddable":true,"href":"https:\/\/www.studio.eklozia.fr\/bocauxco\/wp-json\/wp\/v2\/media\/32659"}],"wp:attachment":[{"href":"https:\/\/www.studio.eklozia.fr\/bocauxco\/wp-json\/wp\/v2\/media?parent=32630"}],"wp:term":[{"taxonomy":"category","embeddable":true,"href":"https:\/\/www.studio.eklozia.fr\/bocauxco\/wp-json\/wp\/v2\/categories?post=32630"},{"taxonomy":"post_tag","embeddable":true,"href":"https:\/\/www.studio.eklozia.fr\/bocauxco\/wp-json\/wp\/v2\/tags?post=32630"}],"curies":[{"name":"wp","href":"https:\/\/api.w.org\/{rel}","templated":true}]}}