{"id":32671,"date":"2023-05-05T15:24:52","date_gmt":"2023-05-05T13:24:52","guid":{"rendered":"https:\/\/bocaux-and-co.fr\/?p=32671"},"modified":"2023-05-05T15:24:52","modified_gmt":"2023-05-05T13:24:52","slug":"infolettre-n16-5-mai-2023","status":"publish","type":"post","link":"https:\/\/www.studio.eklozia.fr\/bocauxco\/infolettre-n16-5-mai-2023\/","title":{"rendered":"Infolettre n\u00b016 &#8211; 5 mai 2023"},"content":{"rendered":"\n<h2 class=\"wp-block-heading is-style-paragraph-special-1\"><strong><strong>\u00c0\u00a0partir du 1<sup>er<\/sup>\u00a0mai\u2026<\/strong><\/strong><\/h2>\n\n\n\n<p>\u2026 une nouvelle exp\u00e9rience est lanc\u00e9e pour optimiser le circuit de r\u00e9emploi\u00a0<strong>:\u00a0<\/strong><mark style=\"background-color:rgba(0, 0, 0, 0)\" class=\"has-inline-color has-ast-global-color-1-color\"><strong>la collecte Bocaux&amp;co \u00e9volue<\/strong>\u00a0<\/mark><\/p>\n\n\n\n<ul class=\"wp-block-list\">\n<li><strong>13 mod\u00e8les cibl\u00e9s<\/strong>&nbsp;= les plus utilis\u00e9s par les professionnels locaux de la conserverie et de la restauration<\/li>\n\n\n\n<li>d\u00e9j\u00e0\u00a0<strong>13 points de collecte \u00e0 Dijon et alentours<\/strong>\u00a0: peut-\u00eatre un (plus) pr\u00e8s de chez vous\u00a0?\u00a0\ud83d\ude09<\/li>\n<\/ul>\n\n\n\n<p>Pour savoir quoi et o\u00f9,<mark style=\"background-color:var(--ast-global-color-1)\" class=\"has-inline-color has-ast-global-color-2-color\">\u00a0<a href=\"https:\/\/bocauxandco.statslive.info\/c\/6095975067\/eyJpdiI6ImFVSkNxNFRoYVJTS29cL0JPaVM5Y3VzQmJXZlU4U21RZVlxeHZuQ09jQytZPSIsInZhbHVlIjoiQzk5cFREWWJwbHcxSHU1eEIrUVRcLzZHU3V1TmJUQW1KZHV6WnlNYStiN0k9IiwibWFjIjoiZjA4ZDdiMzY2MGI0MTIzOTY1YTc0MGJkYzlmNTgwZDk5MjlmNTc0OTE0YjdkMDE3ZDhlMWY4NWNiNWZmNTM1YyJ9\" target=\"_blank\" rel=\"noreferrer noopener nofollow\">c\u2019est ici<\/a><\/mark><\/p>\n\n\n\n<p>N\u2019h\u00e9sitez pas \u00e0 partager l\u2019info, merci \ud83d\ude04<\/p>\n\n\n\n<p>\u2026 en mai, c\u2019est le d\u00e9but d\u2019un beau\u00a0<strong><mark style=\"background-color:rgba(0, 0, 0, 0)\" class=\"has-inline-color has-ast-global-color-1-color\">programme d\u2019ateliers Bocaux&amp;co<\/mark><\/strong>\u00a0sur la lactofermentation, pour en apprendre les bases et les usages en cuisine :<\/p>\n\n\n\n<ul class=\"wp-block-list\">\n<li><strong>5 ateliers Dijon M\u00e9tropole<\/strong>\u00a0: le premier a lieu le 6 mai au March\u00e9 de plants \u00e0 la MJC-CS des Bourroches\u00a0<a href=\"https:\/\/bocauxandco.statslive.info\/c\/6095975068\/eyJpdiI6ImNxeitIaCswaXNcL1NHSEdxWU82QlU1YmRvS1BJT1BnRmNNS25zdEpRUkhvPSIsInZhbHVlIjoiOE5nOEp2QUFmM2pOQlNvTzZYbGZRVEQ5Z1BBR3p5NW1JWmpxK0twU20wZz0iLCJtYWMiOiJjMThhMjI0YjYwMTFjN2U0NGY2ODQ5N2UzNmRjMDdkNzZiZTU2YmIyZjlhNzk5YzUxNjI0ZTk3NWI3MmRjNDM2In0=\" target=\"_blank\" rel=\"noreferrer noopener nofollow\"><mark style=\"background-color:var(--ast-global-color-1)\" class=\"has-inline-color\">inscriptions<\/mark><\/a><\/li>\n\n\n\n<li><strong>3 ateliers au March\u00e9 de printemps du D\u00e9partement de C\u00f4te d\u2019Or<\/strong>\u00a0les 12 et 13 mai,\u00a0<a href=\"https:\/\/bocauxandco.statslive.info\/c\/6095975069\/eyJpdiI6ImZzY3BycFd2d1l4M2dRQWJVNXI4cHVDSkRjdGNNdkIrXC92cHNyZDlWdWVNPSIsInZhbHVlIjoiMHF6VnFSUFVWSlUydk91V3RiZHdKNDdKV2ZTajE0RTlQMXN0ZUVWaXhmVT0iLCJtYWMiOiJkNDljZGFjOTc4NThjNTYwZmM2M2YxOWFjYTg1MmY4YzA4YTY2MzM1MjA0ZTY0MzY2NGVlY2U1ZWJmZTRjZDQ0In0=\" target=\"_blank\" rel=\"noreferrer noopener nofollow\"><mark style=\"background-color:var(--ast-global-color-1)\" class=\"has-inline-color\">inscriptions<\/mark><\/a><\/li>\n<\/ul>\n\n\n\n<p>\u2026 en mai-juin, c\u2019est aussi un beau programme d\u2019<strong><mark style=\"background-color:rgba(0, 0, 0, 0)\" class=\"has-inline-color has-ast-global-color-1-color\">\u00e9v\u00e9nements<\/mark><\/strong>\u00a0auxquels Bocaux&amp;co participe, pour parler du r\u00e9emploi de contenants en verre :<\/p>\n\n\n\n<ul class=\"wp-block-list\">\n<li><strong>6 mai<\/strong>\u00a0:\u00a0<a href=\"https:\/\/bocauxandco.statslive.info\/c\/6095975070\/eyJpdiI6IlVQWElGYW1KV2VMbGxrQUR1dzZ5ZE0yWlg0UXlPZkRpaldyVFVtUXZRZVU9IiwidmFsdWUiOiJJMlpRd1lnTFJ0NjNUenZqYnlLNVlybzAzbmFkNFBQKzdKdzJSelwvaDBlQT0iLCJtYWMiOiI4N2JkNDAyNGZlZGY3MTRjODIwMjcyZTBkZjJkZTk5N2Q3MDU2M2I1YTNlOTIzOTcwZjU1MmU4YzkwODZiZDBmIn0=\" target=\"_blank\" rel=\"noreferrer noopener nofollow\"><mark style=\"background-color:rgba(0, 0, 0, 0)\" class=\"has-inline-color has-ast-global-color-1-color\">March\u00e9 de plants<\/mark><\/a>\u00a0\u00e0 la MJC-CS des Bourroches, \u00e9changes autour du point de collecte et 1 atelier<\/li>\n\n\n\n<li><strong>12 et 13 mai<\/strong>\u00a0:\u00a0<a href=\"https:\/\/bocauxandco.statslive.info\/c\/6095975071\/eyJpdiI6ImNNUlhiQWNTSU1NcEZ0bjlsVGljN3daTXdxSThoc3ZCVXJKdGtabDNyUWs9IiwidmFsdWUiOiJLa3FwcjgxZ0FralVcL1FFU2FsNURWNGxPT2o2YnY1aWFPV2pQV2didXBDUT0iLCJtYWMiOiJmY2RkZWE2NDdiY2Q1NDllNmVjODliNjMyOTQ1ZjNhZTgzYTk2YWQwZTkxZTRiYWQxMjcxNDBjM2FhY2UyN2YwIn0=\" target=\"_blank\" rel=\"noreferrer noopener nofollow\"><mark style=\"background-color:rgba(0, 0, 0, 0)\" class=\"has-inline-color has-ast-global-color-1-color\">March\u00e9 de printemps<\/mark><\/a>\u00a0du D\u00e9partement de C\u00f4te d\u2019Or, \u00e9changes sur le r\u00e9emploi et la d\u00e9marche Bocaux&amp;co et 3 ateliers<\/li>\n\n\n\n<li><strong>3 et 4 juin\u00a0<\/strong>:\u00a0<a href=\"https:\/\/bocauxandco.statslive.info\/c\/6095975072\/eyJpdiI6IjNTd3JPR2ZcLzNEKzJwenlxbGYwSzVlY3JNVVBpNUZ4YitOcWZnQnBuWGswPSIsInZhbHVlIjoiMGE0U1F0Wmd4TGtCRUw2ZFFnNUhIV05KZHYwWUk2UGhrMW8wYVQwWkVQZz0iLCJtYWMiOiIwMTAzMTA3ZjExM2E1ZTZjZWVmY2M1YmJkY2M1MjA1YjEwYWNkNDUwZWZmZWRlZmRkNjdjMjFmZjgzYTI4MmQ4In0=\" target=\"_blank\" rel=\"noreferrer noopener nofollow\"><mark style=\"background-color:rgba(0, 0, 0, 0)\" class=\"has-inline-color has-ast-global-color-1-color\">F\u00eate du port du canal<\/mark>\u00a0<\/a>\u00e0 Dijon, un marathon de \u00ab\u00a0d\u00e9shabillage\u00a0\u00bb de bocaux, pr\u00e9texte \u00e0 mettre les mains dans l\u2019eau et parler de r\u00e9emploi<\/li>\n\n\n\n<li><strong>9, 10 et 11 juin<\/strong>\u00a0:\u00a0<a href=\"https:\/\/bocauxandco.statslive.info\/c\/6095975073\/eyJpdiI6IlNLY1NrOXpFV3RjbnFyQVdtZUlHcjVvOGdTajFLeFwvUERcL2dCYURcL3FpSGM9IiwidmFsdWUiOiJUR3ZwaEhmNjhLbnpFSnloUzB4ZUxNWTlsS2FGbGE0RFpGUVBVTThocmJRPSIsIm1hYyI6ImIyZTA5YmNhN2YxOTk2NDA2MjM5YzAxM2U4NWUyNTZlMThmYjVhNDU0MzAxY2Q0YjNlYjkyMWQ5YmM2YjEwYTUifQ==\" target=\"_blank\" rel=\"noreferrer noopener nofollow\"><mark style=\"background-color:rgba(0, 0, 0, 0)\" class=\"has-inline-color has-ast-global-color-1-color\">VYV festival<\/mark>,<\/a>\u00a0partage de stand et d\u2019id\u00e9es avec Imagin\u00e9on, \u00e9changes sur le r\u00e9emploi du verre et du textile<\/li>\n<\/ul>\n\n\n\n<figure class=\"wp-block-image size-large\"><img decoding=\"async\" width=\"1024\" height=\"184\" src=\"https:\/\/www.studio.eklozia.fr\/bocauxco\/wp-content\/uploads\/2023\/05\/img2_infolettre-1024x184.png\" alt=\"\" class=\"wp-image-32674\" srcset=\"https:\/\/www.studio.eklozia.fr\/bocauxco\/wp-content\/uploads\/2023\/05\/img2_infolettre-980x176.png 980w, https:\/\/www.studio.eklozia.fr\/bocauxco\/wp-content\/uploads\/2023\/05\/img2_infolettre-480x86.png 480w\" sizes=\"(min-width: 0px) and (max-width: 480px) 480px, (min-width: 481px) and (max-width: 980px) 980px, (min-width: 981px) 1024px, 100vw\" \/><\/figure>\n\n\n\n<p>\u2026\u00a0<strong><mark style=\"background-color:rgba(0, 0, 0, 0)\" class=\"has-inline-color has-ast-global-color-1-color\">et le circuit de r\u00e9emploi continue\u00a0!<\/mark><\/strong>\u00a0Bocaux&amp;co continue \u00e0 organiser la collecte, les transports, le tri, la gestion de stock, \u00e0 d\u00e9shabiller (le moins possible\u00a0\ud83d\ude09, laver, v\u00e9rifier, conditionner, valoriser \u00e0 sa juste valeur (partag\u00e9e avec les professionnels et citoyens).<\/p>\n\n\n\n<p><strong>Au 30 avril 2023, Bocaux&amp;co totalise\u00a0:<\/strong><\/p>\n\n\n\n<ul class=\"wp-block-list\">\n<li>59 306 bocaux collect\u00e9s = 13,241 tonnes<\/li>\n\n\n\n<li>21 437 bocaux valoris\u00e9s =\u00a0 3,895 tonnes \ud83d\ude04<\/li>\n<\/ul>\n\n\n\n<h2 class=\"wp-block-heading\"><strong><strong><strong>Au fait, Bocaux&amp;co, c&rsquo;est qui ?<\/strong><\/strong><\/strong><\/h2>\n\n\n\n<p>Aujourd\u2019hui, Bocaux&amp;co, c\u2019est une \u00e9quipe de\u00a0<strong><mark style=\"background-color:rgba(0, 0, 0, 0)\" class=\"has-inline-color has-ast-global-color-1-color\">4 professionnelles<\/mark><\/strong>\u00a0qui m\u00e8nent de front le circuit de r\u00e9emploi et le d\u00e9veloppement du projet.<\/p>\n\n\n\n<p>Vous connaissez sans doute les 2 co-porteuses de Bocaux&amp;co depuis l\u2019origine (mars 2021 : incroyable\u2026 \ud83d\ude04) : Nadeige et Catherine, tr\u00e8s heureuses de voir l\u2019\u00e9quipe grossir (le r\u00e9emploi, c\u2019est pas ce qu\u2019on croit\u00a0\ud83d\ude42).<\/p>\n\n\n\n<p>Depuis f\u00e9vrier, Marion a rejoint le duo : en\u00a0<a href=\"https:\/\/bocauxandco.statslive.info\/c\/6095975074\/eyJpdiI6IlVSVGZVTDhJbTE2WjVMYXlkM1JWT3pGN3FVY2VmeVFHeklraHpsSjBQeDg9IiwidmFsdWUiOiJBM3VGYUpYM0h3XC9SWWhpMFI5dlpmdVk3ZThtNHdHdUhHNjUyNm0xd0E5bz0iLCJtYWMiOiI2ZTM1YzBjMjlhNjBhZmZjYmZlZGVkODZmMjg2OGY1ODk0YjczMzUyMTMxY2NmM2Y0ZjM2NTNiYTRmNTJhMDk5In0=\" target=\"_blank\" rel=\"noreferrer noopener nofollow\"><mark style=\"background-color:rgba(0, 0, 0, 0)\" class=\"has-inline-color has-ast-global-color-1-color\">Master MASCI<\/mark><\/a>, elle \u00e9quipe le projet d\u2019outils, de visuels (vous avez sans doute remarqu\u00e9 que Bocaux&amp;co communique beaucoup plus et mieux depuis quelques temps, merci Marion\u00a0\ud83d\ude09<\/p>\n\n\n\n<p>Depuis mi-avril, Marie-Charlotte embarque dans l\u2019\u00e9quipe : elle prend ses marques et va notamment contribuer \u00e0 la valorisation du r\u00e9emploi via la consigne et la vente (bienvenue dans l\u2019aventure\u00a0\ud83d\ude04).<\/p>\n\n\n\n<p>Et puis Bocaux&amp;co, c\u2019est aussi un<mark style=\"background-color:rgba(0, 0, 0, 0)\" class=\"has-inline-color has-ast-global-color-1-color\">\u00a0<strong>cercle chaleureux et enthousiaste<\/strong>\u00a0<\/mark>: le Conseil d\u2019administration, attentif et encourageant\u00a0; les b\u00e9n\u00e9voles qui trient, lavent, conditionnent, accueillent, informent\u2026\u00a0; les conserveurs et les restaurateurs qui osent le r\u00e9emploi avec Bocaux&amp;co\u00a0; les personnes qui incarnent nos partenaires financiers qui contribuent aux changements collectif\u2026<\/p>\n\n\n\n<p>Bref, Bocaux&amp;co, c\u2019est un bel \u00e9cosyst\u00e8me humain\u00a0\ud83e\udd29<\/p>\n\n\n\n<figure class=\"wp-block-image size-large\"><img decoding=\"async\" width=\"1024\" height=\"309\" src=\"https:\/\/www.studio.eklozia.fr\/bocauxco\/wp-content\/uploads\/2023\/05\/img3_infolettre-1024x309.png\" alt=\"\" class=\"wp-image-32675\" srcset=\"https:\/\/www.studio.eklozia.fr\/bocauxco\/wp-content\/uploads\/2023\/05\/img3_infolettre-980x296.png 980w, https:\/\/www.studio.eklozia.fr\/bocauxco\/wp-content\/uploads\/2023\/05\/img3_infolettre-480x145.png 480w\" sizes=\"(min-width: 0px) and (max-width: 480px) 480px, (min-width: 481px) and (max-width: 980px) 980px, (min-width: 981px) 1024px, 100vw\" \/><\/figure>\n\n\n\n\n","protected":false},"excerpt":{"rendered":"<p>Notre infolettre de d\u00e9cembre l\u2019annon\u00e7ait : l\u2019enjeu de 2023 est la p\u00e9rennit\u00e9 du projet, li\u00e9e au d\u00e9veloppement \u00e0 plus grande \u00e9chelle sur la m\u00e9tropole dijonnaise et \u00e0 la d\u00e9finition d\u2019un mod\u00e8le \u00e9conomique durable.<\/p>\n<p>Aussi, ce d\u00e9but d\u2019ann\u00e9e a \u00e9t\u00e9 mis \u00e0 profit pour\u00a0renforcer l\u2019organisation et les outils de travail de bocaux&#038;co, dans une optique de professionnalisation accrue\u00a0: strat\u00e9gie, gestion financi\u00e8re, organisation salari\u00e9s\/b\u00e9n\u00e9voles\u2026<\/p>\n","protected":false},"author":1,"featured_media":32677,"comment_status":"closed","ping_status":"open","sticky":false,"template":"","format":"standard","meta":{"_et_pb_use_builder":"on","_et_pb_old_content":"","_et_gb_content_width":"","footnotes":""},"categories":[36],"tags":[],"class_list":["post-32671","post","type-post","status-publish","format-standard","has-post-thumbnail","hentry","category-infolettre"],"_links":{"self":[{"href":"https:\/\/www.studio.eklozia.fr\/bocauxco\/wp-json\/wp\/v2\/posts\/32671","targetHints":{"allow":["GET"]}}],"collection":[{"href":"https:\/\/www.studio.eklozia.fr\/bocauxco\/wp-json\/wp\/v2\/posts"}],"about":[{"href":"https:\/\/www.studio.eklozia.fr\/bocauxco\/wp-json\/wp\/v2\/types\/post"}],"author":[{"embeddable":true,"href":"https:\/\/www.studio.eklozia.fr\/bocauxco\/wp-json\/wp\/v2\/users\/1"}],"replies":[{"embeddable":true,"href":"https:\/\/www.studio.eklozia.fr\/bocauxco\/wp-json\/wp\/v2\/comments?post=32671"}],"version-history":[{"count":0,"href":"https:\/\/www.studio.eklozia.fr\/bocauxco\/wp-json\/wp\/v2\/posts\/32671\/revisions"}],"wp:featuredmedia":[{"embeddable":true,"href":"https:\/\/www.studio.eklozia.fr\/bocauxco\/wp-json\/wp\/v2\/media\/32677"}],"wp:attachment":[{"href":"https:\/\/www.studio.eklozia.fr\/bocauxco\/wp-json\/wp\/v2\/media?parent=32671"}],"wp:term":[{"taxonomy":"category","embeddable":true,"href":"https:\/\/www.studio.eklozia.fr\/bocauxco\/wp-json\/wp\/v2\/categories?post=32671"},{"taxonomy":"post_tag","embeddable":true,"href":"https:\/\/www.studio.eklozia.fr\/bocauxco\/wp-json\/wp\/v2\/tags?post=32671"}],"curies":[{"name":"wp","href":"https:\/\/api.w.org\/{rel}","templated":true}]}}