{"id":32686,"date":"2023-05-09T12:55:29","date_gmt":"2023-05-09T10:55:29","guid":{"rendered":"https:\/\/bocaux-and-co.fr\/?p=32686"},"modified":"2023-05-09T12:55:29","modified_gmt":"2023-05-09T10:55:29","slug":"article-telerama-mai-2023","status":"publish","type":"post","link":"https:\/\/www.studio.eklozia.fr\/bocauxco\/article-telerama-mai-2023\/","title":{"rendered":"[ article ] T\u00e9l\u00e9rama &#8211; mai 2023"},"content":{"rendered":"\n<p>L&rsquo;initiative de consigne<mark style=\"background-color:rgba(0, 0, 0, 0)\" class=\"has-inline-color has-ast-global-color-2-color\"><strong> [ramenez-moi]<\/strong> <\/mark>par bocaux&amp;co est mentionn\u00e9e dans <strong>T\u00e9l\u00e9rama<\/strong> de mai 2023 ! <\/p>\n\n\n\n<p>Dans cet article, T\u00e9l\u00e9rama met en lumi\u00e8re quelques initiatives de la consigne en France adh\u00e9rentes au<mark style=\"background-color:rgba(0, 0, 0, 0)\" class=\"has-inline-color has-ast-global-color-2-color\"> collectif IMPEC<\/mark> : regroupement d\u2019acteurs dont l\u2019objectif est de promouvoir et d\u00e9velopper le r\u00e9emploi afin de faciliter le passage vers le z\u00e9ro d\u00e9chet.<\/p>\n\n\n\n<p><strong>Ensemble<\/strong>, nous pouvons modifier nos habitudes et laisser les emballages en plastique de c\u00f4t\u00e9 dans la restauration \u00e0 emporter\/livr\u00e9e !<\/p>\n\n\n\n<p>Un grand merci \u00e0 tous les projets de consigne en France d&rsquo;initier le mouvement \ud83e\udd70<\/p>\n\n\n\n<figure class=\"wp-block-image size-full\"><img decoding=\"async\" width=\"480\" height=\"259\" src=\"https:\/\/www.studio.eklozia.fr\/bocauxco\/wp-content\/uploads\/2023\/05\/20230506_084537-1.jpeg\" alt=\"\" class=\"wp-image-32690\" srcset=\"https:\/\/www.studio.eklozia.fr\/bocauxco\/wp-content\/uploads\/2023\/05\/20230506_084537-1.jpeg 480w, https:\/\/www.studio.eklozia.fr\/bocauxco\/wp-content\/uploads\/2023\/05\/20230506_084537-1-300x162.jpeg 300w\" sizes=\"(max-width: 480px) 100vw, 480px\" \/><\/figure>\n\n\n\n<p><\/p>\n\n\n","protected":false},"excerpt":{"rendered":"<p>L&rsquo;initiative de consigne [ramenez-moi] par bocaux&#038;co est mentionn\u00e9e dans T\u00e9l\u00e9rama de mai 2023 ! <\/p>\n","protected":false},"author":1,"featured_media":32703,"comment_status":"open","ping_status":"open","sticky":false,"template":"","format":"standard","meta":{"_et_pb_use_builder":"","_et_pb_old_content":"","_et_gb_content_width":"","footnotes":""},"categories":[37],"tags":[],"class_list":["post-32686","post","type-post","status-publish","format-standard","has-post-thumbnail","hentry","category-medias"],"_links":{"self":[{"href":"https:\/\/www.studio.eklozia.fr\/bocauxco\/wp-json\/wp\/v2\/posts\/32686","targetHints":{"allow":["GET"]}}],"collection":[{"href":"https:\/\/www.studio.eklozia.fr\/bocauxco\/wp-json\/wp\/v2\/posts"}],"about":[{"href":"https:\/\/www.studio.eklozia.fr\/bocauxco\/wp-json\/wp\/v2\/types\/post"}],"author":[{"embeddable":true,"href":"https:\/\/www.studio.eklozia.fr\/bocauxco\/wp-json\/wp\/v2\/users\/1"}],"replies":[{"embeddable":true,"href":"https:\/\/www.studio.eklozia.fr\/bocauxco\/wp-json\/wp\/v2\/comments?post=32686"}],"version-history":[{"count":0,"href":"https:\/\/www.studio.eklozia.fr\/bocauxco\/wp-json\/wp\/v2\/posts\/32686\/revisions"}],"wp:featuredmedia":[{"embeddable":true,"href":"https:\/\/www.studio.eklozia.fr\/bocauxco\/wp-json\/wp\/v2\/media\/32703"}],"wp:attachment":[{"href":"https:\/\/www.studio.eklozia.fr\/bocauxco\/wp-json\/wp\/v2\/media?parent=32686"}],"wp:term":[{"taxonomy":"category","embeddable":true,"href":"https:\/\/www.studio.eklozia.fr\/bocauxco\/wp-json\/wp\/v2\/categories?post=32686"},{"taxonomy":"post_tag","embeddable":true,"href":"https:\/\/www.studio.eklozia.fr\/bocauxco\/wp-json\/wp\/v2\/tags?post=32686"}],"curies":[{"name":"wp","href":"https:\/\/api.w.org\/{rel}","templated":true}]}}