{"id":32844,"date":"2023-06-06T13:37:51","date_gmt":"2023-06-06T11:37:51","guid":{"rendered":"https:\/\/bocaux-and-co.fr\/?p=32844"},"modified":"2023-06-06T13:37:51","modified_gmt":"2023-06-06T11:37:51","slug":"radio-france-bleu-les-circuits-courts-en-cote-dor-5-juin-2023","status":"publish","type":"post","link":"https:\/\/www.studio.eklozia.fr\/bocauxco\/radio-france-bleu-les-circuits-courts-en-cote-dor-5-juin-2023\/","title":{"rendered":"[ radio ] France bleu, \u00ab\u00a0Les circuits courts en C\u00f4te-d&rsquo;Or\u00a0\u00bb &#8211; 5 juin 2023"},"content":{"rendered":"\n<p>Bocaux&amp;co a pris la parole sur <mark style=\"background-color:rgba(0, 0, 0, 0)\" class=\"has-inline-color has-ast-global-color-1-color\">France Bleu Bourgogne<\/mark> \u00ab\u00a0<strong>Les circuits courts en C\u00f4te-d&rsquo;Or<\/strong> \u00bb.<\/p>\n\n\n\n<p>L&rsquo;\u00e9mission du 5 juin 2023 \u00ab Bocaux &amp; co &#8211; \u00c9conomie circulaire pour le r\u00e9emploi des bocaux \u00e0 Dijon \u00bb, parle r\u00e9emploi&#8230; et plus particuli\u00e8rement de la collecte des <a href=\"https:\/\/bocaux-and-co.fr\/collecte\/\" target=\"_blank\" rel=\"noreferrer noopener nofollow\">13 mod\u00e8les<\/a> de bocaux dans les <a href=\"http:\/\/umap.openstreetmap.fr\/fr\/map\/points-de-collecte-bocauxco_900451#10\/47.2415\/5.1389\" target=\"_blank\" rel=\"noreferrer noopener nofollow\">points de collecte<\/a> Bocaux&amp;co.  <\/p>\n\n\n\n<p>Retrouvez l&rsquo;\u00e9mission <a href=\"https:\/\/www.francebleu.fr\/emissions\/les-circuits-courts-en-cote-d-or\/bocaux-co-economie-circulaire-pour-le-reemploi-des-bocaux-a-dijon-2163057\" target=\"_blank\" rel=\"noreferrer noopener nofollow\">ici <\/a>!<\/p>\n\n\n\n<figure class=\"wp-block-image size-full\"><img decoding=\"async\" width=\"600\" height=\"434\" src=\"https:\/\/www.studio.eklozia.fr\/bocauxco\/wp-content\/uploads\/2023\/06\/bocaux_collecte.webp\" alt=\"Pr\u00e9sentoir de la s\u00e9lection de bocaux collect\u00e9s.\" class=\"wp-image-33215\" srcset=\"https:\/\/www.studio.eklozia.fr\/bocauxco\/wp-content\/uploads\/2023\/06\/bocaux_collecte.webp 600w, https:\/\/www.studio.eklozia.fr\/bocauxco\/wp-content\/uploads\/2023\/06\/bocaux_collecte-480x347.webp 480w\" sizes=\"(min-width: 0px) and (max-width: 480px) 480px, (min-width: 481px) 600px, 100vw\" \/><\/figure>\n\n\n","protected":false},"excerpt":{"rendered":"<p>Bocaux&#038;co a pris la parole sur France Bleu Bourgogne \u00ab La Bourgogne s&rsquo;engage \u00bb.<\/p>\n","protected":false},"author":1,"featured_media":32714,"comment_status":"open","ping_status":"open","sticky":false,"template":"","format":"standard","meta":{"_et_pb_use_builder":"","_et_pb_old_content":"","_et_gb_content_width":"","footnotes":""},"categories":[37],"tags":[],"class_list":["post-32844","post","type-post","status-publish","format-standard","has-post-thumbnail","hentry","category-medias"],"_links":{"self":[{"href":"https:\/\/www.studio.eklozia.fr\/bocauxco\/wp-json\/wp\/v2\/posts\/32844","targetHints":{"allow":["GET"]}}],"collection":[{"href":"https:\/\/www.studio.eklozia.fr\/bocauxco\/wp-json\/wp\/v2\/posts"}],"about":[{"href":"https:\/\/www.studio.eklozia.fr\/bocauxco\/wp-json\/wp\/v2\/types\/post"}],"author":[{"embeddable":true,"href":"https:\/\/www.studio.eklozia.fr\/bocauxco\/wp-json\/wp\/v2\/users\/1"}],"replies":[{"embeddable":true,"href":"https:\/\/www.studio.eklozia.fr\/bocauxco\/wp-json\/wp\/v2\/comments?post=32844"}],"version-history":[{"count":0,"href":"https:\/\/www.studio.eklozia.fr\/bocauxco\/wp-json\/wp\/v2\/posts\/32844\/revisions"}],"wp:featuredmedia":[{"embeddable":true,"href":"https:\/\/www.studio.eklozia.fr\/bocauxco\/wp-json\/wp\/v2\/media\/32714"}],"wp:attachment":[{"href":"https:\/\/www.studio.eklozia.fr\/bocauxco\/wp-json\/wp\/v2\/media?parent=32844"}],"wp:term":[{"taxonomy":"category","embeddable":true,"href":"https:\/\/www.studio.eklozia.fr\/bocauxco\/wp-json\/wp\/v2\/categories?post=32844"},{"taxonomy":"post_tag","embeddable":true,"href":"https:\/\/www.studio.eklozia.fr\/bocauxco\/wp-json\/wp\/v2\/tags?post=32844"}],"curies":[{"name":"wp","href":"https:\/\/api.w.org\/{rel}","templated":true}]}}